{"id":77962,"date":"2018-04-30T00:16:30","date_gmt":"2018-04-30T03:16:30","guid":{"rendered":"http:\/\/www.elsindical.com.ar\/notas\/?p=77962"},"modified":"2018-04-30T00:16:30","modified_gmt":"2018-04-30T03:16:30","slug":"efemerides-del-dia-30-de-abril-4","status":"publish","type":"post","link":"https:\/\/www.elsindical.com.ar\/notas\/efemerides-del-dia-30-de-abril-4\/","title":{"rendered":"EFEM\u00c9RIDES: DEL D\u00cdA 30 DE ABRIL"},"content":{"rendered":"<p>\u2013 D\u00eda Internacional del Jazz<\/p>\n<p>1492 \u2013 Los Reyes Cat\u00f3licos expiden a favor de Col\u00f3n los t\u00edtulos de almirante, virrey y gobernador de las tierras que descubriese.<\/p>\n<p>1531 \u2013 El portugu\u00e9s Mart\u00edn Alonso de Souza desembarca en el lugar donde, m\u00e1s tarde, se alzar\u00eda R\u00edo de Janeiro.<\/p>\n<p>1777 \u2013 Nace Carl Friedrich Gauss, matem\u00e1tico alem\u00e1n, uno de los m\u00e1s grandes de todos los tiempos.<\/p>\n<p>1789 \u2013 George Washington asume como primer presidente de los Estados Unidos.<\/p>\n<p>1803 \u2013 Los Estados Unidos le compran a Francia el estado de Louisiana.<\/p>\n<p>1821 \u2013 Los ind\u00edgenas del sur de la provincia de Buenos Aires atacan y saquean Dolores.<\/p>\n<p>1838 \u2013 Independencia de Nicaragua.<\/p>\n<p>1870 \u2013 Nace el compositor h\u00fangaro Franz Lehar.<\/p>\n<p>1874 \u2013 En Lobos, provincia de Buenos Aires, el sargento V\u00edctor Chirino mata al gaucho Juan Moreira.<\/p>\n<p>1883 \u2013 Muere en Par\u00eds, el pintor franc\u00e9s Edouard Manet.<\/p>\n<p>1888 \u2013 Nace en Como, Italia, Antonio Sant\u2019Elia, arquitecto futurista cuya obra ejerci\u00f3 una influencia importante en la evoluci\u00f3n de la arquitectura moderna.<\/p>\n<p>1896 \u2013 El Senado argentino celebra su primera sesi\u00f3n en el edificio especialmente construido para dicha instituci\u00f3n.<\/p>\n<p>1897 \u2013 El f\u00edsico brit\u00e1nico Joseph John Thompson anuncia el descubrimiento del electr\u00f3n, part\u00edcula elemental del \u00e1tomo.<\/p>\n<p>1909 \u2013 Nace Juliana de Holanda.<\/p>\n<p>1912 \u2013 Nace la actriz estadounidense Eve Arden.<\/p>\n<p>1922 \u2013 Nace Mart\u00edn Karadagi\u00e1n, campe\u00f3n de catch, creador de \u201cTitanes en el ring\u201d.<\/p>\n<p>1938 \u2013 Nace Bugs Bunny.<\/p>\n<p>1939 \u2013 Estados Unidos: se inician las emisiones televisivas con programaci\u00f3n.<\/p>\n<p>1939 \u2013 Se inaugura la feria Mundial de New York.<\/p>\n<p>1941 \u2013 Muere Edwin Porter, uno de los pioneros de cine.<\/p>\n<p>1945 \u2013 Adolf Hitler se suicida en su bunker de Berl\u00edn junto a su esposa Eva Braun.<\/p>\n<p>1946 \u2013 Nace Carlos XVI Gustavo de Suecia.<\/p>\n<p>1948 \u2013 21 naciones fundan la OEA, Organizaci\u00f3n de Estados Americanos.<\/p>\n<p>1949 \u2013 Se inaugura el aeropuerto Ministro Pistarini, en Ezeiza.<\/p>\n<p>1975 \u2013 Los norvietnamitas toman Saig\u00f3n, con lo que termina la guerra de Vietnam, tras diez a\u00f1os de intervenci\u00f3n estadounidense.<\/p>\n<p>1977 \u2013 Primera marcha de las Madres de Plaza de Mayo.<\/p>\n<p>1980 \u2013 La Reina Beatriz asciende al trono de Holanda.<\/p>\n<p>1982 \u2013 Se crea el grupo de rock Los Twist.<\/p>\n<p>1983 \u2013 Muere George Balanchine, core\u00f3grafo de origen ruso, nacionalizado estadounidense.<\/p>\n<p>1993 \u2013 La tenista M\u00f3nica Seles es apu\u00f1alada por la espalda cuando disputaba el Abierto de Hamburgo. Tras recuperarse de las heridas, las secuelas psicol\u00f3gicas la mantuvieron inactiva hasta 1995.<\/p>\n<p>1994 \u2013 Emboscada de barrabravas de Boca: dos hinchas de River mueren baleados luego de un partido.<\/p>\n<p>1998 \u2013 La polic\u00eda detiene al croata Dinko Sakic en la provincia de Buenos Aires. Estuvo frente del campo de concentraci\u00f3n de Jasenovac, durante la Segunda Guerra Mundial.<\/p>\n<p>1998 \u2013 Muere el artista pl\u00e1stico Kenneth Kemble.<\/p>\n<p>2004 \u2013 En el Reino Unido, la cadena CBS emite fotograf\u00edas que reflejan torturas y vejaciones a presos iraqu\u00edes cometidas por soldados estadounidenses.<\/p>\n<p>2006 \u2013 Muere Elsa Berenguer, actriz argentina.<\/p>\n<p>2008 \u2013 Muere La Raulito, personalidad popular argentina.<\/p>\n<p>2011 \u2013 Muere Ernesto Sabato, escritor, ensayista, f\u00edsico y pintor argentino.<\/p>\n<p>2011 \u2013 Muere T\u00eda Valentina, periodista argentina.<\/p>\n<p>2012 \u2013 Muere George Murdock, actor estadounidense.<\/p>\n<p>2013 \u2013 En la corona de los Pa\u00edses Bajos abdica la reina Beatriz y le sucede su hijo Guillermo Alejandro.<\/p>\n<p>2015 \u2013 Muere Ben E. King, cantante de soul estadounidense<\/p>\n","protected":false},"excerpt":{"rendered":"<p>\u2013 D\u00eda Internacional del Jazz 1492 \u2013 Los Reyes Cat\u00f3licos expiden a favor de Col\u00f3n los t\u00edtulos de almirante, virrey y gobernador de las tierras que descubriese. 1531 \u2013 El portugu\u00e9s Mart\u00edn Alonso de Souza desembarca en el lugar donde, m\u00e1s tarde, se alzar\u00eda R\u00edo de Janeiro. 1777 \u2013 Nace Carl Friedrich Gauss, matem\u00e1tico alem\u00e1n,&hellip;<\/p>\n","protected":false},"author":1,"featured_media":0,"comment_status":"open","ping_status":"open","sticky":false,"template":"","format":"standard","meta":{"footnotes":""},"categories":[14],"tags":[],"class_list":["post-77962","post","type-post","status-publish","format-standard","hentry","category-efemerides"],"_links":{"self":[{"href":"https:\/\/www.elsindical.com.ar\/notas\/wp-json\/wp\/v2\/posts\/77962","targetHints":{"allow":["GET"]}}],"collection":[{"href":"https:\/\/www.elsindical.com.ar\/notas\/wp-json\/wp\/v2\/posts"}],"about":[{"href":"https:\/\/www.elsindical.com.ar\/notas\/wp-json\/wp\/v2\/types\/post"}],"author":[{"embeddable":true,"href":"https:\/\/www.elsindical.com.ar\/notas\/wp-json\/wp\/v2\/users\/1"}],"replies":[{"embeddable":true,"href":"https:\/\/www.elsindical.com.ar\/notas\/wp-json\/wp\/v2\/comments?post=77962"}],"version-history":[{"count":1,"href":"https:\/\/www.elsindical.com.ar\/notas\/wp-json\/wp\/v2\/posts\/77962\/revisions"}],"predecessor-version":[{"id":77963,"href":"https:\/\/www.elsindical.com.ar\/notas\/wp-json\/wp\/v2\/posts\/77962\/revisions\/77963"}],"wp:attachment":[{"href":"https:\/\/www.elsindical.com.ar\/notas\/wp-json\/wp\/v2\/media?parent=77962"}],"wp:term":[{"taxonomy":"category","embeddable":true,"href":"https:\/\/www.elsindical.com.ar\/notas\/wp-json\/wp\/v2\/categories?post=77962"},{"taxonomy":"post_tag","embeddable":true,"href":"https:\/\/www.elsindical.com.ar\/notas\/wp-json\/wp\/v2\/tags?post=77962"}],"curies":[{"name":"wp","href":"https:\/\/api.w.org\/{rel}","templated":true}]}}