{"id":77959,"date":"2018-04-29T22:13:10","date_gmt":"2018-04-30T01:13:10","guid":{"rendered":"http:\/\/www.elsindical.com.ar\/notas\/?p=77959"},"modified":"2018-04-29T22:13:10","modified_gmt":"2018-04-30T01:13:10","slug":"vicente-lopez-la-maternidad-santa-rosa-bajo-el-agua","status":"publish","type":"post","link":"https:\/\/www.elsindical.com.ar\/notas\/vicente-lopez-la-maternidad-santa-rosa-bajo-el-agua\/","title":{"rendered":"Vicente L\u00f3pez la maternidad Santa Rosa bajo el agua"},"content":{"rendered":"<div dir=\"auto\"><b> <a href=\"http:\/\/www.elsindical.com.ar\/notas\/var\/www\/html\/notas\/wp-content\/uploads\/2018\/04\/Maternidad-Santa-Rosa-Vicente-L\u00f3pez-inundada.jpg\"><img loading=\"lazy\" decoding=\"async\" class=\"alignnone size-medium wp-image-77960\" src=\"http:\/\/www.elsindical.com.ar\/notas\/var\/www\/html\/notas\/wp-content\/uploads\/2018\/04\/Maternidad-Santa-Rosa-Vicente-L\u00f3pez-inundada-172x300.jpg\" alt=\"\" width=\"172\" height=\"300\" srcset=\"https:\/\/www.elsindical.com.ar\/notas\/var\/www\/html\/notas\/wp-content\/uploads\/2018\/04\/Maternidad-Santa-Rosa-Vicente-L\u00f3pez-inundada-172x300.jpg 172w, https:\/\/www.elsindical.com.ar\/notas\/var\/www\/html\/notas\/wp-content\/uploads\/2018\/04\/Maternidad-Santa-Rosa-Vicente-L\u00f3pez-inundada-586x1024.jpg 586w, https:\/\/www.elsindical.com.ar\/notas\/var\/www\/html\/notas\/wp-content\/uploads\/2018\/04\/Maternidad-Santa-Rosa-Vicente-L\u00f3pez-inundada.jpg 591w\" sizes=\"auto, (max-width: 172px) 100vw, 172px\" \/><\/a>Una vez mas: la Maternidad Santa Rosa inundada. #VicenteLopez<\/b><\/div>\n<div dir=\"auto\">Trabajadores de la maternidad Santa Rosa desesperados por la salud de las pacientes embarazadas y los ni\u00f1os reci\u00e9n nacidos nos hicieron llegar est\u00e1s im\u00e1genes para que difundamos.\u00a0No es la primera vez que esto ocurre antes y despu\u00e9s de la gran inundaci\u00f3n del 2013, pero el secretario de obras p\u00fablicas ( Botello) mira para otro lado.<\/div>\n<div dir=\"auto\"><\/div>\n<div dir=\"auto\">Jorge Macri actual intendente es el responsable de esta decid\u00eda anunciando obras que no son del inter\u00e9s social.<\/div>\n<div dir=\"auto\">\n<p>Esto confirma lo que denunciamos en el 2016 en Prensa Obrera- ver enlace-\u00a0\u00a0\u00a0\u00a0 <a id=\"m_-4098959874418111830LPlnk645342\" class=\"m_-4098959874418111830OWAAutoLink\" title=\"Este enlace externo se abrir\u00e1 en una nueva ventana\" href=\"http:\/\/www.po.org.ar\/prensaObrera\/1410\/politicas\/vicente-lopez-sobre-la-ley-de-emergencia-en-infraestructura\" target=\"_blank\" rel=\"noopener\"> http:\/\/www.po.org.ar\/<wbr \/>prensaObrera\/1410\/politicas\/<wbr \/>vicente-lopez-sobre-la-ley-de-<wbr \/>emergencia-en-infraestructura<\/a> la adhesi\u00f3n a la ley de infraestructura provincial por parte del consejo deliberante solo ten\u00eda un objetivo, beneficiar a la patria contratista amiga del gobierno y a la corrupci\u00f3n municipal v\u00eda sobre facturaci\u00f3n sorteando todo mecanismo de control, y dando v\u00eda libre a la adjudicaci\u00f3n directa.<\/p>\n<div id=\"m_-4098959874418111830LPBorder_GT_15250283287100.5743973799814301\">\n<table id=\"m_-4098959874418111830LPContainer_15250283287010.2451579035745417\" cellspacing=\"0\">\n<tbody>\n<tr valign=\"top\">\n<td id=\"m_-4098959874418111830ImageCell_15250283287060.3761935592780872\" colspan=\"1\">\n<div id=\"m_-4098959874418111830LPImageContainer_15250283287060.8744715780211063\"><a id=\"m_-4098959874418111830LPImageAnchor_15250283287070.24751129804443028\" title=\"Este enlace externo se abrir\u00e1 en una nueva ventana\" href=\"http:\/\/www.po.org.ar\/prensaObrera\/1410\/politicas\/vicente-lopez-sobre-la-ley-de-emergencia-en-infraestructura\" target=\"_blank\" rel=\"noopener\"><img loading=\"lazy\" decoding=\"async\" id=\"m_-4098959874418111830LPThumbnailImageID_15250283287070.6996422006885819\" src=\"http:\/\/www.po.org.ar\/uploads\/noticias\/\/thumb_ver_nota_zoom\/30907.jpg?t=12345\" width=\"250\" height=\"150\" \/><\/a><\/div>\n<\/td>\n<td id=\"m_-4098959874418111830TextCell_15250283287070.5328677377040185\" colspan=\"2\">\n<div id=\"m_-4098959874418111830LPRemovePreviewContainer_15250283287070.1863493472889548\"><\/div>\n<div id=\"m_-4098959874418111830LPTitle_15250283287070.8876504002483427\"><a id=\"m_-4098959874418111830LPUrlAnchor_15250283287080.48599770771694173\" title=\"Este enlace externo se abrir\u00e1 en una nueva ventana\" href=\"http:\/\/www.po.org.ar\/prensaObrera\/1410\/politicas\/vicente-lopez-sobre-la-ley-de-emergencia-en-infraestructura\" target=\"_blank\" rel=\"noopener\">Vicente L\u00f3pez: sobre la ley de emergencia en infraestructura<\/a><\/div>\n<div id=\"m_-4098959874418111830LPMetadata_15250283287080.2738018379727791\"><a title=\"Este enlace externo se abrir\u00e1 en una nueva ventana\" href=\"http:\/\/www.po.org.ar\" target=\"_blank\" rel=\"noopener\">www.po.org.ar<\/a><\/div>\n<div id=\"m_-4098959874418111830LPDescription_15250283287100.32961975256591103\">El PRO y la UCR han impuesto en el Concejo Deliberante la adhesi\u00f3n a la ley provincial de Vidal. \u00abEstamos ante un colapso en la infraestructura\u00bb, dijo una concejala del PRO.<\/div>\n<\/td>\n<\/tr>\n<\/tbody>\n<\/table>\n<\/div>\n<\/div>\n<div dir=\"auto\">Nos solidarizamos con los trabajadores que son los que llevan adelante a la maternidad a pesar de la desidia y el vaciamiento y con los pacientes que deben pasar por esta situaci\u00f3n.\u00a0Urge la apertura de los libros contables de la municipalidad, fiscalizaci\u00f3n de toda contrataci\u00f3n realizada y un plan de obras p\u00fablicas bajo control de los trabajadores para terminar con esta barbarie y poner en pie a la salud p\u00fablica.<\/div>\n<div dir=\"auto\"><\/div>\n<div dir=\"auto\">Federico Decoppet<\/div>\n<div dir=\"auto\">@federicodeco<\/div>\n<div dir=\"auto\"><\/div>\n<p><iframe loading=\"lazy\" src=\"https:\/\/www.youtube.com\/embed\/VP6jrSOcp_c\" width=\"580\" height=\"420\" frameborder=\"0\" allowfullscreen=\"allowfullscreen\"><span data-mce-type=\"bookmark\" style=\"display: inline-block; width: 0px; overflow: hidden; line-height: 0;\" class=\"mce_SELRES_start\">\ufeff<\/span><\/iframe><\/p>\n","protected":false},"excerpt":{"rendered":"<p>Una vez mas: la Maternidad Santa Rosa inundada. #VicenteLopez Trabajadores de la maternidad Santa Rosa desesperados por la salud de las pacientes embarazadas y los ni\u00f1os reci\u00e9n nacidos nos hicieron llegar est\u00e1s im\u00e1genes para que difundamos.\u00a0No es la primera vez que esto ocurre antes y despu\u00e9s de la gran inundaci\u00f3n del 2013, pero el secretario&hellip;<\/p>\n","protected":false},"author":1,"featured_media":77960,"comment_status":"open","ping_status":"open","sticky":false,"template":"","format":"standard","meta":{"footnotes":""},"categories":[13],"tags":[22169,28762,28761,328,1826,3188],"class_list":["post-77959","post","type-post","status-publish","format-standard","has-post-thumbnail","hentry","category-politica","tag-cambiemos","tag-maternidad-santa-rosa","tag-prensa-obrera","tag-pro","tag-ucr","tag-vicente-lopez"],"_links":{"self":[{"href":"https:\/\/www.elsindical.com.ar\/notas\/wp-json\/wp\/v2\/posts\/77959","targetHints":{"allow":["GET"]}}],"collection":[{"href":"https:\/\/www.elsindical.com.ar\/notas\/wp-json\/wp\/v2\/posts"}],"about":[{"href":"https:\/\/www.elsindical.com.ar\/notas\/wp-json\/wp\/v2\/types\/post"}],"author":[{"embeddable":true,"href":"https:\/\/www.elsindical.com.ar\/notas\/wp-json\/wp\/v2\/users\/1"}],"replies":[{"embeddable":true,"href":"https:\/\/www.elsindical.com.ar\/notas\/wp-json\/wp\/v2\/comments?post=77959"}],"version-history":[{"count":1,"href":"https:\/\/www.elsindical.com.ar\/notas\/wp-json\/wp\/v2\/posts\/77959\/revisions"}],"predecessor-version":[{"id":77961,"href":"https:\/\/www.elsindical.com.ar\/notas\/wp-json\/wp\/v2\/posts\/77959\/revisions\/77961"}],"wp:featuredmedia":[{"embeddable":true,"href":"https:\/\/www.elsindical.com.ar\/notas\/wp-json\/wp\/v2\/media\/77960"}],"wp:attachment":[{"href":"https:\/\/www.elsindical.com.ar\/notas\/wp-json\/wp\/v2\/media?parent=77959"}],"wp:term":[{"taxonomy":"category","embeddable":true,"href":"https:\/\/www.elsindical.com.ar\/notas\/wp-json\/wp\/v2\/categories?post=77959"},{"taxonomy":"post_tag","embeddable":true,"href":"https:\/\/www.elsindical.com.ar\/notas\/wp-json\/wp\/v2\/tags?post=77959"}],"curies":[{"name":"wp","href":"https:\/\/api.w.org\/{rel}","templated":true}]}}