{"id":77948,"date":"2018-04-29T15:12:28","date_gmt":"2018-04-29T18:12:28","guid":{"rendered":"http:\/\/www.elsindical.com.ar\/notas\/?p=77948"},"modified":"2018-04-29T15:12:28","modified_gmt":"2018-04-29T18:12:28","slug":"se-recalienta-el-clima-politico-en-avellaneda-denuncias-amenazas-y-un-vale-todo","status":"publish","type":"post","link":"https:\/\/www.elsindical.com.ar\/notas\/se-recalienta-el-clima-politico-en-avellaneda-denuncias-amenazas-y-un-vale-todo\/","title":{"rendered":"Se recalienta el clima pol\u00edtico en Avellaneda, denuncias, amenazas y un vale todo"},"content":{"rendered":"<p><em><a href=\"http:\/\/www.elsindical.com.ar\/notas\/var\/www\/html\/notas\/wp-content\/uploads\/2018\/04\/amenazas-a-Tercer-Ojo.jpg\"><img loading=\"lazy\" decoding=\"async\" class=\"alignnone size-medium wp-image-77950\" src=\"http:\/\/www.elsindical.com.ar\/notas\/var\/www\/html\/notas\/wp-content\/uploads\/2018\/04\/amenazas-a-Tercer-Ojo-300x119.jpg\" alt=\"\" width=\"300\" height=\"119\" srcset=\"https:\/\/www.elsindical.com.ar\/notas\/var\/www\/html\/notas\/wp-content\/uploads\/2018\/04\/amenazas-a-Tercer-Ojo-300x119.jpg 300w, https:\/\/www.elsindical.com.ar\/notas\/var\/www\/html\/notas\/wp-content\/uploads\/2018\/04\/amenazas-a-Tercer-Ojo-500x198.jpg 500w, https:\/\/www.elsindical.com.ar\/notas\/var\/www\/html\/notas\/wp-content\/uploads\/2018\/04\/amenazas-a-Tercer-Ojo.jpg 738w\" sizes=\"auto, (max-width: 300px) 100vw, 300px\" \/><\/a>\u00a0 \u00a0La CAMPA\u00d1A SUCIA sigue subiendo en la escalada de violencia y virulencia, mientras ya nos referimos a los \u00aboperadores\u00bb medi\u00e1ticos pagos para generar miedo y divisi\u00f3n entre los vecinos, salta un nuevo esc\u00e1ndalo en una de las tantas cajas de recaudaci\u00f3n pol\u00edtica, el negocio de los clubes de barrio.<\/em><\/p>\n<p>Mientras nadie hablaba de las irregularidades en los clubes de barrio, donde algunos fueron intervenidos por gente con el apoyo del municipio para hacerse de la presidencia y transformar un club social en un lugar de pol\u00edtica, recaudaci\u00f3n y otras yerbas, algunos funcionarios municipales como Mauro Battafarano, Claudio Rial y Font, hicieron no solo una asociaci\u00f3n, sino tambi\u00e9n una empresa para proveer a los clubes de camisetas, pelotas y otros insumos, volviendo todo dudoso y en el caso de los funcionarios algo incompatible por sus funciones.<\/p>\n<p>Cacho \u00c1lvarez, el \u00fanico referente local de CAMBIEMOS que conoce no solo el territorio sino cada \u00abquintita\u00bb, sali\u00f3 a jugar para disputar ese terreno, lo que provoc\u00f3 inesperadas reacciones por el hecho de que los involucrados quedaran pegados a un esc\u00e1ndalo que promete ir subiendo en violencia, amenazas, denuncias cruzadas, nombres conocidos y aprietes al periodista Alejo Gonz\u00e1lez del multimedios El Tercer Ojo, son el comienzo de una disputa en la que a\u00fan no se sabe cu\u00e1les ser\u00e1n las consecuencias porque todos, est\u00e1n un poco sucios o mucho.<\/p>\n<p>Sin agregar mucho m\u00e1s por el momento, dicen que una imagen a veces vale m\u00e1s que las palabras, algunas capturas del inicio de esto.<\/p>\n<p><a href=\"http:\/\/www.elsindical.com.ar\/notas\/var\/www\/html\/notas\/wp-content\/uploads\/2018\/04\/Alejo-Gonz\u00e1lez-FADI.jpg\"><img loading=\"lazy\" decoding=\"async\" class=\"alignnone size-medium wp-image-77955\" src=\"http:\/\/www.elsindical.com.ar\/notas\/var\/www\/html\/notas\/wp-content\/uploads\/2018\/04\/Alejo-Gonz\u00e1lez-FADI-276x300.jpg\" alt=\"\" width=\"276\" height=\"300\" srcset=\"https:\/\/www.elsindical.com.ar\/notas\/var\/www\/html\/notas\/wp-content\/uploads\/2018\/04\/Alejo-Gonz\u00e1lez-FADI-276x300.jpg 276w, https:\/\/www.elsindical.com.ar\/notas\/var\/www\/html\/notas\/wp-content\/uploads\/2018\/04\/Alejo-Gonz\u00e1lez-FADI.jpg 738w\" sizes=\"auto, (max-width: 276px) 100vw, 276px\" \/><\/a> <a href=\"http:\/\/www.elsindical.com.ar\/notas\/var\/www\/html\/notas\/wp-content\/uploads\/2018\/04\/comentarios-tema-FADI-01.jpg\"><img loading=\"lazy\" decoding=\"async\" class=\"alignnone size-medium wp-image-77954\" src=\"http:\/\/www.elsindical.com.ar\/notas\/var\/www\/html\/notas\/wp-content\/uploads\/2018\/04\/comentarios-tema-FADI-01-300x281.jpg\" alt=\"\" width=\"300\" height=\"281\" srcset=\"https:\/\/www.elsindical.com.ar\/notas\/var\/www\/html\/notas\/wp-content\/uploads\/2018\/04\/comentarios-tema-FADI-01-300x281.jpg 300w, https:\/\/www.elsindical.com.ar\/notas\/var\/www\/html\/notas\/wp-content\/uploads\/2018\/04\/comentarios-tema-FADI-01-320x300.jpg 320w, https:\/\/www.elsindical.com.ar\/notas\/var\/www\/html\/notas\/wp-content\/uploads\/2018\/04\/comentarios-tema-FADI-01.jpg 738w\" sizes=\"auto, (max-width: 300px) 100vw, 300px\" \/><\/a> <a href=\"http:\/\/www.elsindical.com.ar\/notas\/var\/www\/html\/notas\/wp-content\/uploads\/2018\/04\/comentarios-tema-FADI-02.jpg\"><img loading=\"lazy\" decoding=\"async\" class=\"alignnone size-medium wp-image-77953\" src=\"http:\/\/www.elsindical.com.ar\/notas\/var\/www\/html\/notas\/wp-content\/uploads\/2018\/04\/comentarios-tema-FADI-02-300x220.jpg\" alt=\"\" width=\"300\" height=\"220\" srcset=\"https:\/\/www.elsindical.com.ar\/notas\/var\/www\/html\/notas\/wp-content\/uploads\/2018\/04\/comentarios-tema-FADI-02-300x220.jpg 300w, https:\/\/www.elsindical.com.ar\/notas\/var\/www\/html\/notas\/wp-content\/uploads\/2018\/04\/comentarios-tema-FADI-02-408x300.jpg 408w, https:\/\/www.elsindical.com.ar\/notas\/var\/www\/html\/notas\/wp-content\/uploads\/2018\/04\/comentarios-tema-FADI-02.jpg 738w\" sizes=\"auto, (max-width: 300px) 100vw, 300px\" \/><\/a> <a href=\"http:\/\/www.elsindical.com.ar\/notas\/var\/www\/html\/notas\/wp-content\/uploads\/2018\/04\/comentarios-tema-FADI-03.jpg\"><img loading=\"lazy\" decoding=\"async\" class=\"alignnone size-medium wp-image-77952\" src=\"http:\/\/www.elsindical.com.ar\/notas\/var\/www\/html\/notas\/wp-content\/uploads\/2018\/04\/comentarios-tema-FADI-03-300x232.jpg\" alt=\"\" width=\"300\" height=\"232\" srcset=\"https:\/\/www.elsindical.com.ar\/notas\/var\/www\/html\/notas\/wp-content\/uploads\/2018\/04\/comentarios-tema-FADI-03-300x232.jpg 300w, https:\/\/www.elsindical.com.ar\/notas\/var\/www\/html\/notas\/wp-content\/uploads\/2018\/04\/comentarios-tema-FADI-03-388x300.jpg 388w, https:\/\/www.elsindical.com.ar\/notas\/var\/www\/html\/notas\/wp-content\/uploads\/2018\/04\/comentarios-tema-FADI-03.jpg 738w\" sizes=\"auto, (max-width: 300px) 100vw, 300px\" \/><\/a> <a href=\"http:\/\/www.elsindical.com.ar\/notas\/var\/www\/html\/notas\/wp-content\/uploads\/2018\/04\/comentarios-tema-FADI-04.jpg\"><img loading=\"lazy\" decoding=\"async\" class=\"alignnone size-medium wp-image-77951\" src=\"http:\/\/www.elsindical.com.ar\/notas\/var\/www\/html\/notas\/wp-content\/uploads\/2018\/04\/comentarios-tema-FADI-04-300x298.jpg\" alt=\"\" width=\"300\" height=\"298\" srcset=\"https:\/\/www.elsindical.com.ar\/notas\/var\/www\/html\/notas\/wp-content\/uploads\/2018\/04\/comentarios-tema-FADI-04-300x298.jpg 300w, https:\/\/www.elsindical.com.ar\/notas\/var\/www\/html\/notas\/wp-content\/uploads\/2018\/04\/comentarios-tema-FADI-04-150x150.jpg 150w, https:\/\/www.elsindical.com.ar\/notas\/var\/www\/html\/notas\/wp-content\/uploads\/2018\/04\/comentarios-tema-FADI-04-302x300.jpg 302w, https:\/\/www.elsindical.com.ar\/notas\/var\/www\/html\/notas\/wp-content\/uploads\/2018\/04\/comentarios-tema-FADI-04-50x50.jpg 50w, https:\/\/www.elsindical.com.ar\/notas\/var\/www\/html\/notas\/wp-content\/uploads\/2018\/04\/comentarios-tema-FADI-04.jpg 738w\" sizes=\"auto, (max-width: 300px) 100vw, 300px\" \/><\/a><a href=\"http:\/\/www.elsindical.com.ar\/notas\/var\/www\/html\/notas\/wp-content\/uploads\/2018\/04\/30515755_1009444835869778_3209395933770940416_n.jpg\"><img loading=\"lazy\" decoding=\"async\" class=\"alignnone size-medium wp-image-77956\" src=\"http:\/\/www.elsindical.com.ar\/notas\/var\/www\/html\/notas\/wp-content\/uploads\/2018\/04\/30515755_1009444835869778_3209395933770940416_n-300x169.jpg\" alt=\"\" width=\"300\" height=\"169\" srcset=\"https:\/\/www.elsindical.com.ar\/notas\/var\/www\/html\/notas\/wp-content\/uploads\/2018\/04\/30515755_1009444835869778_3209395933770940416_n-300x169.jpg 300w, https:\/\/www.elsindical.com.ar\/notas\/var\/www\/html\/notas\/wp-content\/uploads\/2018\/04\/30515755_1009444835869778_3209395933770940416_n-768x433.jpg 768w, https:\/\/www.elsindical.com.ar\/notas\/var\/www\/html\/notas\/wp-content\/uploads\/2018\/04\/30515755_1009444835869778_3209395933770940416_n-500x282.jpg 500w, https:\/\/www.elsindical.com.ar\/notas\/var\/www\/html\/notas\/wp-content\/uploads\/2018\/04\/30515755_1009444835869778_3209395933770940416_n-460x260.jpg 460w, https:\/\/www.elsindical.com.ar\/notas\/var\/www\/html\/notas\/wp-content\/uploads\/2018\/04\/30515755_1009444835869778_3209395933770940416_n.jpg 960w\" sizes=\"auto, (max-width: 300px) 100vw, 300px\" \/><\/a> <a href=\"http:\/\/www.elsindical.com.ar\/notas\/var\/www\/html\/notas\/wp-content\/uploads\/2018\/04\/30516283_1009441705870091_846057713489149952_n.jpg\"><img loading=\"lazy\" decoding=\"async\" class=\"alignnone size-medium wp-image-77957\" src=\"http:\/\/www.elsindical.com.ar\/notas\/var\/www\/html\/notas\/wp-content\/uploads\/2018\/04\/30516283_1009441705870091_846057713489149952_n-169x300.jpg\" alt=\"\" width=\"169\" height=\"300\" srcset=\"https:\/\/www.elsindical.com.ar\/notas\/var\/www\/html\/notas\/wp-content\/uploads\/2018\/04\/30516283_1009441705870091_846057713489149952_n-169x300.jpg 169w, https:\/\/www.elsindical.com.ar\/notas\/var\/www\/html\/notas\/wp-content\/uploads\/2018\/04\/30516283_1009441705870091_846057713489149952_n.jpg 540w\" sizes=\"auto, (max-width: 169px) 100vw, 169px\" \/><\/a><\/p>\n<p>&nbsp;<\/p>\n<p>&nbsp;<\/p>\n","protected":false},"excerpt":{"rendered":"<p>\u00a0 \u00a0La CAMPA\u00d1A SUCIA sigue subiendo en la escalada de violencia y virulencia, mientras ya nos referimos a los \u00aboperadores\u00bb medi\u00e1ticos pagos para generar miedo y divisi\u00f3n entre los vecinos, salta un nuevo esc\u00e1ndalo en una de las tantas cajas de recaudaci\u00f3n pol\u00edtica, el negocio de los clubes de barrio. Mientras nadie hablaba de las&hellip;<\/p>\n","protected":false},"author":1,"featured_media":77950,"comment_status":"open","ping_status":"open","sticky":false,"template":"","format":"standard","meta":{"footnotes":""},"categories":[6],"tags":[331,461,19975,22169,28758,22020,28759,28760,21716,28756,28757],"class_list":["post-77948","post","type-post","status-publish","format-standard","has-post-thumbnail","hentry","category-denuncias","tag-amenazas","tag-avellaneda","tag-baldomero-cacho-alvarez-de-olivera","tag-cambiemos","tag-claudio-rial","tag-denuncias","tag-fadi","tag-font","tag-mauro-battafarano","tag-tercer-ojo","tag-union-de-clubes"],"_links":{"self":[{"href":"https:\/\/www.elsindical.com.ar\/notas\/wp-json\/wp\/v2\/posts\/77948","targetHints":{"allow":["GET"]}}],"collection":[{"href":"https:\/\/www.elsindical.com.ar\/notas\/wp-json\/wp\/v2\/posts"}],"about":[{"href":"https:\/\/www.elsindical.com.ar\/notas\/wp-json\/wp\/v2\/types\/post"}],"author":[{"embeddable":true,"href":"https:\/\/www.elsindical.com.ar\/notas\/wp-json\/wp\/v2\/users\/1"}],"replies":[{"embeddable":true,"href":"https:\/\/www.elsindical.com.ar\/notas\/wp-json\/wp\/v2\/comments?post=77948"}],"version-history":[{"count":2,"href":"https:\/\/www.elsindical.com.ar\/notas\/wp-json\/wp\/v2\/posts\/77948\/revisions"}],"predecessor-version":[{"id":77958,"href":"https:\/\/www.elsindical.com.ar\/notas\/wp-json\/wp\/v2\/posts\/77948\/revisions\/77958"}],"wp:featuredmedia":[{"embeddable":true,"href":"https:\/\/www.elsindical.com.ar\/notas\/wp-json\/wp\/v2\/media\/77950"}],"wp:attachment":[{"href":"https:\/\/www.elsindical.com.ar\/notas\/wp-json\/wp\/v2\/media?parent=77948"}],"wp:term":[{"taxonomy":"category","embeddable":true,"href":"https:\/\/www.elsindical.com.ar\/notas\/wp-json\/wp\/v2\/categories?post=77948"},{"taxonomy":"post_tag","embeddable":true,"href":"https:\/\/www.elsindical.com.ar\/notas\/wp-json\/wp\/v2\/tags?post=77948"}],"curies":[{"name":"wp","href":"https:\/\/api.w.org\/{rel}","templated":true}]}}