{"id":77945,"date":"2018-04-29T02:52:45","date_gmt":"2018-04-29T05:52:45","guid":{"rendered":"http:\/\/www.elsindical.com.ar\/notas\/?p=77945"},"modified":"2018-04-29T02:52:45","modified_gmt":"2018-04-29T05:52:45","slug":"bancarios-cerraron-paritarias-15-de-aumento-y-clausula-de-revision","status":"publish","type":"post","link":"https:\/\/www.elsindical.com.ar\/notas\/bancarios-cerraron-paritarias-15-de-aumento-y-clausula-de-revision\/","title":{"rendered":"Bancarios cerraron paritarias: 15% de aumento y cl\u00e1usula de revisi\u00f3n"},"content":{"rendered":"<p><em><a href=\"http:\/\/www.elsindical.com.ar\/notas\/var\/www\/html\/notas\/wp-content\/uploads\/2018\/04\/acuerdo-bancarios-abril-2018.jpg\"><img loading=\"lazy\" decoding=\"async\" class=\"alignnone size-medium wp-image-77946\" src=\"http:\/\/www.elsindical.com.ar\/notas\/var\/www\/html\/notas\/wp-content\/uploads\/2018\/04\/acuerdo-bancarios-abril-2018-202x300.jpg\" alt=\"\" width=\"202\" height=\"300\" srcset=\"https:\/\/www.elsindical.com.ar\/notas\/var\/www\/html\/notas\/wp-content\/uploads\/2018\/04\/acuerdo-bancarios-abril-2018-202x300.jpg 202w, https:\/\/www.elsindical.com.ar\/notas\/var\/www\/html\/notas\/wp-content\/uploads\/2018\/04\/acuerdo-bancarios-abril-2018-768x1143.jpg 768w, https:\/\/www.elsindical.com.ar\/notas\/var\/www\/html\/notas\/wp-content\/uploads\/2018\/04\/acuerdo-bancarios-abril-2018-688x1024.jpg 688w, https:\/\/www.elsindical.com.ar\/notas\/var\/www\/html\/notas\/wp-content\/uploads\/2018\/04\/acuerdo-bancarios-abril-2018.jpg 860w\" sizes=\"auto, (max-width: 202px) 100vw, 202px\" \/><\/a>\u00a0 Rige desde mayo. El acuerdo establece un salario inicial de 30.624,67 pesos, \u00abcon participaci\u00f3n en las ganancias del sistema\u00bb.<\/em><\/p>\n<p>La Asociaci\u00f3n Bancaria (AB) cerr\u00f3 el acuerdo paritario con representantes de las c\u00e1maras empresarias con un incremento del 15% a partir del 1 de mayo, m\u00e1s una cl\u00e1usula de actualizaci\u00f3n que operar\u00e1 en forma \u00abinmediata\u00bb seg\u00fan las \u00abcondiciones econ\u00f3micas\u00bb.<\/p>\n<p>El acuerdo establece un salario inicial de 30.624,67 pesos, \u00abcon participaci\u00f3n en las ganancias del sistema\u00bb.<\/p>\n<p>As\u00ed lo indic\u00f3 un comunicado de la entidad gremial liderada por el secretario general de la AB, Sergio Palazzo, que el viernes finaliz\u00f3 la negociaci\u00f3n -que incluy\u00f3 paros- en la sede del Ministerio de Trabajo de la Naci\u00f3n de la calle Leandro N. Alem con representantes de las c\u00e1maras empresarias de entidades crediticias p\u00fablicas y privadas.<\/p>\n","protected":false},"excerpt":{"rendered":"<p>\u00a0 Rige desde mayo. El acuerdo establece un salario inicial de 30.624,67 pesos, \u00abcon participaci\u00f3n en las ganancias del sistema\u00bb. La Asociaci\u00f3n Bancaria (AB) cerr\u00f3 el acuerdo paritario con representantes de las c\u00e1maras empresarias con un incremento del 15% a partir del 1 de mayo, m\u00e1s una cl\u00e1usula de actualizaci\u00f3n que operar\u00e1 en forma \u00abinmediata\u00bb&hellip;<\/p>\n","protected":false},"author":1,"featured_media":77946,"comment_status":"open","ping_status":"open","sticky":false,"template":"","format":"standard","meta":{"footnotes":""},"categories":[16],"tags":[926,524,75],"class_list":["post-77945","post","type-post","status-publish","format-standard","has-post-thumbnail","hentry","category-gremiales","tag-acuerdo","tag-la-bancaria","tag-sueldos"],"_links":{"self":[{"href":"https:\/\/www.elsindical.com.ar\/notas\/wp-json\/wp\/v2\/posts\/77945","targetHints":{"allow":["GET"]}}],"collection":[{"href":"https:\/\/www.elsindical.com.ar\/notas\/wp-json\/wp\/v2\/posts"}],"about":[{"href":"https:\/\/www.elsindical.com.ar\/notas\/wp-json\/wp\/v2\/types\/post"}],"author":[{"embeddable":true,"href":"https:\/\/www.elsindical.com.ar\/notas\/wp-json\/wp\/v2\/users\/1"}],"replies":[{"embeddable":true,"href":"https:\/\/www.elsindical.com.ar\/notas\/wp-json\/wp\/v2\/comments?post=77945"}],"version-history":[{"count":1,"href":"https:\/\/www.elsindical.com.ar\/notas\/wp-json\/wp\/v2\/posts\/77945\/revisions"}],"predecessor-version":[{"id":77947,"href":"https:\/\/www.elsindical.com.ar\/notas\/wp-json\/wp\/v2\/posts\/77945\/revisions\/77947"}],"wp:featuredmedia":[{"embeddable":true,"href":"https:\/\/www.elsindical.com.ar\/notas\/wp-json\/wp\/v2\/media\/77946"}],"wp:attachment":[{"href":"https:\/\/www.elsindical.com.ar\/notas\/wp-json\/wp\/v2\/media?parent=77945"}],"wp:term":[{"taxonomy":"category","embeddable":true,"href":"https:\/\/www.elsindical.com.ar\/notas\/wp-json\/wp\/v2\/categories?post=77945"},{"taxonomy":"post_tag","embeddable":true,"href":"https:\/\/www.elsindical.com.ar\/notas\/wp-json\/wp\/v2\/tags?post=77945"}],"curies":[{"name":"wp","href":"https:\/\/api.w.org\/{rel}","templated":true}]}}