{"id":77943,"date":"2018-04-29T02:37:45","date_gmt":"2018-04-29T05:37:45","guid":{"rendered":"http:\/\/www.elsindical.com.ar\/notas\/?p=77943"},"modified":"2018-04-29T02:37:45","modified_gmt":"2018-04-29T05:37:45","slug":"ingreso-al-congreso-proyecto-que-reduce-indemnizaciones-por-despidos","status":"publish","type":"post","link":"https:\/\/www.elsindical.com.ar\/notas\/ingreso-al-congreso-proyecto-que-reduce-indemnizaciones-por-despidos\/","title":{"rendered":"Ingres\u00f3 al Congreso proyecto que reduce indemnizaciones por despidos"},"content":{"rendered":"<p><em><span class=\"text description col-xs-8 col-lg-9\">\u00a0<a href=\"http:\/\/www.elsindical.com.ar\/notas\/var\/www\/html\/notas\/wp-content\/uploads\/2011\/09\/Congreso-de-la-Naci\u00f3n.jpg\"><img loading=\"lazy\" decoding=\"async\" class=\"alignnone size-medium wp-image-17320\" src=\"http:\/\/www.elsindical.com.ar\/notas\/var\/www\/html\/notas\/wp-content\/uploads\/2011\/09\/Congreso-de-la-Naci\u00f3n-300x201.jpg\" alt=\"\" width=\"300\" height=\"201\" srcset=\"https:\/\/www.elsindical.com.ar\/notas\/var\/www\/html\/notas\/wp-content\/uploads\/2011\/09\/Congreso-de-la-Naci\u00f3n-300x201.jpg 300w, https:\/\/www.elsindical.com.ar\/notas\/var\/www\/html\/notas\/wp-content\/uploads\/2011\/09\/Congreso-de-la-Naci\u00f3n.jpg 413w\" sizes=\"auto, (max-width: 300px) 100vw, 300px\" \/><\/a> El Gobierno remiti\u00f3 iniciativa al Senado, acompa\u00f1ada por otras dos que est\u00e1n destinadas a crear una Agencia de Evaluaci\u00f3n de Tecnolog\u00eda M\u00e9dica (Agnet) y un programa de pasant\u00edas y capacitaci\u00f3n laboral.<\/span><\/em><\/p>\n<p>Esta iniciativa hab\u00eda generado un malestar sindical en 2017, y termin\u00f3 naufragando la reforma laboral en el Congreso. Pese a ello el Gobierno decidi\u00f3 retomarlo para <strong>reducir la base de c\u00e1lculo de las indemnizaciones por despidos sin causa y de esa manera avanzar a la par en la creaci\u00f3n de un Fondo de Cese Laboral sectorial que reemplace al actual r\u00e9gimen indemnizatorio.<\/strong><\/p>\n<p>As\u00ed lo establece el proyecto de ley de blanqueo laboral que el Ejecutivo remiti\u00f3 este viernes al Senado. Junto a ello, otras dos iniciativas tambi\u00e9n fueron remitidas. Destinadas a crear una Agencia de Evaluaci\u00f3n de Tecnolog\u00eda M\u00e9dica (Agnet) y un programa de pasant\u00edas y capacitaci\u00f3n laboral.<\/p>\n<p>Esta propuesta del Gobierno <strong>anticipa enfrentamiento con la dirigencia gremial ya que modifica el art\u00edculo 245 de la ley de Contrato de Trabajo (LCT)<\/strong> y establece que el aguinaldo, los premios y\/o bonificaciones y toda compensaci\u00f3n o reconocimiento de gastos que el empleador efect\u00fae al trabajador quedar\u00e1n excluidos de la base salarial para el c\u00e1lculo de las indemnizaciones por despidos sin causa.<\/p>\n<p>Define, como \u00fanico l\u00edmite, que la base de c\u00e1lculo que surja de aplica esas exclusiones no podr\u00e1 implicar una reducci\u00f3n superior al 33% de la mejor remuneraci\u00f3n mensual normal y habitual percibida por el trabajador durante su \u00faltimo a\u00f1o de trabajo.<\/p>\n<p>Adem\u00e1s, en su art\u00edculo 37, dice que esa base no podr\u00e1 exceder en ning\u00fan caso \u201cel equivalente a tres veces el importe mensual de la suma que resulte del promedio de todas las remuneraciones previstas en el convenio colectivo de trabajo aplicable al trabajador al momento del despido, por la jornada legal y excluida la antig\u00fcedad\u201d.<\/p>\n<p>Mientras que el art\u00edculo 21, la creaci\u00f3n del denominado Fondo de Cese Laboral sectorial, es un mecanismo pensado por el Ministerio de Trabajo con destino a que el resarcimiento por despido del trabajador se financie durante el per\u00edodo de inactividad a trav\u00e9s de un fondo creado a tal efecto a partirde un aporte de los empleadores.<\/p>\n<p>El proyecto estipula que la constituci\u00f3n de ese fondo se acordar\u00e1 sectorialmente entre las entidades representativas de los empleadores junto con las asociaciones sindicales en el marco de los respectivos convenios colectivos de actividad, sustituyendo las indemnizaciones por despido sin causa fijadas en los art\u00edculos 232 y 245 de la LCT.<\/p>\n<p>En el caso del financiamiento del fondo, el Gobierno propone que se nutrir\u00e1 de un <strong>aporte obligatorio exclusivamente a cargo del empleador que deber\u00e1 realizarlo mensualmente desde el inicio de la relaci\u00f3n laboral<\/strong> informando peri\u00f3dicamente al trabajador sobre los aportes efectuados.<\/p>\n<p>Se trata de una iniciativa similar a \u201cLa libreta de desempleo\u201d, que rige en la industria de la construcci\u00f3n. All\u00ed, el fondo de cese laboral se nutre de un aporte del empleador que alcanza el 12% del salario promedio b\u00e1sico durante el primer a\u00f1o de relaci\u00f3n laboral y que se reduce al 8% desde el segundo a\u00f1o, excluyendo del c\u00e1lculo las horas extras, aguinaldo y otros suplementos salariales no remunerativos. En este proyecto que fue enviado al Senado, se establece que si se tomar\u00e1n en cuenta los pagos de car\u00e1cter no remunerativo para el c\u00e1lculo del aporte al fondo de cese laboral.<\/p>\n<p>Los cambios que apuntan a reducir los costos de las indemnizaciones son parte de uno de los cap\u00edtulos del proyecto de blanqueo laboral, un esquema que busca incentivar la regularizaci\u00f3n de trabajadores informales concediendo a los empresarios un mecanismo de condonaci\u00f3n de deudas y multas si blanquean a su personal.<\/p>\n<p>Adem\u00e1s, la iniciativa prev\u00e9 que los trabajadores que sean regularizados tendr\u00e1n derecho a computar hasta 60 meses de servicios con aportes calculados sobre un monto mensual equivalente al salario m\u00ednimo, vital y m\u00f3vil vigente. El plazo para la regularizaci\u00f3n de trabajadores que fija el proyecto de ley ser\u00e1 de 360 d\u00edas.<\/p>\n","protected":false},"excerpt":{"rendered":"<p>\u00a0 El Gobierno remiti\u00f3 iniciativa al Senado, acompa\u00f1ada por otras dos que est\u00e1n destinadas a crear una Agencia de Evaluaci\u00f3n de Tecnolog\u00eda M\u00e9dica (Agnet) y un programa de pasant\u00edas y capacitaci\u00f3n laboral. Esta iniciativa hab\u00eda generado un malestar sindical en 2017, y termin\u00f3 naufragando la reforma laboral en el Congreso. Pese a ello el Gobierno&hellip;<\/p>\n","protected":false},"author":1,"featured_media":17320,"comment_status":"open","ping_status":"open","sticky":false,"template":"","format":"standard","meta":{"footnotes":""},"categories":[13],"tags":[86,28755,28753,28754],"class_list":["post-77943","post","type-post","status-publish","format-standard","has-post-thumbnail","hentry","category-politica","tag-congreso","tag-fondo-de-cese-laboral","tag-indemnizaciones-por-despido","tag-lct"],"_links":{"self":[{"href":"https:\/\/www.elsindical.com.ar\/notas\/wp-json\/wp\/v2\/posts\/77943","targetHints":{"allow":["GET"]}}],"collection":[{"href":"https:\/\/www.elsindical.com.ar\/notas\/wp-json\/wp\/v2\/posts"}],"about":[{"href":"https:\/\/www.elsindical.com.ar\/notas\/wp-json\/wp\/v2\/types\/post"}],"author":[{"embeddable":true,"href":"https:\/\/www.elsindical.com.ar\/notas\/wp-json\/wp\/v2\/users\/1"}],"replies":[{"embeddable":true,"href":"https:\/\/www.elsindical.com.ar\/notas\/wp-json\/wp\/v2\/comments?post=77943"}],"version-history":[{"count":1,"href":"https:\/\/www.elsindical.com.ar\/notas\/wp-json\/wp\/v2\/posts\/77943\/revisions"}],"predecessor-version":[{"id":77944,"href":"https:\/\/www.elsindical.com.ar\/notas\/wp-json\/wp\/v2\/posts\/77943\/revisions\/77944"}],"wp:featuredmedia":[{"embeddable":true,"href":"https:\/\/www.elsindical.com.ar\/notas\/wp-json\/wp\/v2\/media\/17320"}],"wp:attachment":[{"href":"https:\/\/www.elsindical.com.ar\/notas\/wp-json\/wp\/v2\/media?parent=77943"}],"wp:term":[{"taxonomy":"category","embeddable":true,"href":"https:\/\/www.elsindical.com.ar\/notas\/wp-json\/wp\/v2\/categories?post=77943"},{"taxonomy":"post_tag","embeddable":true,"href":"https:\/\/www.elsindical.com.ar\/notas\/wp-json\/wp\/v2\/tags?post=77943"}],"curies":[{"name":"wp","href":"https:\/\/api.w.org\/{rel}","templated":true}]}}