{"id":77940,"date":"2018-04-29T02:34:14","date_gmt":"2018-04-29T05:34:14","guid":{"rendered":"http:\/\/www.elsindical.com.ar\/notas\/?p=77940"},"modified":"2018-04-29T02:34:14","modified_gmt":"2018-04-29T05:34:14","slug":"almirante-brown-roban-pistolas-y-chalecos-a-dos-mujeres-policia","status":"publish","type":"post","link":"https:\/\/www.elsindical.com.ar\/notas\/almirante-brown-roban-pistolas-y-chalecos-a-dos-mujeres-policia\/","title":{"rendered":"Almirante Brown: Roban pistolas y chalecos a dos mujeres polic\u00eda"},"content":{"rendered":"<p><em>\u00a0 <a href=\"http:\/\/www.elsindical.com.ar\/notas\/var\/www\/html\/notas\/wp-content\/uploads\/2018\/04\/robo-a-polic\u00edas-en-Claypole.jpg\"><img loading=\"lazy\" decoding=\"async\" class=\"alignnone size-medium wp-image-77941\" src=\"http:\/\/www.elsindical.com.ar\/notas\/var\/www\/html\/notas\/wp-content\/uploads\/2018\/04\/robo-a-polic\u00edas-en-Claypole-300x169.jpg\" alt=\"\" width=\"300\" height=\"169\" srcset=\"https:\/\/www.elsindical.com.ar\/notas\/var\/www\/html\/notas\/wp-content\/uploads\/2018\/04\/robo-a-polic\u00edas-en-Claypole-300x169.jpg 300w, https:\/\/www.elsindical.com.ar\/notas\/var\/www\/html\/notas\/wp-content\/uploads\/2018\/04\/robo-a-polic\u00edas-en-Claypole-768x432.jpg 768w, https:\/\/www.elsindical.com.ar\/notas\/var\/www\/html\/notas\/wp-content\/uploads\/2018\/04\/robo-a-polic\u00edas-en-Claypole-500x281.jpg 500w, https:\/\/www.elsindical.com.ar\/notas\/var\/www\/html\/notas\/wp-content\/uploads\/2018\/04\/robo-a-polic\u00edas-en-Claypole-460x260.jpg 460w, https:\/\/www.elsindical.com.ar\/notas\/var\/www\/html\/notas\/wp-content\/uploads\/2018\/04\/robo-a-polic\u00edas-en-Claypole.jpg 970w\" sizes=\"auto, (max-width: 300px) 100vw, 300px\" \/><\/a>\u00a0Sucedi\u00f3 en la localidad bonaerense de Claypole, cuando un delincuente redujo a 2 mujeres de la Polic\u00eda Local de Almirante Brown.<\/em><\/p>\n<p>La localidad bonaerense de Claypole se convirti\u00f3 en escenario de un preocupante suceso, ya que un delincuente asalt\u00f3 a 2 mujeres que integran la Polic\u00eda Local de Almirante Brown, tras sorprenderlas en una garita, en la que llevaban adelante labores de vigilancia. El hamp\u00f3n, que se dio la fuga, les sustrajo a las damnificadas las pistolas y los chalecos antibalas.<\/p>\n<p>Voceros del departamento judicial de Lomas de Zamora revelaron que el hecho se produjo cuando el individuo, que portaba un arma de fuego, redujo por la fuerza a las infortunadas v\u00edctimas en el puesto de vigilancia, situado en el cruce de avenida Lacaze (el Camino de Cintura &#8211; la ruta provincial 4) y Pedro Agrelo, en el citado distrito, en el sur del conurbano.<\/p>\n<p>De acuerdo a lo manifestado por los informantes, el malviviente despoj\u00f3 a las funcionarias de sus pistolas 9 mil\u00edmetros y tambi\u00e9n de los chalecos protectores.<\/p>\n<p>Pesquisas policiales de la comisar\u00eda de Claypole (6a de Almirante Brown) realizan diferentes procedimientos para apresar al sujeto.<\/p>\n","protected":false},"excerpt":{"rendered":"<p>\u00a0 \u00a0Sucedi\u00f3 en la localidad bonaerense de Claypole, cuando un delincuente redujo a 2 mujeres de la Polic\u00eda Local de Almirante Brown. La localidad bonaerense de Claypole se convirti\u00f3 en escenario de un preocupante suceso, ya que un delincuente asalt\u00f3 a 2 mujeres que integran la Polic\u00eda Local de Almirante Brown, tras sorprenderlas en una&hellip;<\/p>\n","protected":false},"author":1,"featured_media":77941,"comment_status":"open","ping_status":"open","sticky":false,"template":"","format":"standard","meta":{"footnotes":""},"categories":[22],"tags":[2670,424,7050,18888],"class_list":["post-77940","post","type-post","status-publish","format-standard","has-post-thumbnail","hentry","category-policiales","tag-almirante-brown","tag-armas","tag-chalecos","tag-claypole"],"_links":{"self":[{"href":"https:\/\/www.elsindical.com.ar\/notas\/wp-json\/wp\/v2\/posts\/77940","targetHints":{"allow":["GET"]}}],"collection":[{"href":"https:\/\/www.elsindical.com.ar\/notas\/wp-json\/wp\/v2\/posts"}],"about":[{"href":"https:\/\/www.elsindical.com.ar\/notas\/wp-json\/wp\/v2\/types\/post"}],"author":[{"embeddable":true,"href":"https:\/\/www.elsindical.com.ar\/notas\/wp-json\/wp\/v2\/users\/1"}],"replies":[{"embeddable":true,"href":"https:\/\/www.elsindical.com.ar\/notas\/wp-json\/wp\/v2\/comments?post=77940"}],"version-history":[{"count":1,"href":"https:\/\/www.elsindical.com.ar\/notas\/wp-json\/wp\/v2\/posts\/77940\/revisions"}],"predecessor-version":[{"id":77942,"href":"https:\/\/www.elsindical.com.ar\/notas\/wp-json\/wp\/v2\/posts\/77940\/revisions\/77942"}],"wp:featuredmedia":[{"embeddable":true,"href":"https:\/\/www.elsindical.com.ar\/notas\/wp-json\/wp\/v2\/media\/77941"}],"wp:attachment":[{"href":"https:\/\/www.elsindical.com.ar\/notas\/wp-json\/wp\/v2\/media?parent=77940"}],"wp:term":[{"taxonomy":"category","embeddable":true,"href":"https:\/\/www.elsindical.com.ar\/notas\/wp-json\/wp\/v2\/categories?post=77940"},{"taxonomy":"post_tag","embeddable":true,"href":"https:\/\/www.elsindical.com.ar\/notas\/wp-json\/wp\/v2\/tags?post=77940"}],"curies":[{"name":"wp","href":"https:\/\/api.w.org\/{rel}","templated":true}]}}