{"id":77934,"date":"2018-04-29T02:12:27","date_gmt":"2018-04-29T05:12:27","guid":{"rendered":"http:\/\/www.elsindical.com.ar\/notas\/?p=77934"},"modified":"2018-04-29T02:12:27","modified_gmt":"2018-04-29T05:12:27","slug":"chubut-acosador-suelto-en-puerto-madryn","status":"publish","type":"post","link":"https:\/\/www.elsindical.com.ar\/notas\/chubut-acosador-suelto-en-puerto-madryn\/","title":{"rendered":"Chubut: Acosador suelto en Puerto Madryn"},"content":{"rendered":"<p><a href=\"http:\/\/www.elsindical.com.ar\/notas\/var\/www\/html\/notas\/wp-content\/uploads\/2018\/04\/Xavier-acosador.jpg\"><img loading=\"lazy\" decoding=\"async\" class=\"alignnone size-medium wp-image-77936\" src=\"http:\/\/www.elsindical.com.ar\/notas\/var\/www\/html\/notas\/wp-content\/uploads\/2018\/04\/Xavier-acosador-300x225.jpg\" alt=\"\" width=\"300\" height=\"225\" srcset=\"https:\/\/www.elsindical.com.ar\/notas\/var\/www\/html\/notas\/wp-content\/uploads\/2018\/04\/Xavier-acosador-300x225.jpg 300w, https:\/\/www.elsindical.com.ar\/notas\/var\/www\/html\/notas\/wp-content\/uploads\/2018\/04\/Xavier-acosador-768x576.jpg 768w, https:\/\/www.elsindical.com.ar\/notas\/var\/www\/html\/notas\/wp-content\/uploads\/2018\/04\/Xavier-acosador-400x300.jpg 400w, https:\/\/www.elsindical.com.ar\/notas\/var\/www\/html\/notas\/wp-content\/uploads\/2018\/04\/Xavier-acosador.jpg 960w\" sizes=\"auto, (max-width: 300px) 100vw, 300px\" \/><\/a> \u00a0Cuando el mundo intenta desterrar conductas que hoy constituyen delito en cualquier pa\u00eds civilizado, donde las mujeres se animan a denunciar el acoso y la violencia de g\u00e9nero, pareciera que a\u00fan quedan imb\u00e9ciles que no entendieron o no quieren entender que NO es NO.<\/p>\n<p>La colega Magal\u00ed Acosta viene soportando desde hace un tiempo las groser\u00edas de un personaje que en su perfil de Facebook se presenta como <a href=\"https:\/\/www.facebook.com\/xaviermartin.diaz\">Xavier Mart\u00edn D\u00edaz<\/a>, aporta pocos datos entre ellos que es Ayudante de Oficial en la Minera Nueva Le\u00f3n, empresa que tiene domicilio legal en la calle Guti\u00e9rrez de La Concha 264, Rada Tilly, Chubut.<\/p>\n<p>El indecente tendr\u00eda 40 a\u00f1os, oriundo de Comodoro Rivadavia y tendr\u00eda como CUIT 20-25973882-3, nacido el 26 de junio de 1977.<\/p>\n<p>Desde proposiciones indecentes, a el env\u00edo de fotos desnudo, descalificando a la mujer por la negativa a acceder a sus deseos y descalificando a su propia pareja, la conducta del sujeto se ha vuelto criminal.<\/p>\n<p>Esperamos que las autoridades correspondientes tomen intervenci\u00f3n en el caso y que las distintas agrupaciones feministas puedan acompa\u00f1ar acciones para evitar que este sujeto repita sus despreciables actos con otras mujeres, algo de lo que en su reprochable conducta parece ser un pasatiempo.<\/p>\n<p><a href=\"http:\/\/www.elsindical.com.ar\/notas\/var\/www\/html\/notas\/wp-content\/uploads\/2018\/04\/Xavier-acosador-con-su-mujer.jpg\"><img loading=\"lazy\" decoding=\"async\" class=\"alignnone size-medium wp-image-77938\" src=\"http:\/\/www.elsindical.com.ar\/notas\/var\/www\/html\/notas\/wp-content\/uploads\/2018\/04\/Xavier-acosador-con-su-mujer-300x300.jpg\" alt=\"\" width=\"300\" height=\"300\" srcset=\"https:\/\/www.elsindical.com.ar\/notas\/var\/www\/html\/notas\/wp-content\/uploads\/2018\/04\/Xavier-acosador-con-su-mujer-300x300.jpg 300w, https:\/\/www.elsindical.com.ar\/notas\/var\/www\/html\/notas\/wp-content\/uploads\/2018\/04\/Xavier-acosador-con-su-mujer-150x150.jpg 150w, https:\/\/www.elsindical.com.ar\/notas\/var\/www\/html\/notas\/wp-content\/uploads\/2018\/04\/Xavier-acosador-con-su-mujer-768x768.jpg 768w, https:\/\/www.elsindical.com.ar\/notas\/var\/www\/html\/notas\/wp-content\/uploads\/2018\/04\/Xavier-acosador-con-su-mujer-50x50.jpg 50w, https:\/\/www.elsindical.com.ar\/notas\/var\/www\/html\/notas\/wp-content\/uploads\/2018\/04\/Xavier-acosador-con-su-mujer.jpg 960w\" sizes=\"auto, (max-width: 300px) 100vw, 300px\" \/><\/a> <a href=\"http:\/\/www.elsindical.com.ar\/notas\/var\/www\/html\/notas\/wp-content\/uploads\/2018\/04\/muro-acosador.jpg\"><img loading=\"lazy\" decoding=\"async\" class=\"alignnone size-medium wp-image-77937\" src=\"http:\/\/www.elsindical.com.ar\/notas\/var\/www\/html\/notas\/wp-content\/uploads\/2018\/04\/muro-acosador-300x215.jpg\" alt=\"\" width=\"300\" height=\"215\" srcset=\"https:\/\/www.elsindical.com.ar\/notas\/var\/www\/html\/notas\/wp-content\/uploads\/2018\/04\/muro-acosador-300x215.jpg 300w, https:\/\/www.elsindical.com.ar\/notas\/var\/www\/html\/notas\/wp-content\/uploads\/2018\/04\/muro-acosador-768x551.jpg 768w, https:\/\/www.elsindical.com.ar\/notas\/var\/www\/html\/notas\/wp-content\/uploads\/2018\/04\/muro-acosador-418x300.jpg 418w, https:\/\/www.elsindical.com.ar\/notas\/var\/www\/html\/notas\/wp-content\/uploads\/2018\/04\/muro-acosador.jpg 847w\" sizes=\"auto, (max-width: 300px) 100vw, 300px\" \/><\/a> <a href=\"http:\/\/www.elsindical.com.ar\/notas\/var\/www\/html\/notas\/wp-content\/uploads\/2018\/04\/mensajes-acosador.jpg\"><img loading=\"lazy\" decoding=\"async\" class=\"alignnone size-medium wp-image-77935\" src=\"http:\/\/www.elsindical.com.ar\/notas\/var\/www\/html\/notas\/wp-content\/uploads\/2018\/04\/mensajes-acosador-169x300.jpg\" alt=\"\" width=\"169\" height=\"300\" srcset=\"https:\/\/www.elsindical.com.ar\/notas\/var\/www\/html\/notas\/wp-content\/uploads\/2018\/04\/mensajes-acosador-169x300.jpg 169w, https:\/\/www.elsindical.com.ar\/notas\/var\/www\/html\/notas\/wp-content\/uploads\/2018\/04\/mensajes-acosador.jpg 540w\" sizes=\"auto, (max-width: 169px) 100vw, 169px\" \/><\/a><\/p>\n","protected":false},"excerpt":{"rendered":"<p>\u00a0Cuando el mundo intenta desterrar conductas que hoy constituyen delito en cualquier pa\u00eds civilizado, donde las mujeres se animan a denunciar el acoso y la violencia de g\u00e9nero, pareciera que a\u00fan quedan imb\u00e9ciles que no entendieron o no quieren entender que NO es NO. La colega Magal\u00ed Acosta viene soportando desde hace un tiempo las&hellip;<\/p>\n","protected":false},"author":1,"featured_media":77936,"comment_status":"open","ping_status":"open","sticky":false,"template":"","format":"standard","meta":{"footnotes":""},"categories":[6],"tags":[7709,886,219,28752,28751,2414,28750],"class_list":["post-77934","post","type-post","status-publish","format-standard","has-post-thumbnail","hentry","category-denuncias","tag-acoso","tag-chubut","tag-facebook","tag-magali-acosta","tag-minera-nueva-leon","tag-puerto-madryn","tag-xavier-martin-diaz"],"_links":{"self":[{"href":"https:\/\/www.elsindical.com.ar\/notas\/wp-json\/wp\/v2\/posts\/77934","targetHints":{"allow":["GET"]}}],"collection":[{"href":"https:\/\/www.elsindical.com.ar\/notas\/wp-json\/wp\/v2\/posts"}],"about":[{"href":"https:\/\/www.elsindical.com.ar\/notas\/wp-json\/wp\/v2\/types\/post"}],"author":[{"embeddable":true,"href":"https:\/\/www.elsindical.com.ar\/notas\/wp-json\/wp\/v2\/users\/1"}],"replies":[{"embeddable":true,"href":"https:\/\/www.elsindical.com.ar\/notas\/wp-json\/wp\/v2\/comments?post=77934"}],"version-history":[{"count":1,"href":"https:\/\/www.elsindical.com.ar\/notas\/wp-json\/wp\/v2\/posts\/77934\/revisions"}],"predecessor-version":[{"id":77939,"href":"https:\/\/www.elsindical.com.ar\/notas\/wp-json\/wp\/v2\/posts\/77934\/revisions\/77939"}],"wp:featuredmedia":[{"embeddable":true,"href":"https:\/\/www.elsindical.com.ar\/notas\/wp-json\/wp\/v2\/media\/77936"}],"wp:attachment":[{"href":"https:\/\/www.elsindical.com.ar\/notas\/wp-json\/wp\/v2\/media?parent=77934"}],"wp:term":[{"taxonomy":"category","embeddable":true,"href":"https:\/\/www.elsindical.com.ar\/notas\/wp-json\/wp\/v2\/categories?post=77934"},{"taxonomy":"post_tag","embeddable":true,"href":"https:\/\/www.elsindical.com.ar\/notas\/wp-json\/wp\/v2\/tags?post=77934"}],"curies":[{"name":"wp","href":"https:\/\/api.w.org\/{rel}","templated":true}]}}