{"id":77932,"date":"2018-04-29T01:41:55","date_gmt":"2018-04-29T04:41:55","guid":{"rendered":"http:\/\/www.elsindical.com.ar\/notas\/?p=77932"},"modified":"2018-04-29T01:41:55","modified_gmt":"2018-04-29T04:41:55","slug":"efemerides-del-dia-29-de-abril-6","status":"publish","type":"post","link":"https:\/\/www.elsindical.com.ar\/notas\/efemerides-del-dia-29-de-abril-6\/","title":{"rendered":"EFEM\u00c9RIDES: DEL D\u00cdA 29 DE ABRIL"},"content":{"rendered":"<p>\u2013 D\u00eda del Animal (Argentina)<\/p>\n<p>\u2013 D\u00eda Internacional de la Danza<\/p>\n<p>\u2013 D\u00eda de Conmemoraci\u00f3n de todas las v\u00edctimas de la guerra qu\u00edmica<\/p>\n<p>1429 \u2013 Juana de Arco dirige a los franceses en su victoria contra los ingleses en Orleans.<\/p>\n<p>1808 \u2013 El Cabildo de Buenos Aires rechaza las pretensiones del pr\u00edncipe regente de Brasil de que le prestaran obediencia, tras haber sido despojado el Rey de Espa\u00f1a de su corona.<\/p>\n<p>1818 \u2013 Nace Alejandro II, zar de Rusia.<\/p>\n<p>1821 \u2013 Muere Domingo de Azcu\u00e9naga, jurisconsulto y poeta, primer fabulista argentino.<\/p>\n<p>1854 \u2013 Nace Henri Poincare, f\u00edsico y matem\u00e1tico franc\u00e9s. Y<\/p>\n<p>1899 \u2013 Nace Edward Kennedy \u201cDuke\u201d Ellington, pianista, compositor y director de orquesta estadounidense.<\/p>\n<p>1901 \u2013 Nace en Tokio, Hiro-Hito, emperador de Jap\u00f3n entre 1926 y 1989.<\/p>\n<p>1922 \u2013 Comienza a regir el C\u00f3digo Penal argentino, sancionado el 30 de septiembre de 1921.<\/p>\n<p>1926 \u2013 Muere Ignacio Albarrac\u00edn, propulsor de la Ley de Defensa a los Animales.<\/p>\n<p>1931 \u2013 Nace el pintor y dise\u00f1ador R\u00f3mulo Macci\u00f3.<\/p>\n<p>1932 \u2013 Muere en Par\u00eds el ex presidente Jos\u00e9 F\u00e9lix Uriburu.<\/p>\n<p>1936 \u2013 Nace el director de orquesta indio Zubin Mehta.<\/p>\n<p>1936 \u2013 Nace la poeta Alejandra Pizarnik.<\/p>\n<p>1942 \u2013 Segunda Guerra Mundial: encuentro de Hitler y Mussolini en el palacio de Klessheim.<\/p>\n<p>1945 \u2013 Los norteamericanos liberan el campo de concentraci\u00f3n alem\u00e1n de Dachau.<\/p>\n<p>1945 \u2013 En su bunker de Berl\u00edn, Adolf Hitler se casa con Eva Braun y designa como su sucesor a Karl Doenitz.<\/p>\n<p>1954 \u2013 Nace Jerry Seinfeld, comediante.<\/p>\n<p>1958 \u2013 Nace Michelle Pfeiffer, actriz.<\/p>\n<p>1967 \u2013 Mirta Massa gana en Miami el concurso Miss Belleza Internacional.<\/p>\n<p>1968 \u2013 Nace el futbolista N\u00e9stor Fabbri.<\/p>\n<p>1970 \u2013 Nace el tenista estadounidense Andre Agassi.<\/p>\n<p>1970 \u2013 Nace Uma Thurman, actriz estadounidense.<\/p>\n<p>1980 \u2013 Muere el director, productor y guionista de cine brit\u00e1nico Sir Alfred Hitchcock.<\/p>\n<p>1988 \u2013 Mijail Gorbachov, presidente de la URSS, recibe en el Kremlim, por primera vez, al patriarca de la Iglesia Ortodoxa rusa, Pimen.<\/p>\n<p>1992 \u2013 Ola de violencia racial en Los Angeles y otras ciudades estadounidenses con 58 muertos, 200 heridos graves y da\u00f1os materiales valorados en mil millones de d\u00f3lares. La Corte hab\u00eda declarado inocentes a cuatro polic\u00edas que golpearon a Rodney King.<\/p>\n<p>1996 \u2013 Muere Jaime Garc\u00eda Tarr\u00e9s, poeta mexicano.<\/p>\n<p>1997 \u2013 Entra en vigor el Convenio Internacional sobre Prohibici\u00f3n de Armas Qu\u00edmicas, ratificado por 87 de los 165 estados firmantes. Rusia y Cuba no lo suscriben.<\/p>\n<p>1999 \u2013 El presidente Carlos Menem aprueba -por iniciativa del ministro de econom\u00eda Roque Fern\u00e1ndez- un ajuste de m\u00e1s de 1300 millones de pesos en el presupuesto nacional. La medida aceler\u00f3 la renuncia de la ministra de educaci\u00f3n Susana Decibe.<\/p>\n<p>2003 \u2013 La provincia argentina de Santa Fe sufre la peor inundaci\u00f3n de su historia.<\/p>\n<p>2004 \u2013 Diez soldados de EEUU mueren en un atentado en Bagdad. Muestran a marines torturando prisioneros iraqu\u00edes<\/p>\n<p>2004 \u2013 Fotos revelan abuso y humillaci\u00f3n sexual de prisioneros bajo custodia estadounidense en la prisi\u00f3n de Abu Ghraib, en Irak.<\/p>\n<p>2006 \u2013 Muere John Kenneth Galbraith, economista estadounidense de origen canadiense.<\/p>\n<p>2011 \u2013 Se celebra la boda entre el pr\u00edncipe Guillermo de Gales y Catherine Elizabeth Middleto.<\/p>\n<p>2014 \u2013 Muere Norma Pons, actriz y vedette argentina.<\/p>\n<p>2014 \u2013 Muere Bob Hoskins, actor y productor brit\u00e1nico.<\/p>\n<p>2015 \u2013 Muere Jean Fran\u00e7ois Casanovas, actor, director de teatro, bailar\u00edn y core\u00f3grafo franco-argentino.<\/p>\n","protected":false},"excerpt":{"rendered":"<p>\u2013 D\u00eda del Animal (Argentina) \u2013 D\u00eda Internacional de la Danza \u2013 D\u00eda de Conmemoraci\u00f3n de todas las v\u00edctimas de la guerra qu\u00edmica 1429 \u2013 Juana de Arco dirige a los franceses en su victoria contra los ingleses en Orleans. 1808 \u2013 El Cabildo de Buenos Aires rechaza las pretensiones del pr\u00edncipe regente de Brasil&hellip;<\/p>\n","protected":false},"author":1,"featured_media":0,"comment_status":"open","ping_status":"open","sticky":false,"template":"","format":"standard","meta":{"footnotes":""},"categories":[14],"tags":[],"class_list":["post-77932","post","type-post","status-publish","format-standard","hentry","category-efemerides"],"_links":{"self":[{"href":"https:\/\/www.elsindical.com.ar\/notas\/wp-json\/wp\/v2\/posts\/77932","targetHints":{"allow":["GET"]}}],"collection":[{"href":"https:\/\/www.elsindical.com.ar\/notas\/wp-json\/wp\/v2\/posts"}],"about":[{"href":"https:\/\/www.elsindical.com.ar\/notas\/wp-json\/wp\/v2\/types\/post"}],"author":[{"embeddable":true,"href":"https:\/\/www.elsindical.com.ar\/notas\/wp-json\/wp\/v2\/users\/1"}],"replies":[{"embeddable":true,"href":"https:\/\/www.elsindical.com.ar\/notas\/wp-json\/wp\/v2\/comments?post=77932"}],"version-history":[{"count":1,"href":"https:\/\/www.elsindical.com.ar\/notas\/wp-json\/wp\/v2\/posts\/77932\/revisions"}],"predecessor-version":[{"id":77933,"href":"https:\/\/www.elsindical.com.ar\/notas\/wp-json\/wp\/v2\/posts\/77932\/revisions\/77933"}],"wp:attachment":[{"href":"https:\/\/www.elsindical.com.ar\/notas\/wp-json\/wp\/v2\/media?parent=77932"}],"wp:term":[{"taxonomy":"category","embeddable":true,"href":"https:\/\/www.elsindical.com.ar\/notas\/wp-json\/wp\/v2\/categories?post=77932"},{"taxonomy":"post_tag","embeddable":true,"href":"https:\/\/www.elsindical.com.ar\/notas\/wp-json\/wp\/v2\/tags?post=77932"}],"curies":[{"name":"wp","href":"https:\/\/api.w.org\/{rel}","templated":true}]}}