{"id":77862,"date":"2018-04-26T11:05:38","date_gmt":"2018-04-26T14:05:38","guid":{"rendered":"http:\/\/www.elsindical.com.ar\/notas\/?p=77862"},"modified":"2018-04-26T11:05:38","modified_gmt":"2018-04-26T14:05:38","slug":"la-tablada-tiroteo-con-delincuentes-fuertemente-armados","status":"publish","type":"post","link":"https:\/\/www.elsindical.com.ar\/notas\/la-tablada-tiroteo-con-delincuentes-fuertemente-armados\/","title":{"rendered":"La Tablada: Tiroteo con delincuentes fuertemente armados"},"content":{"rendered":"<p><em><a href=\"http:\/\/www.elsindical.com.ar\/notas\/var\/www\/html\/notas\/wp-content\/uploads\/2018\/04\/tiroteo-La-Tablada-04.jpg\"><img loading=\"lazy\" decoding=\"async\" class=\"alignnone size-medium wp-image-77863\" src=\"http:\/\/www.elsindical.com.ar\/notas\/var\/www\/html\/notas\/wp-content\/uploads\/2018\/04\/tiroteo-La-Tablada-04-300x169.jpg\" alt=\"\" width=\"300\" height=\"169\" srcset=\"https:\/\/www.elsindical.com.ar\/notas\/var\/www\/html\/notas\/wp-content\/uploads\/2018\/04\/tiroteo-La-Tablada-04-300x169.jpg 300w, https:\/\/www.elsindical.com.ar\/notas\/var\/www\/html\/notas\/wp-content\/uploads\/2018\/04\/tiroteo-La-Tablada-04-768x432.jpg 768w, https:\/\/www.elsindical.com.ar\/notas\/var\/www\/html\/notas\/wp-content\/uploads\/2018\/04\/tiroteo-La-Tablada-04-500x281.jpg 500w, https:\/\/www.elsindical.com.ar\/notas\/var\/www\/html\/notas\/wp-content\/uploads\/2018\/04\/tiroteo-La-Tablada-04-460x260.jpg 460w, https:\/\/www.elsindical.com.ar\/notas\/var\/www\/html\/notas\/wp-content\/uploads\/2018\/04\/tiroteo-La-Tablada-04.jpg 970w\" sizes=\"auto, (max-width: 300px) 100vw, 300px\" \/><\/a>\u00a0 Los marginales, que fueron detenidos, portaban armas de grueso calibre, entre ellas un subfusil de asalto.<\/em><\/p>\n<p>Cuatro hombres armados fueron detenidos luego de un tiroteo con agentes de la Polic\u00eda Federal que los hab\u00edan perseguido por su actitud sospechosa en la localidad bonaerense de La Tablada, informaron fuentes policiales.<\/p>\n<p>Los detenidos, a quienes se les incaut\u00f3 un fusil autom\u00e1tico, una ametralladora y varias pistolas, tienen entre 30 y 45 a\u00f1os con antecedentes por robo e incluso algunos de ellos estuvieron presos con condenas, dijeron.<\/p>\n<p>Las fuentes se\u00f1alaron que se investiga si los detenidos son responsables de una serie de secuestros registrados en los \u00faltimos d\u00edas.<\/p>\n<p>Durante la madrugada, en el cruce de la calle Segurola con la avenida General Paz, del lado de la provincia de Buenos Aires, una patrulla detect\u00f3 que un Peugeot 208 blanco con varias personas a bordo transitaba a baja velocidad y con las luces apagadas, acci\u00f3n que llam\u00f3 a atenci\u00f3n a los polic\u00edas.<\/p>\n<p>El autom\u00f3vil sospechoso huy\u00f3 cuando la patrulla policial hizo se\u00f1ales para que se detuviera, lo que dio lugar a una persecuci\u00f3n, relataron las fuentes.<\/p>\n<p>Al cabo de un corto recorrido, dos hombres se bajaron del autom\u00f3vil con una ametralladora y una pistola y comenzaron a disparar contra la Polic\u00eda, lo que desat\u00f3 un intenso intercambio de disparos.<\/p>\n<p>Los polic\u00edas lograron que los delincuentes se rindieran, con lo que fueron apresados y se les incautaron un fusil FAL de calibre 7,62 con dos cargadores completos, una ametralladora, varias pistolas, capuchas, precintos y dinero en d\u00f3lares y en pesos, dijeron las fuentes.<\/p>\n<p>El autom\u00f3vil de los detenidos ten\u00eda un pedido de secuestro activo por haber sido robado y circulaba con una patente falsificada.<\/p>\n<p><a href=\"http:\/\/www.elsindical.com.ar\/notas\/var\/www\/html\/notas\/wp-content\/uploads\/2018\/04\/tiroteo-La-Tablada-01.jpg\"><img loading=\"lazy\" decoding=\"async\" class=\"alignnone size-medium wp-image-77866\" src=\"http:\/\/www.elsindical.com.ar\/notas\/var\/www\/html\/notas\/wp-content\/uploads\/2018\/04\/tiroteo-La-Tablada-01-300x169.jpg\" alt=\"\" width=\"300\" height=\"169\" srcset=\"https:\/\/www.elsindical.com.ar\/notas\/var\/www\/html\/notas\/wp-content\/uploads\/2018\/04\/tiroteo-La-Tablada-01-300x169.jpg 300w, https:\/\/www.elsindical.com.ar\/notas\/var\/www\/html\/notas\/wp-content\/uploads\/2018\/04\/tiroteo-La-Tablada-01-768x432.jpg 768w, https:\/\/www.elsindical.com.ar\/notas\/var\/www\/html\/notas\/wp-content\/uploads\/2018\/04\/tiroteo-La-Tablada-01-500x281.jpg 500w, https:\/\/www.elsindical.com.ar\/notas\/var\/www\/html\/notas\/wp-content\/uploads\/2018\/04\/tiroteo-La-Tablada-01-460x260.jpg 460w, https:\/\/www.elsindical.com.ar\/notas\/var\/www\/html\/notas\/wp-content\/uploads\/2018\/04\/tiroteo-La-Tablada-01.jpg 970w\" sizes=\"auto, (max-width: 300px) 100vw, 300px\" \/><\/a> <a href=\"http:\/\/www.elsindical.com.ar\/notas\/var\/www\/html\/notas\/wp-content\/uploads\/2018\/04\/tiroteo-La-Tablada-02.jpg\"><img loading=\"lazy\" decoding=\"async\" class=\"alignnone size-medium wp-image-77865\" src=\"http:\/\/www.elsindical.com.ar\/notas\/var\/www\/html\/notas\/wp-content\/uploads\/2018\/04\/tiroteo-La-Tablada-02-300x169.jpg\" alt=\"\" width=\"300\" height=\"169\" srcset=\"https:\/\/www.elsindical.com.ar\/notas\/var\/www\/html\/notas\/wp-content\/uploads\/2018\/04\/tiroteo-La-Tablada-02-300x169.jpg 300w, https:\/\/www.elsindical.com.ar\/notas\/var\/www\/html\/notas\/wp-content\/uploads\/2018\/04\/tiroteo-La-Tablada-02-768x432.jpg 768w, https:\/\/www.elsindical.com.ar\/notas\/var\/www\/html\/notas\/wp-content\/uploads\/2018\/04\/tiroteo-La-Tablada-02-500x281.jpg 500w, https:\/\/www.elsindical.com.ar\/notas\/var\/www\/html\/notas\/wp-content\/uploads\/2018\/04\/tiroteo-La-Tablada-02-460x260.jpg 460w, https:\/\/www.elsindical.com.ar\/notas\/var\/www\/html\/notas\/wp-content\/uploads\/2018\/04\/tiroteo-La-Tablada-02.jpg 970w\" sizes=\"auto, (max-width: 300px) 100vw, 300px\" \/><\/a> <a href=\"http:\/\/www.elsindical.com.ar\/notas\/var\/www\/html\/notas\/wp-content\/uploads\/2018\/04\/tiroteo-La-Tablada-03.jpg\"><img loading=\"lazy\" decoding=\"async\" class=\"alignnone size-medium wp-image-77864\" src=\"http:\/\/www.elsindical.com.ar\/notas\/var\/www\/html\/notas\/wp-content\/uploads\/2018\/04\/tiroteo-La-Tablada-03-300x169.jpg\" alt=\"\" width=\"300\" height=\"169\" srcset=\"https:\/\/www.elsindical.com.ar\/notas\/var\/www\/html\/notas\/wp-content\/uploads\/2018\/04\/tiroteo-La-Tablada-03-300x169.jpg 300w, https:\/\/www.elsindical.com.ar\/notas\/var\/www\/html\/notas\/wp-content\/uploads\/2018\/04\/tiroteo-La-Tablada-03-768x432.jpg 768w, https:\/\/www.elsindical.com.ar\/notas\/var\/www\/html\/notas\/wp-content\/uploads\/2018\/04\/tiroteo-La-Tablada-03-500x281.jpg 500w, https:\/\/www.elsindical.com.ar\/notas\/var\/www\/html\/notas\/wp-content\/uploads\/2018\/04\/tiroteo-La-Tablada-03-460x260.jpg 460w, https:\/\/www.elsindical.com.ar\/notas\/var\/www\/html\/notas\/wp-content\/uploads\/2018\/04\/tiroteo-La-Tablada-03.jpg 970w\" sizes=\"auto, (max-width: 300px) 100vw, 300px\" \/><\/a><\/p>\n","protected":false},"excerpt":{"rendered":"<p>\u00a0 Los marginales, que fueron detenidos, portaban armas de grueso calibre, entre ellas un subfusil de asalto. Cuatro hombres armados fueron detenidos luego de un tiroteo con agentes de la Polic\u00eda Federal que los hab\u00edan perseguido por su actitud sospechosa en la localidad bonaerense de La Tablada, informaron fuentes policiales. Los detenidos, a quienes se&hellip;<\/p>\n","protected":false},"author":1,"featured_media":77863,"comment_status":"open","ping_status":"open","sticky":false,"template":"","format":"standard","meta":{"footnotes":""},"categories":[22],"tags":[424,1181,698,238],"class_list":["post-77862","post","type-post","status-publish","format-standard","has-post-thumbnail","hentry","category-policiales","tag-armas","tag-la-tablada","tag-pfa","tag-tiroteo"],"_links":{"self":[{"href":"https:\/\/www.elsindical.com.ar\/notas\/wp-json\/wp\/v2\/posts\/77862","targetHints":{"allow":["GET"]}}],"collection":[{"href":"https:\/\/www.elsindical.com.ar\/notas\/wp-json\/wp\/v2\/posts"}],"about":[{"href":"https:\/\/www.elsindical.com.ar\/notas\/wp-json\/wp\/v2\/types\/post"}],"author":[{"embeddable":true,"href":"https:\/\/www.elsindical.com.ar\/notas\/wp-json\/wp\/v2\/users\/1"}],"replies":[{"embeddable":true,"href":"https:\/\/www.elsindical.com.ar\/notas\/wp-json\/wp\/v2\/comments?post=77862"}],"version-history":[{"count":1,"href":"https:\/\/www.elsindical.com.ar\/notas\/wp-json\/wp\/v2\/posts\/77862\/revisions"}],"predecessor-version":[{"id":77867,"href":"https:\/\/www.elsindical.com.ar\/notas\/wp-json\/wp\/v2\/posts\/77862\/revisions\/77867"}],"wp:featuredmedia":[{"embeddable":true,"href":"https:\/\/www.elsindical.com.ar\/notas\/wp-json\/wp\/v2\/media\/77863"}],"wp:attachment":[{"href":"https:\/\/www.elsindical.com.ar\/notas\/wp-json\/wp\/v2\/media?parent=77862"}],"wp:term":[{"taxonomy":"category","embeddable":true,"href":"https:\/\/www.elsindical.com.ar\/notas\/wp-json\/wp\/v2\/categories?post=77862"},{"taxonomy":"post_tag","embeddable":true,"href":"https:\/\/www.elsindical.com.ar\/notas\/wp-json\/wp\/v2\/tags?post=77862"}],"curies":[{"name":"wp","href":"https:\/\/api.w.org\/{rel}","templated":true}]}}