{"id":77840,"date":"2018-04-25T23:21:12","date_gmt":"2018-04-26T02:21:12","guid":{"rendered":"http:\/\/www.elsindical.com.ar\/notas\/?p=77840"},"modified":"2018-04-25T23:21:12","modified_gmt":"2018-04-26T02:21:12","slug":"avellaneda-otra-victima-fatal-y-los-vecinos-dicen-basta","status":"publish","type":"post","link":"https:\/\/www.elsindical.com.ar\/notas\/avellaneda-otra-victima-fatal-y-los-vecinos-dicen-basta\/","title":{"rendered":"Avellaneda: Otra v\u00edctima fatal y los vecinos dicen basta!!"},"content":{"rendered":"<p><a href=\"http:\/\/www.elsindical.com.ar\/notas\/var\/www\/html\/notas\/wp-content\/uploads\/2018\/04\/20180425_185116.jpg\"><img loading=\"lazy\" decoding=\"async\" class=\"alignnone size-medium wp-image-77841\" src=\"http:\/\/www.elsindical.com.ar\/notas\/var\/www\/html\/notas\/wp-content\/uploads\/2018\/04\/20180425_185116-300x225.jpg\" alt=\"\" width=\"300\" height=\"225\" srcset=\"https:\/\/www.elsindical.com.ar\/notas\/var\/www\/html\/notas\/wp-content\/uploads\/2018\/04\/20180425_185116-300x225.jpg 300w, https:\/\/www.elsindical.com.ar\/notas\/var\/www\/html\/notas\/wp-content\/uploads\/2018\/04\/20180425_185116-768x576.jpg 768w, https:\/\/www.elsindical.com.ar\/notas\/var\/www\/html\/notas\/wp-content\/uploads\/2018\/04\/20180425_185116-1024x768.jpg 1024w, https:\/\/www.elsindical.com.ar\/notas\/var\/www\/html\/notas\/wp-content\/uploads\/2018\/04\/20180425_185116-400x300.jpg 400w\" sizes=\"auto, (max-width: 300px) 100vw, 300px\" \/><\/a>\u00a0 \u00a0Una nueva v\u00edctima de la inseguridad se suma a la extensa lista que d\u00eda a d\u00eda se suman en la provincia de Buenos Aires, detalle importante que desde hace meses vengo se\u00f1alando y la incapacidad pol\u00edtica para resolver una situaci\u00f3n que genera miedo entre los ciudadanos de la provincia con la fuerza policial m\u00e1s grande de la Argentina.<\/p>\n<p>A pesar de ello, los partidos con m\u00e1s reclamos de seguridad insisten en la falta de polic\u00edas y m\u00f3viles, algunos de estos partidos han obtenido de parte de la Gobernadora Mar\u00eda Eugenia Vidal una asistencia diferenciada, mientras que Lan\u00fas, Quilmes y Lomas de Zamora han recibido nuevas patrullas, la pelea pol\u00edtica con el intendente Jorge Ferraresi dej\u00f3 al partido de Avellaneda como un campo de batalla pol\u00edtico donde los perjudicados son los vecinos.<\/p>\n<p>El capricho del intendente Jorge Ferraresi de no atender los reclamos de los vecinos con la excusa que es un tema de la gobernaci\u00f3n la seguridad, lo cual es cierto, pero tambi\u00e9n es cierto que como intendente, as\u00ed como se puso al frente de \u00abla resistencia pol\u00edtica\u00bb deber\u00eda ponerse al frente de los reclamos vecinales y no descuidar la inversi\u00f3n en seguridad, c\u00e1maras del Centro de Monitoreo, la compra de ambulancias que tan necesarias son, colaborar en la asistencia de La Polic\u00eda Local.<\/p>\n<p>Por otro lado, con la estad\u00edstica negativa que tiene hoy la provincia de Buenos Aires, algo de lo que se refiri\u00f3 hasta el propio Baby Etchecopar de un promedio de 5 muertos diarios, se hace necesario que de una buena vez las medidas de seguridad sean eficientes, el ministro de seguridad Cristian Ritondo no ha sabido conducir con eficiencia el ministerio y ya ni las campa\u00f1as medi\u00e1ticas donde se pretende mostrar una lucha contra el delito son cre\u00edbles, los procedimientos policiales son insuficientes y las investigaciones poco eficientes, subestimando al ciudadano cuando te venden el derribo de un b\u00fanker del narcotr\u00e1fico y se trata de una casilla de chapa, esto se tiene que terminar y trabajar de verdad.<\/p>\n<p>El miedo de los ciudadanos, lleva a que se produzcan muertes innecesarias, el asesinato de Gabriel Roberto Ojeda en la localidad de Sarand\u00ed, partido de Avellaneda, mientras custodiaba una helader\u00eda de la firma GRIDO, son un ejemplo de lo incorrecto, ya que el hombre desarrollaba una tarea para la que no estaba capacitado, portar un arma no convierte a ese ciudadano en alguien que pueda desarrollar tareas de vigilancia en las \u00e9pocas donde los delincuentes disparan y matan sin dudar.<\/p>\n<p>La intenci\u00f3n de Ojeda al ver a los delincuentes fue el de espantarlos, vecinos del lugar confirmaron que el custodio efectu\u00f3 un disparo al aire, pero los delincuentes que lo superaban en n\u00famero mientras hu\u00edan uno efectu\u00f3 un disparo que hiri\u00f3 de gravedad a Ojeda que no soport\u00f3 la segunda operaci\u00f3n y muri\u00f3 en el Hospital Presidente Per\u00f3n donde lleg\u00f3 trasladado en una camioneta policial por la demora de la ambulancia, el centro de emergencias donde est\u00e1 la base de las ambulancias municipales est\u00e1 a pocas cuadras del hecho.<\/p>\n<p>Por testimonios recogidos en el lugar, desde los \u00faltimos robos, el local de helader\u00eda contaba con un cuaderno de control, que los m\u00f3viles deb\u00edan firmar al patrullar, pero el due\u00f1o del local a pesar de ello prefiri\u00f3 contratar al custodio, que no era miembro de ninguna fuerza como algunos cre\u00edan, s\u00ed su padre retirado de la polic\u00eda.<\/p>\n<p>La falta de ambulancias es un tema urgente que el municipio debe resolver, pero no es solo el intendente el responsable, quien escribe presento formalmente a la Defensora del Pueblo de Avellaneda Mar\u00eda Laura Garibaldi, un pedido para que act\u00fae ante el municipio al respecto, el resultado fue inesperado, no solo no hizo ninguna recomendaci\u00f3n al intendente por la falta de ambulancias, sino que emiti\u00f3 un comunicado en medios a los que la defensor\u00eda les paga una pauta comercial, para acusarme sin fundamento alguno de desprestigiar la defensor\u00eda.<\/p>\n<p>Los vecinos de Avellaneda deben saber la verdad, en las muertes por inseguridad las responsabilidades son concurrentes, mientras se siga creyendo que los \u00fanicos responsables son los polic\u00edas, nada va a cambiar, llevo a\u00f1os acompa\u00f1ando marchas, reuniones y con cada cambio de jefe de comisar\u00eda, el delito no ha descendido y cuando un jefe comienza a conocer a los vecinos lo reemplazan y es un volver a empezar.<\/p>\n<p>El delito tiene muchos or\u00edgenes, pero la impunidad es sin dudas el principal problema, ya los vecinos advierten que poco sirve que lo polic\u00eda detenga si en menos de una hora los delincuentes recuperan la libertad.<\/p>\n<p>Los pol\u00edticos deben hacer su trabajo, hace muchos a\u00f1os el HCD citaba a alguna sesi\u00f3n al responsable local de la polic\u00eda para que brinde un panorama del trabajo policial, si hab\u00eda necesidades se ped\u00edan informes al intendente o medidas, pero como varios intendentes a la fecha, estos se han cre\u00eddo due\u00f1os del municipio y con las formaciones pol\u00edticas en el concejo, quien tiene mayor\u00eda impone sus antojos.<\/p>\n<p>En este reclamo de seguridad cada vecino debe reclamarle al pol\u00edtico que lo representa que trabaje, debe ser un pedido general, el intendente debe solucionar el tema de las ambulancias sin excusas y colaborar en la seguridad y la gobernadora debe escuchar a los vecinos y dejar de castigar a Avellaneda por el hecho de que exista un intendente tan soberbio que se crea el due\u00f1o de la lucha, pero esa conducta, deber\u00eda ser corregida por el HCD, ese lugar donde los concejales suelen debatir pavadas, donde a\u00fan hay acuerdos sin debate que se firman a carpeta cerrada, pero tambi\u00e9n los vecinos deben participar, para que pueden ver in situ quienes los representan y de qu\u00e9 forma lo hacen.<\/p>\n<p>Divididos por ideolog\u00edas solo se benefician los pol\u00edticos que se sienten c\u00f3modos en el dividir, cuando la realidad es que temas como seguridad y salud no le pertenecen a ning\u00fan partido y as\u00ed como son r\u00e1pidos para sellar acuerdos de obras que reparten millones, deber\u00edan acordar medidas serias respecto de la seguridad.<\/p>\n<p>Ritondo cre\u00e9 que la seguridad se mejora solo con botones antip\u00e1nico o c\u00e1maras, lo que evidencia que no tiene idea de lo que es la prevenci\u00f3n, el bot\u00f3n se acciona frente al delito y en esos minutos de respuesta se puede terminar una vida, las c\u00e1maras tampoco son un m\u00e9todo eficiente de prevenci\u00f3n.<\/p>\n<p>Espero que los vecinos ejerzan su derecho de reclamar con inteligencia, sin creer que depende quien lo publique la culpa es de Ferraresi o Vidal, no se\u00f1ores, la culpa es de Ferraresi, de Vidal, de esos concejales que en campa\u00f1a aparecen por las esquinas, que hablan con los vecinos, pero ante la muerte y el dolor, miran las noticias por la televisi\u00f3n, mientras los vecinos permitan que los se\u00f1ores pol\u00edticos no muevan el culo, lamentos decirles nada va a cambiar.<\/p>\n<p><a href=\"http:\/\/www.elsindical.com.ar\/notas\/var\/www\/html\/notas\/wp-content\/uploads\/2018\/04\/20180425_185124.jpg\"><img loading=\"lazy\" decoding=\"async\" class=\"alignnone size-medium wp-image-77842\" src=\"http:\/\/www.elsindical.com.ar\/notas\/var\/www\/html\/notas\/wp-content\/uploads\/2018\/04\/20180425_185124-300x225.jpg\" alt=\"\" width=\"300\" height=\"225\" srcset=\"https:\/\/www.elsindical.com.ar\/notas\/var\/www\/html\/notas\/wp-content\/uploads\/2018\/04\/20180425_185124-300x225.jpg 300w, https:\/\/www.elsindical.com.ar\/notas\/var\/www\/html\/notas\/wp-content\/uploads\/2018\/04\/20180425_185124-768x576.jpg 768w, https:\/\/www.elsindical.com.ar\/notas\/var\/www\/html\/notas\/wp-content\/uploads\/2018\/04\/20180425_185124-1024x768.jpg 1024w, https:\/\/www.elsindical.com.ar\/notas\/var\/www\/html\/notas\/wp-content\/uploads\/2018\/04\/20180425_185124-400x300.jpg 400w\" sizes=\"auto, (max-width: 300px) 100vw, 300px\" \/><\/a><\/p>\n<p>Por Marcelo Ricardo Hawrylciw<\/p>\n","protected":false},"excerpt":{"rendered":"<p>\u00a0 \u00a0Una nueva v\u00edctima de la inseguridad se suma a la extensa lista que d\u00eda a d\u00eda se suman en la provincia de Buenos Aires, detalle importante que desde hace meses vengo se\u00f1alando y la incapacidad pol\u00edtica para resolver una situaci\u00f3n que genera miedo entre los ciudadanos de la provincia con la fuerza policial m\u00e1s&hellip;<\/p>\n","protected":false},"author":1,"featured_media":77841,"comment_status":"open","ping_status":"open","sticky":false,"template":"","format":"standard","meta":{"footnotes":""},"categories":[10],"tags":[461,14466,28736,984,1062,7265,28737,649,2330],"class_list":["post-77840","post","type-post","status-publish","format-standard","has-post-thumbnail","hentry","category-editorial","tag-avellaneda","tag-cristian-ritondo","tag-grido","tag-inseguridad","tag-jorge-ferraresi","tag-maria-eugenia-vidal","tag-maria-laura-garibakdi","tag-muertos","tag-sarandi"],"_links":{"self":[{"href":"https:\/\/www.elsindical.com.ar\/notas\/wp-json\/wp\/v2\/posts\/77840","targetHints":{"allow":["GET"]}}],"collection":[{"href":"https:\/\/www.elsindical.com.ar\/notas\/wp-json\/wp\/v2\/posts"}],"about":[{"href":"https:\/\/www.elsindical.com.ar\/notas\/wp-json\/wp\/v2\/types\/post"}],"author":[{"embeddable":true,"href":"https:\/\/www.elsindical.com.ar\/notas\/wp-json\/wp\/v2\/users\/1"}],"replies":[{"embeddable":true,"href":"https:\/\/www.elsindical.com.ar\/notas\/wp-json\/wp\/v2\/comments?post=77840"}],"version-history":[{"count":1,"href":"https:\/\/www.elsindical.com.ar\/notas\/wp-json\/wp\/v2\/posts\/77840\/revisions"}],"predecessor-version":[{"id":77843,"href":"https:\/\/www.elsindical.com.ar\/notas\/wp-json\/wp\/v2\/posts\/77840\/revisions\/77843"}],"wp:featuredmedia":[{"embeddable":true,"href":"https:\/\/www.elsindical.com.ar\/notas\/wp-json\/wp\/v2\/media\/77841"}],"wp:attachment":[{"href":"https:\/\/www.elsindical.com.ar\/notas\/wp-json\/wp\/v2\/media?parent=77840"}],"wp:term":[{"taxonomy":"category","embeddable":true,"href":"https:\/\/www.elsindical.com.ar\/notas\/wp-json\/wp\/v2\/categories?post=77840"},{"taxonomy":"post_tag","embeddable":true,"href":"https:\/\/www.elsindical.com.ar\/notas\/wp-json\/wp\/v2\/tags?post=77840"}],"curies":[{"name":"wp","href":"https:\/\/api.w.org\/{rel}","templated":true}]}}