{"id":77801,"date":"2018-04-24T19:17:49","date_gmt":"2018-04-24T22:17:49","guid":{"rendered":"http:\/\/www.elsindical.com.ar\/notas\/?p=77801"},"modified":"2018-04-24T19:17:49","modified_gmt":"2018-04-24T22:17:49","slug":"virrey-del-pino-en-la-linea-620-donde-mataron-a-leandro-detienen-a-sujeto-de-18-anos-que-estaba-armado","status":"publish","type":"post","link":"https:\/\/www.elsindical.com.ar\/notas\/virrey-del-pino-en-la-linea-620-donde-mataron-a-leandro-detienen-a-sujeto-de-18-anos-que-estaba-armado\/","title":{"rendered":"Virrey del Pino: En la l\u00ednea 620, donde mataron a Leandro, detienen a sujeto de 18 a\u00f1os que estaba armado"},"content":{"rendered":"<p><em><span class=\"text description col-xs-8 col-lg-9\"><a href=\"http:\/\/www.elsindical.com.ar\/notas\/var\/www\/html\/notas\/wp-content\/uploads\/2018\/04\/31230491_2052681334974735_2459377844989794339_n.jpg\"><img loading=\"lazy\" decoding=\"async\" class=\"alignnone size-medium wp-image-77802\" src=\"http:\/\/www.elsindical.com.ar\/notas\/var\/www\/html\/notas\/wp-content\/uploads\/2018\/04\/31230491_2052681334974735_2459377844989794339_n-169x300.jpg\" alt=\"\" width=\"169\" height=\"300\" srcset=\"https:\/\/www.elsindical.com.ar\/notas\/var\/www\/html\/notas\/wp-content\/uploads\/2018\/04\/31230491_2052681334974735_2459377844989794339_n-169x300.jpg 169w, https:\/\/www.elsindical.com.ar\/notas\/var\/www\/html\/notas\/wp-content\/uploads\/2018\/04\/31230491_2052681334974735_2459377844989794339_n.jpg 540w\" sizes=\"auto, (max-width: 169px) 100vw, 169px\" \/><\/a>\u00a0 El apresado, de nacionalidad paraguaya, ten\u00eda en su poder una pistola calibre 22, en un hecho que se produjo a nueve d\u00edas del crimen del chofer de la misma l\u00ednea Leandro Alcaraz.<\/span><\/em><\/p>\n<p>Un <strong>sujeto de 18 a\u00f1os armado<\/strong> fue detenido en las \u00faltimas horas por personal de la Polic\u00eda Bonaerense durante un control de pasajeros en un colectivo de la l\u00ednea 620 en la localidad de Virrey del Pino.<\/p>\n<p>El apresado, de nacionalidad paraguaya, ten\u00eda en su poder una pistola calibre 22, en un hecho que se produjo a nueve d\u00edas del crimen del chofer de la misma l\u00ednea <strong>Leandro Alcaraz<\/strong>.<\/p>\n<p>El procedimiento se llev\u00f3 adelante en el kil\u00f3metro 39 de la Ruta 3 a un colectivo de la l\u00ednea 620 interno 76 y fue realizado por personal de la comisar\u00eda de Virrey del Pino en forma conjunta con personal del comando Patrulla Centro de La Matanza, en el marco de los operativos preventivos acordados para llevar a cabo en la zona.<\/p>\n<p>Durante el control y requisa realizado por el personal policial a bordo del colectivo, se hall\u00f3 en poder del joven de 18 a\u00f1os, indocumentado, a quien le encontraron pistola calibre 22, y posteriormente fue trasladado a la comisar\u00eda de la zona en donde qued\u00f3 aprehendido.<\/p>\n<p>Interviene en la causa la UFI n\u00famero 6 de la localidad de Virrey del Pino.<\/p>\n<p><a href=\"http:\/\/www.elsindical.com.ar\/notas\/var\/www\/html\/notas\/wp-content\/uploads\/2018\/04\/31292648_10214732762368944_3607545807561664581_n.jpg\"><img loading=\"lazy\" decoding=\"async\" class=\"alignnone size-medium wp-image-77803\" src=\"http:\/\/www.elsindical.com.ar\/notas\/var\/www\/html\/notas\/wp-content\/uploads\/2018\/04\/31292648_10214732762368944_3607545807561664581_n-225x300.jpg\" alt=\"\" width=\"225\" height=\"300\" srcset=\"https:\/\/www.elsindical.com.ar\/notas\/var\/www\/html\/notas\/wp-content\/uploads\/2018\/04\/31292648_10214732762368944_3607545807561664581_n-225x300.jpg 225w, https:\/\/www.elsindical.com.ar\/notas\/var\/www\/html\/notas\/wp-content\/uploads\/2018\/04\/31292648_10214732762368944_3607545807561664581_n.jpg 720w\" sizes=\"auto, (max-width: 225px) 100vw, 225px\" \/><\/a><\/p>\n","protected":false},"excerpt":{"rendered":"<p>\u00a0 El apresado, de nacionalidad paraguaya, ten\u00eda en su poder una pistola calibre 22, en un hecho que se produjo a nueve d\u00edas del crimen del chofer de la misma l\u00ednea Leandro Alcaraz. Un sujeto de 18 a\u00f1os armado fue detenido en las \u00faltimas horas por personal de la Polic\u00eda Bonaerense durante un control de&hellip;<\/p>\n","protected":false},"author":1,"featured_media":77802,"comment_status":"open","ping_status":"open","sticky":false,"template":"","format":"standard","meta":{"footnotes":""},"categories":[22],"tags":[26271,91,6949],"class_list":["post-77801","post","type-post","status-publish","format-standard","has-post-thumbnail","hentry","category-policiales","tag-chofer-linea-620","tag-detenido","tag-virrey-del-pino"],"_links":{"self":[{"href":"https:\/\/www.elsindical.com.ar\/notas\/wp-json\/wp\/v2\/posts\/77801","targetHints":{"allow":["GET"]}}],"collection":[{"href":"https:\/\/www.elsindical.com.ar\/notas\/wp-json\/wp\/v2\/posts"}],"about":[{"href":"https:\/\/www.elsindical.com.ar\/notas\/wp-json\/wp\/v2\/types\/post"}],"author":[{"embeddable":true,"href":"https:\/\/www.elsindical.com.ar\/notas\/wp-json\/wp\/v2\/users\/1"}],"replies":[{"embeddable":true,"href":"https:\/\/www.elsindical.com.ar\/notas\/wp-json\/wp\/v2\/comments?post=77801"}],"version-history":[{"count":1,"href":"https:\/\/www.elsindical.com.ar\/notas\/wp-json\/wp\/v2\/posts\/77801\/revisions"}],"predecessor-version":[{"id":77804,"href":"https:\/\/www.elsindical.com.ar\/notas\/wp-json\/wp\/v2\/posts\/77801\/revisions\/77804"}],"wp:featuredmedia":[{"embeddable":true,"href":"https:\/\/www.elsindical.com.ar\/notas\/wp-json\/wp\/v2\/media\/77802"}],"wp:attachment":[{"href":"https:\/\/www.elsindical.com.ar\/notas\/wp-json\/wp\/v2\/media?parent=77801"}],"wp:term":[{"taxonomy":"category","embeddable":true,"href":"https:\/\/www.elsindical.com.ar\/notas\/wp-json\/wp\/v2\/categories?post=77801"},{"taxonomy":"post_tag","embeddable":true,"href":"https:\/\/www.elsindical.com.ar\/notas\/wp-json\/wp\/v2\/tags?post=77801"}],"curies":[{"name":"wp","href":"https:\/\/api.w.org\/{rel}","templated":true}]}}