{"id":77782,"date":"2018-04-24T12:07:25","date_gmt":"2018-04-24T15:07:25","guid":{"rendered":"http:\/\/www.elsindical.com.ar\/notas\/?p=77782"},"modified":"2018-04-24T12:07:25","modified_gmt":"2018-04-24T15:07:25","slug":"docentes-bonaerenses-ratifican-paro-del-miercoles-25","status":"publish","type":"post","link":"https:\/\/www.elsindical.com.ar\/notas\/docentes-bonaerenses-ratifican-paro-del-miercoles-25\/","title":{"rendered":"Docentes bonaerenses ratifican paro del mi\u00e9rcoles 25"},"content":{"rendered":"<p><em>\u00a0 \u00a0<a href=\"http:\/\/www.elsindical.com.ar\/notas\/var\/www\/html\/notas\/wp-content\/uploads\/2018\/04\/docentes-bonaerenses-conferencia.jpg\"><img loading=\"lazy\" decoding=\"async\" class=\"alignnone size-medium wp-image-77783\" src=\"http:\/\/www.elsindical.com.ar\/notas\/var\/www\/html\/notas\/wp-content\/uploads\/2018\/04\/docentes-bonaerenses-conferencia-300x165.jpg\" alt=\"\" width=\"300\" height=\"165\" srcset=\"https:\/\/www.elsindical.com.ar\/notas\/var\/www\/html\/notas\/wp-content\/uploads\/2018\/04\/docentes-bonaerenses-conferencia-300x165.jpg 300w, https:\/\/www.elsindical.com.ar\/notas\/var\/www\/html\/notas\/wp-content\/uploads\/2018\/04\/docentes-bonaerenses-conferencia-500x274.jpg 500w, https:\/\/www.elsindical.com.ar\/notas\/var\/www\/html\/notas\/wp-content\/uploads\/2018\/04\/docentes-bonaerenses-conferencia.jpg 620w\" sizes=\"auto, (max-width: 300px) 100vw, 300px\" \/><\/a>\u201cNo se aceptar\u00e1 ninguna pauta a la baja\u201d expresaron desde el gremio de docentes ante el rechazo a la \u00faltima propuesta del Gobierno.<\/em><\/p>\n<p>El conflicto con los docentes \u00a0dio sus comienzos \u00a0en el mes de enero, cuando el Presidente de la Naci\u00f3n, <strong>Mauricio Macri<\/strong> elimin\u00f3 la paritaria nacional docente. Sin embargo la propuesta del Gobierno de <strong>Vidal <\/strong>lleg\u00f3 20 d\u00edas antes de arrancar las clases, con varias ofertas a la baja hasta llegar a la <strong>actual del 10% semestral<\/strong>.<\/p>\n<p>\u201cNo se llega a un acuerdo porque <strong>hay una decisi\u00f3n pol\u00edtica de no reconocer la inflaci\u00f3n reinante<\/strong>. Ganamos salarios denigrantes, se cree que somos tontos\u201d, se\u00f1al\u00f3 <strong>Miguel D\u00edaz<\/strong>, de<strong> UDOCBA.<\/strong><\/p>\n<p>Los docentes bonaerenses al rechazar nuevamente la oferta \u00a0propuesta por el Gobierno de \u00a0un aumento del 10 % semestral, lo acompa\u00f1aron con un paro programado para ma\u00f1ana mi\u00e9rcoles 25 de abril con movilizaci\u00f3n hacia Casa de Gobierno en La Plata.<\/p>\n<p>La oferta presentada en la \u00faltima reuni\u00f3n prev\u00e9<strong> el pago de un 5% retroactivo a enero, 3% m\u00e1s en abril y 2% en junio y un reconocimiento por presentismo 2018 de hasta $ 3000 por docente<\/strong>. Los dos anticipos a cuentas de paritarias, el que se pag\u00f3 la semana pasada y el que se propusp en la reuni\u00f3n, eleva en $3.250 el salario del docente que gana menos de 15 mil y a los que ganan m\u00e1s de 30 mil en $8.125.<\/p>\n<p>\u201c<strong>Esta propuesta es menor a las anteriores<\/strong>; hasta la \u00faltima reuni\u00f3n el semestre era del 11%. Ante el tarifazo esto no se puede sostener\u201d, remarc\u00f3 <strong>Roberto Baradel<\/strong>, titular de <strong>SUTEBA<\/strong><\/p>\n<p>Sin embargo para \u00a0la gobernadora \u201c<strong>el presentismo es un valor fundamental y un pilar de este acuerdo que se propone a los gremios docentes<\/strong>\u201d y en declaraciones en el programa de Mirtha Legrand agrego: \u201cRealizamos 16 reuniones, dimos 7 propuestas, pero <strong>parece que hay una decisi\u00f3n de no acordar. Voy a cumplir con mi palabra: les van a ganar a la inflaci\u00f3n<\/strong>; con los adelantos pagados est\u00e1n por encima de la inflaci\u00f3n de enero, febrero y marzo\u201d<strong>.<\/strong><\/p>\n<p>Con esta propuesta el salario promedio de un docente con presentismo pasa de $ 24.659 a $27.500 y el salario inicial de un docente ingresante con presentismo pasa a de $12.500 a $ 14.250 mensual.<\/p>\n<p>En el mismo sentido se expres\u00f3 <strong>Mirta Petrocini<\/strong>, referente de la <strong>FEB<\/strong>, quien sostuvo que no aceptar\u00e1n ninguna pauta \u201ca la baja\u201d y reiter\u00f3 el anunci\u00f3 de paro y movilizaci\u00f3n para ma\u00f1ana.<\/p>\n","protected":false},"excerpt":{"rendered":"<p>\u00a0 \u00a0\u201cNo se aceptar\u00e1 ninguna pauta a la baja\u201d expresaron desde el gremio de docentes ante el rechazo a la \u00faltima propuesta del Gobierno. El conflicto con los docentes \u00a0dio sus comienzos \u00a0en el mes de enero, cuando el Presidente de la Naci\u00f3n, Mauricio Macri elimin\u00f3 la paritaria nacional docente. Sin embargo la propuesta del&hellip;<\/p>\n","protected":false},"author":1,"featured_media":77783,"comment_status":"open","ping_status":"open","sticky":false,"template":"","format":"standard","meta":{"footnotes":""},"categories":[16],"tags":[28724,24260,76,67,5204,4475],"class_list":["post-77782","post","type-post","status-publish","format-standard","has-post-thumbnail","hentry","category-gremiales","tag-docentes-bonaerenses","tag-gobernadora-maria-eugenia-vidal","tag-mauricio-macri","tag-paro","tag-suteba","tag-udocba"],"_links":{"self":[{"href":"https:\/\/www.elsindical.com.ar\/notas\/wp-json\/wp\/v2\/posts\/77782","targetHints":{"allow":["GET"]}}],"collection":[{"href":"https:\/\/www.elsindical.com.ar\/notas\/wp-json\/wp\/v2\/posts"}],"about":[{"href":"https:\/\/www.elsindical.com.ar\/notas\/wp-json\/wp\/v2\/types\/post"}],"author":[{"embeddable":true,"href":"https:\/\/www.elsindical.com.ar\/notas\/wp-json\/wp\/v2\/users\/1"}],"replies":[{"embeddable":true,"href":"https:\/\/www.elsindical.com.ar\/notas\/wp-json\/wp\/v2\/comments?post=77782"}],"version-history":[{"count":1,"href":"https:\/\/www.elsindical.com.ar\/notas\/wp-json\/wp\/v2\/posts\/77782\/revisions"}],"predecessor-version":[{"id":77784,"href":"https:\/\/www.elsindical.com.ar\/notas\/wp-json\/wp\/v2\/posts\/77782\/revisions\/77784"}],"wp:featuredmedia":[{"embeddable":true,"href":"https:\/\/www.elsindical.com.ar\/notas\/wp-json\/wp\/v2\/media\/77783"}],"wp:attachment":[{"href":"https:\/\/www.elsindical.com.ar\/notas\/wp-json\/wp\/v2\/media?parent=77782"}],"wp:term":[{"taxonomy":"category","embeddable":true,"href":"https:\/\/www.elsindical.com.ar\/notas\/wp-json\/wp\/v2\/categories?post=77782"},{"taxonomy":"post_tag","embeddable":true,"href":"https:\/\/www.elsindical.com.ar\/notas\/wp-json\/wp\/v2\/tags?post=77782"}],"curies":[{"name":"wp","href":"https:\/\/api.w.org\/{rel}","templated":true}]}}