{"id":77779,"date":"2018-04-24T12:04:51","date_gmt":"2018-04-24T15:04:51","guid":{"rendered":"http:\/\/www.elsindical.com.ar\/notas\/?p=77779"},"modified":"2018-04-24T12:04:51","modified_gmt":"2018-04-24T15:04:51","slug":"en-medio-de-las-protestas-por-las-paritarias-metrodelegados-denuncian-intimidacion-policial","status":"publish","type":"post","link":"https:\/\/www.elsindical.com.ar\/notas\/en-medio-de-las-protestas-por-las-paritarias-metrodelegados-denuncian-intimidacion-policial\/","title":{"rendered":"En medio de las protestas por las paritarias, metrodelegados denuncian \u201cintimidaci\u00f3n policial\u201d"},"content":{"rendered":"<p><em>\u00a0 \u00a0<a href=\"http:\/\/www.elsindical.com.ar\/notas\/var\/www\/html\/notas\/wp-content\/uploads\/2018\/04\/denuncia-metrodelegados.jpg\"><img loading=\"lazy\" decoding=\"async\" class=\"alignnone size-medium wp-image-77780\" src=\"http:\/\/www.elsindical.com.ar\/notas\/var\/www\/html\/notas\/wp-content\/uploads\/2018\/04\/denuncia-metrodelegados-300x150.jpg\" alt=\"\" width=\"300\" height=\"150\" srcset=\"https:\/\/www.elsindical.com.ar\/notas\/var\/www\/html\/notas\/wp-content\/uploads\/2018\/04\/denuncia-metrodelegados-300x150.jpg 300w, https:\/\/www.elsindical.com.ar\/notas\/var\/www\/html\/notas\/wp-content\/uploads\/2018\/04\/denuncia-metrodelegados-500x250.jpg 500w, https:\/\/www.elsindical.com.ar\/notas\/var\/www\/html\/notas\/wp-content\/uploads\/2018\/04\/denuncia-metrodelegados.jpg 660w\" sizes=\"auto, (max-width: 300px) 100vw, 300px\" \/><\/a>Ocurri\u00f3 en la ma\u00f1ana del lunes, en la L\u00ednea C, luego que el gremio realizar\u00e1 un paro contra el acuerdo salarial firmado por la UTA y el gobierno porte\u00f1o. Afirman que la polic\u00eda quiso detener a una trabajadora, a quien lastimaron en el brazo. Hubo forcejeos y varios miembros del gremio estuvieron sitiados en un vestuario. Vinculan la situaci\u00f3n al conflicto que llevan adelante por el aumento salarial 2018.<\/em><\/p>\n<div class=\"cuerponota mb50\">\n<p>El lunes a la ma\u00f1ana los trabajadores del subte realizaron un paro en la L\u00ednea C, que interrumpi\u00f3 el servicio que une Plaza Constituci\u00f3n y Retiro de de 5.30 a 7.30. La protesta es parte del plan de lucha anunciado por la Asociaci\u00f3n Gremial de Trabajadores del Subte y Premetro (AGTSyP), en rechazo a la paritaria firmada por la UTA, que no cuenta con el aval del gremio mayoritario del sector. A poco de reanudarse el servicio, un incidente entre pasajeros termin\u00f3 con el intento de detenci\u00f3n de una empleada, que fue lastimada por personal policial. La tensi\u00f3n dur\u00f3 hasta cerca del mediod\u00eda, donde los metrodelegados resistieron el intento de llevarse a la mujer detenida, atrincherados en un vestuario de la estaci\u00f3n cabecera. Hasta que termin\u00f3 el incidente el servicio de la l\u00ednea se vio interrumpido. Desde el gremio afirman que se trat\u00f3 de \u201cun acto de intimidaci\u00f3n\u201d, y lo relacionaron con la discusi\u00f3n salarial. Este martes habr\u00e1 nuevas protestas, esta vez en la L\u00ednea B.<\/p>\n<p>Los incidentes se produjeron a media ma\u00f1ana de este lunes, una vez finalizado el paro convocado por los metrodelegados. El hecho ocurri\u00f3 cuando pasajeros de la L\u00ednea C tuvieron un altercado en la estaci\u00f3n Constituci\u00f3n. Cuando la conductora, de nombre Noelia, pidi\u00f3 la intervenci\u00f3n policial, uno de los efectivos le contest\u00f3 \u201cque te vayan a ayudar los metrodelegados\u201d. Esto gener\u00f3 el reclamo de delegados del lugar ante el jefe policial de esa estaci\u00f3n, que termin\u00f3 con forcejeos. Seg\u00fan el relato de los trabajadores, la conductora intent\u00f3 filmar la situaci\u00f3n, motivo por el cual los efectivos intentaron sacarle su celular y esposarla. \u201cNuestra compa\u00f1era fue trasladada con lesiones en el brazo, producto del accionar policial\u201d, sostuvo Francisco Ledesma, secretario de salud Laboral de la AGTSyP. Seg\u00fan su relato a Gesti\u00f3n Sindical, cuando se produjeron los forcejeos, los polic\u00edas intentaron \u201cprimero detener a la conductora y luego al resto de los trabajadores, que se refugiaron en un vestuario para evitar la situaci\u00f3n\u201d. \u201cEstuvieron virtualmente sitiados por la polic\u00eda, hasta que se resolvi\u00f3 la situaci\u00f3n\u201d, dijo Ledesma.<\/p>\n<p>Los momentos de tensi\u00f3n, que mantuvieron interrumpido el servicio, se dieron luego del paro de actividades, y mantuvieron interrumpidos los subtes por un par de horas. M\u00e1s all\u00e1 de la resoluci\u00f3n final \u2013la empleada fue primero asistida en un hospital porte\u00f1o y luego trasladada a su domicilio \u2013los metrodelegados vincularon este incidente con una campa\u00f1a intimidatoria por la discusi\u00f3n salarial. El gremio no acepta el convenio firmado por la UTA \u2013que recupero en el gobierno macrista la personer\u00eda gremial por un fallo judicial \u2013y el gobierno de la Ciudad de Buenos Aires, que entrega un aumento del 15 por ciento para este a\u00f1o a los empleados de todo el servicio. Antes de los incidentes, los metrodelegados cumplieron una nueva protesta contra el gobierno porte\u00f1o, que cerr\u00f3 unilateralmente la discusi\u00f3n salarial con el gremial aliado UTA. Antes de que se destrabara la situaci\u00f3n, m\u00e1s efectivos llegaron al lugar, rodeando el vestuario, y amenazaron con llevarse a todos detenidos. Ante esto, el gremio amenaz\u00f3 con un paro general en todas las l\u00edneas. Luego de casi una hora de interrupci\u00f3n del servicio, se logr\u00f3 un acuerdo y se destrab\u00f3 la situaci\u00f3n.<\/p>\n<p>En tanto, los metrodelegados confirmaron que ma\u00f1ana martes continuar\u00e1n con su cronograma de paros. En este caso la protesta continuar\u00e1 en la l\u00ednea D con la modalidad de liberaci\u00f3n de molinetes entre las 7 y las 9 en la estaci\u00f3n Congreso de Tucum\u00e1n, y el mi\u00e9rcoles culminar\u00e1 con la paralizaci\u00f3n del servicio de ese ramal que llega a Catedral entre las 5.30 y las 7.30. Lejos de atender los reclamos, la empresa Metrov\u00edas emiti\u00f3 un comunicado donde subray\u00f3 que \u201cla negociaci\u00f3n salarial se desarroll\u00f3 hace m\u00e1s de diez d\u00edas en el \u00e1mbito de la Subsecretar\u00eda de Trabajo porte\u00f1a, en la cual se alcanz\u00f3 un acuerdo por paritarias que fue rubricado por las partes intervinientes\u201d. El acuerdo firmado con la Uta incluye una suba del 15,02 por ciento en tres cuotas, a aplicarse un 5,7 por ciento entre marzo y julio, otro 5,7 por ciento desde agosto a noviembre y un 3,8 por ciento entre diciembre de este a\u00f1o y marzo de 2018. Los metrodelegados no la aceptan. \u201cNo vamos a aflojar, vamos a continuar con nuestro leg\u00edtimo reclamo. Ni la intimidaci\u00f3n ni el chantaje nos van a detener\u201d, concluy\u00f3 Ledesma.<\/p>\n<\/div>\n","protected":false},"excerpt":{"rendered":"<p>\u00a0 \u00a0Ocurri\u00f3 en la ma\u00f1ana del lunes, en la L\u00ednea C, luego que el gremio realizar\u00e1 un paro contra el acuerdo salarial firmado por la UTA y el gobierno porte\u00f1o. Afirman que la polic\u00eda quiso detener a una trabajadora, a quien lastimaron en el brazo. Hubo forcejeos y varios miembros del gremio estuvieron sitiados en&hellip;<\/p>\n","protected":false},"author":1,"featured_media":77780,"comment_status":"open","ping_status":"open","sticky":false,"template":"","format":"standard","meta":{"footnotes":""},"categories":[16],"tags":[1117,175,1739,4711,30,876,877],"class_list":["post-77779","post","type-post","status-publish","format-standard","has-post-thumbnail","hentry","category-gremiales","tag-agresiones","tag-denuncia","tag-lesiones","tag-metrodelegados","tag-policia","tag-subte","tag-uta"],"_links":{"self":[{"href":"https:\/\/www.elsindical.com.ar\/notas\/wp-json\/wp\/v2\/posts\/77779","targetHints":{"allow":["GET"]}}],"collection":[{"href":"https:\/\/www.elsindical.com.ar\/notas\/wp-json\/wp\/v2\/posts"}],"about":[{"href":"https:\/\/www.elsindical.com.ar\/notas\/wp-json\/wp\/v2\/types\/post"}],"author":[{"embeddable":true,"href":"https:\/\/www.elsindical.com.ar\/notas\/wp-json\/wp\/v2\/users\/1"}],"replies":[{"embeddable":true,"href":"https:\/\/www.elsindical.com.ar\/notas\/wp-json\/wp\/v2\/comments?post=77779"}],"version-history":[{"count":1,"href":"https:\/\/www.elsindical.com.ar\/notas\/wp-json\/wp\/v2\/posts\/77779\/revisions"}],"predecessor-version":[{"id":77781,"href":"https:\/\/www.elsindical.com.ar\/notas\/wp-json\/wp\/v2\/posts\/77779\/revisions\/77781"}],"wp:featuredmedia":[{"embeddable":true,"href":"https:\/\/www.elsindical.com.ar\/notas\/wp-json\/wp\/v2\/media\/77780"}],"wp:attachment":[{"href":"https:\/\/www.elsindical.com.ar\/notas\/wp-json\/wp\/v2\/media?parent=77779"}],"wp:term":[{"taxonomy":"category","embeddable":true,"href":"https:\/\/www.elsindical.com.ar\/notas\/wp-json\/wp\/v2\/categories?post=77779"},{"taxonomy":"post_tag","embeddable":true,"href":"https:\/\/www.elsindical.com.ar\/notas\/wp-json\/wp\/v2\/tags?post=77779"}],"curies":[{"name":"wp","href":"https:\/\/api.w.org\/{rel}","templated":true}]}}