{"id":77754,"date":"2018-04-24T08:41:35","date_gmt":"2018-04-24T11:41:35","guid":{"rendered":"http:\/\/www.elsindical.com.ar\/notas\/?p=77754"},"modified":"2018-04-24T08:41:35","modified_gmt":"2018-04-24T11:41:35","slug":"las-redes-digitan-las-noticias-por-cada-usuario","status":"publish","type":"post","link":"https:\/\/www.elsindical.com.ar\/notas\/las-redes-digitan-las-noticias-por-cada-usuario\/","title":{"rendered":"Las redes digitan las noticias por cada usuario"},"content":{"rendered":"<p><em><a href=\"http:\/\/www.elsindical.com.ar\/notas\/var\/www\/html\/notas\/wp-content\/uploads\/2011\/10\/mujeres-y-Facebook.jpg\"><img loading=\"lazy\" decoding=\"async\" class=\"alignnone size-medium wp-image-18054\" src=\"http:\/\/www.elsindical.com.ar\/notas\/var\/www\/html\/notas\/wp-content\/uploads\/2011\/10\/mujeres-y-Facebook-300x169.jpg\" alt=\"\" width=\"300\" height=\"169\" srcset=\"https:\/\/www.elsindical.com.ar\/notas\/var\/www\/html\/notas\/wp-content\/uploads\/2011\/10\/mujeres-y-Facebook-300x169.jpg 300w, https:\/\/www.elsindical.com.ar\/notas\/var\/www\/html\/notas\/wp-content\/uploads\/2011\/10\/mujeres-y-Facebook.jpg 413w\" sizes=\"auto, (max-width: 300px) 100vw, 300px\" \/><\/a>\u00a0 Facebook es la red social que m\u00e1s usa esta herramienta. Tres activistas hicieron un experimento y comprobaron su teor\u00eda.<\/em><\/p>\n<p>Los medios de comunicaci\u00f3n tradicionales fueron, durante muchos a\u00f1os, los encargados de darle relevancia a ciertos temas, los cuales llegaban a las audiencias en simult\u00e1neo. Sin embargo, el escenario actual es muy distinto, ya que las redes sociales pasaron a ser los actores principales de esta tarea.<\/p>\n<p>Por su parte, Facebook es el gran protagonista de brindarle determinada informaci\u00f3n a sus millones de usuarios en todo el mundo. La World Wide Web Foundation, organizaci\u00f3n internacional independiente que lucha por las igualdades digitales, realiz\u00f3 un interesante experimento para determinar la responsabilidad de Facebook en la distribuci\u00f3n de noticias e informaci\u00f3n en Argentina.<\/p>\n<p>En diciembre del 2017,\u00a0los activistas <strong>Renata \u00c1vila,<\/strong> <strong>Juan Ortiz Freuler <\/strong>y <strong>Craig Fagan <\/strong>crearon seis cuentas falsas en la red social, todas de mujeres de 30 a\u00f1os. Los nuevos \u00b4usuarios\u00b4 siguieron a las mismas 22 fuentes de noticias dentro de la plataforma, incluyendo los principales medios del pa\u00eds, y tambi\u00e9n los perfiles de<strong> Mauricio Macri<\/strong> y de <strong>Cristina Fern\u00e1ndez de Kirchner<\/strong>.<\/p>\n<p>Una semana despu\u00e9s de su creaci\u00f3n, hicieron algunos cambios para analizar determinados efectos: dos cuentas le dieron Me gusta\u00a0a varias publicaciones de Macri, dos hicieron lo mismo con posteos de Fern\u00e1ndez de Kirchner, mientras que las otras dos permanecieron neutrales.<\/p>\n<p>De esta forma, quer\u00edan medir c\u00f3mo cambiaba el contenido que se le mostraba a cada perfil. Algunas semanas despu\u00e9s, el resultado fue el siguiente: de las 11.603 notas publicadas por las 22 cuentas noticiosas dentro de Facebook durante 11 d\u00edas, s\u00f3lo el 18 por ciento de esas notas fue mostrado a los seis perfiles, por lo que dej\u00f3 en descubierto que Facebook eligi\u00f3 contenido diferente incluso para las cuentas que ten\u00edan un perfil similar.<\/p>\n<p>Si bien la medici\u00f3n es limitada y el alcance del experimento tambi\u00e9n, estos datos confirman c\u00f3mo las redes sociales eligen qu\u00e9 noticias ven sus usuarios y c\u00f3mo el filtro noticioso depende de un algoritmo. \u201c<em>La amplitud de esta brecha entre lo que se ve y lo que se oculta representa el gran margen de discrecionalidad con el que cuenta la plataforma, y que se encuentra fuera del control de los usuarios\u201d,<\/em> afirmaron los autores del experimento.<\/p>\n<p>Por su parte, <strong>Ana Clara Prilutzky<\/strong>, gerente de Comunicaciones de Facebook Argentina, explic\u00f3 que \u201c<em>la secci\u00f3n de Noticias de cada persona en Facebook es \u00fanica y est\u00e1 dise\u00f1ada para que encuentren el contenido m\u00e1s relevante para cada una de ellas. Lo que cada persona ve es determinado por sus intereses e interacciones con otras personas, P\u00e1ginas, noticias, negocios y contenidos<\/em>\u201d, quien sostuvo que<em> \u201cno favorecemos ciertos tipos de fuentes ni ideas. Nuestro objetivo es entregar las historias que, seg\u00fan hemos aprendido, le interesan m\u00e1s a un individuo. Cuando la gente ve contenidos que le interesan, es probable que disfruten m\u00e1s de la experiencia\u201d.<\/em><\/p>\n<p>Mientras Facebook se presenta al mundo como una red social, en realidad trabaja con el mecanismo utilizado por los medios de comunicaci\u00f3n: seleccionar y filtrar.<\/p>\n","protected":false},"excerpt":{"rendered":"<p>\u00a0 Facebook es la red social que m\u00e1s usa esta herramienta. Tres activistas hicieron un experimento y comprobaron su teor\u00eda. Los medios de comunicaci\u00f3n tradicionales fueron, durante muchos a\u00f1os, los encargados de darle relevancia a ciertos temas, los cuales llegaban a las audiencias en simult\u00e1neo. Sin embargo, el escenario actual es muy distinto, ya que&hellip;<\/p>\n","protected":false},"author":1,"featured_media":18054,"comment_status":"open","ping_status":"open","sticky":false,"template":"","format":"standard","meta":{"footnotes":""},"categories":[29],"tags":[28713,219,1455,2605,376],"class_list":["post-77754","post","type-post","status-publish","format-standard","has-post-thumbnail","hentry","category-informatica","tag-ana-clara-prilutzky","tag-facebook","tag-noticias","tag-redes-sociales","tag-usuarios"],"_links":{"self":[{"href":"https:\/\/www.elsindical.com.ar\/notas\/wp-json\/wp\/v2\/posts\/77754","targetHints":{"allow":["GET"]}}],"collection":[{"href":"https:\/\/www.elsindical.com.ar\/notas\/wp-json\/wp\/v2\/posts"}],"about":[{"href":"https:\/\/www.elsindical.com.ar\/notas\/wp-json\/wp\/v2\/types\/post"}],"author":[{"embeddable":true,"href":"https:\/\/www.elsindical.com.ar\/notas\/wp-json\/wp\/v2\/users\/1"}],"replies":[{"embeddable":true,"href":"https:\/\/www.elsindical.com.ar\/notas\/wp-json\/wp\/v2\/comments?post=77754"}],"version-history":[{"count":1,"href":"https:\/\/www.elsindical.com.ar\/notas\/wp-json\/wp\/v2\/posts\/77754\/revisions"}],"predecessor-version":[{"id":77755,"href":"https:\/\/www.elsindical.com.ar\/notas\/wp-json\/wp\/v2\/posts\/77754\/revisions\/77755"}],"wp:featuredmedia":[{"embeddable":true,"href":"https:\/\/www.elsindical.com.ar\/notas\/wp-json\/wp\/v2\/media\/18054"}],"wp:attachment":[{"href":"https:\/\/www.elsindical.com.ar\/notas\/wp-json\/wp\/v2\/media?parent=77754"}],"wp:term":[{"taxonomy":"category","embeddable":true,"href":"https:\/\/www.elsindical.com.ar\/notas\/wp-json\/wp\/v2\/categories?post=77754"},{"taxonomy":"post_tag","embeddable":true,"href":"https:\/\/www.elsindical.com.ar\/notas\/wp-json\/wp\/v2\/tags?post=77754"}],"curies":[{"name":"wp","href":"https:\/\/api.w.org\/{rel}","templated":true}]}}