{"id":77738,"date":"2018-04-23T21:37:26","date_gmt":"2018-04-24T00:37:26","guid":{"rendered":"http:\/\/www.elsindical.com.ar\/notas\/?p=77738"},"modified":"2018-04-23T21:37:26","modified_gmt":"2018-04-24T00:37:26","slug":"obras-de-federico-leon-romina-paula-sergio-blanco-y-mariano-saba-en-la-cartelera-teatral-portena","status":"publish","type":"post","link":"https:\/\/www.elsindical.com.ar\/notas\/obras-de-federico-leon-romina-paula-sergio-blanco-y-mariano-saba-en-la-cartelera-teatral-portena\/","title":{"rendered":"Obras de Federico Le\u00f3n, Romina Paula, Sergio Blanco y Mariano Saba en la cartelera teatral porte\u00f1a"},"content":{"rendered":"<p><strong><em><a href=\"http:\/\/www.elsindical.com.ar\/notas\/var\/www\/html\/notas\/wp-content\/uploads\/2018\/04\/Marisol-Cambre-logo.jpg\"><img loading=\"lazy\" decoding=\"async\" class=\"alignnone size-medium wp-image-77739\" src=\"http:\/\/www.elsindical.com.ar\/notas\/var\/www\/html\/notas\/wp-content\/uploads\/2018\/04\/Marisol-Cambre-logo-300x117.jpg\" alt=\"\" width=\"300\" height=\"117\" srcset=\"https:\/\/www.elsindical.com.ar\/notas\/var\/www\/html\/notas\/wp-content\/uploads\/2018\/04\/Marisol-Cambre-logo-300x117.jpg 300w, https:\/\/www.elsindical.com.ar\/notas\/var\/www\/html\/notas\/wp-content\/uploads\/2018\/04\/Marisol-Cambre-logo.jpg 482w\" sizes=\"auto, (max-width: 300px) 100vw, 300px\" \/><\/a>Las ideas<\/em> de Federico Le\u00f3n en ZELAYA <\/strong><\/p>\n<p>Un artista y su colaborador desarrollan diferentes proyectos art\u00edsticos. Lo que parece ser el encuentro informal entre dos amigos se convierte paulatinamente en una intensa jornada creativa. Autor\u00eda: Federico Le\u00f3n &#8211; Act\u00faan: Federico Le\u00f3n, Juli\u00e1n Tello &#8211; Direcci\u00f3n: Federico Le\u00f3n. Funciones: s\u00e1bados 21h y domingos 20h. ZEAYA, Zelaya 3134. Entrada $270 a trav\u00e9s de Alternativa teatral. Duraci\u00f3n: 60 minutos. Hasta el 27 de mayo.<\/p>\n<p><img loading=\"lazy\" decoding=\"async\" src=\"http:\/\/panel.growhit.com\/images\/portal\/hwuj-ulbqegjbewzs49jva\/13-las-ideas-ph-ignacio-iasparra_.jpg\" alt=\"13-Las-ideas-Ph-Ignacio-Iasparra_.jpg\" width=\"1024\" height=\"683\" \/><\/p>\n<p><strong><em>Cimarr\u00f3n<\/em> de Romina Paula en ZELAYA <\/strong><\/p>\n<p>Es la tercera puesta para esta obra cuya escenograf\u00eda es el espacio en el que sucede. Despu\u00e9s de hacerla en el \u00e1mbito fabril del TACEC y en el rococ\u00f3 del sal\u00f3n dorado del Teatro Cervantes, <em><strong>Cimarr\u00f3n<\/strong><\/em> se presenta en una puesta casi a modo de tertulia en el jard\u00edn de ZELAYA. Los mi\u00e9rcoles y jueves de oto\u00f1o se invocar\u00e1 a Rilke, Lucha Reyes y Sara Ruhl, bajo un ceibo y un limonero, en el medio del Abasto. Autor\u00eda: Romina Paula &#8211; Act\u00faan: Esteban Bigliardi, Denise Groesman, Agostina Luz L\u00f3pez &#8211; Direcci\u00f3n: Romina Paula. Funciones: mi\u00e9rcoles y jueves 21h en el jard\u00edn de ZELAYA, Zelaya 3134. Entrada $250 a trav\u00e9s de Alternativa teatral. Duraci\u00f3n: 60 minutos. Hasta el 10 de mayo.<\/p>\n<p><img loading=\"lazy\" decoding=\"async\" src=\"http:\/\/panel.growhit.com\/images\/portal\/hwuj-ulbqegjbewzs49jva\/41-web-cimarr-n-de-romina-paula-ph-sebasti-n-arpesella.jpg\" alt=\"41-web-Cimarr-n-de-Romina-Paula-Ph-Sebasti-n-Arpesella.jpg\" width=\"1024\" height=\"683\" \/><\/p>\n<p><strong><em>La ira de Narciso<\/em> de Sergio Blanco en TIMBRe4 <\/strong><\/p>\n<p>Los viernes de mayo, 20.30h, se presenta en TIMBRe4 <em><strong>La ira de Narciso<\/strong><\/em>, escrita por Sergio Blanco, con actuaci\u00f3n de Gerardo Otero y direcci\u00f3n de Corina Fiorillo. Un hombre prepara su conferencia sobre el mito de Narciso en una habitaci\u00f3n de hotel, hasta que una mancha de sangre en la pared despierta su inter\u00e9s. Funciones: viernes 20.30h. Entrada $300 en boleter\u00eda y $270 por compra online. Entradas disponibles a trav\u00e9s de www.timbre4.com. Duraci\u00f3n: 75 minutos. TIMBRe4, M\u00e9xico 3554. Hasta el 25 de mayo.<\/p>\n<p><img loading=\"lazy\" decoding=\"async\" src=\"http:\/\/panel.growhit.com\/images\/portal\/hwuj-ulbqegjbewzs49jva\/5-ph-leandro-otero.jpg\" alt=\"5-Ph-Leandro-Otero.jpg\" width=\"1024\" height=\"683\" \/><\/p>\n<p><strong><em>Madrijo<\/em> de Mariano Saba en Espacio Callej\u00f3n <\/strong><\/p>\n<p>El domingo 6 de mayo, se estrena en Espacio Callej\u00f3n <em><strong>Madrijo<\/strong><\/em>, escrita por Mariano Saba, con direcci\u00f3n de Horacio Roca y las actuaciones de Ingrid Pelicori y Mart\u00edn Urbaneja. La obra cuenta la historia de una madre y de su hijo, que se debaten acorralados entre su v\u00ednculo enmara\u00f1ado y el dramatismo de una noche que puede ser la \u00faltima. Funciones: domingos, 20.45h, Espacio Callej\u00f3n, Humahuaca 3759. Entrada $250 a trav\u00e9s de Alternativa teatral. Duraci\u00f3n 75 minutos. Hasta el 1 de julio.<\/p>\n<p><img loading=\"lazy\" decoding=\"async\" src=\"http:\/\/panel.growhit.com\/images\/portal\/hwuj-ulbqegjbewzs49jva\/madrijo-foto-grupal.jpg\" alt=\"Madrijo-Foto-grupal.JPG\" width=\"1024\" height=\"727\" \/><\/p>\n<address><strong>M\u00e1s informaci\u00f3n, pedido de notas y acreditaciones: <\/strong><\/address>\n<address>Marisol Cambre | prensa@marisolcambre.com.ar\u00a0<\/address>\n","protected":false},"excerpt":{"rendered":"<p>Las ideas de Federico Le\u00f3n en ZELAYA Un artista y su colaborador desarrollan diferentes proyectos art\u00edsticos. Lo que parece ser el encuentro informal entre dos amigos se convierte paulatinamente en una intensa jornada creativa. Autor\u00eda: Federico Le\u00f3n &#8211; Act\u00faan: Federico Le\u00f3n, Juli\u00e1n Tello &#8211; Direcci\u00f3n: Federico Le\u00f3n. Funciones: s\u00e1bados 21h y domingos 20h. ZEAYA, Zelaya&hellip;<\/p>\n","protected":false},"author":1,"featured_media":77739,"comment_status":"open","ping_status":"open","sticky":false,"template":"","format":"standard","meta":{"footnotes":""},"categories":[15],"tags":[28703,28707,28520,28705,28704,28706,21207,28702,26392,26390,28519],"class_list":["post-77738","post","type-post","status-publish","format-standard","has-post-thumbnail","hentry","category-espectaculos","tag-cimarron","tag-espacio-callejon","tag-federico-leon","tag-ira-de-narciso","tag-las-ideas","tag-madrijo","tag-mariano-saba","tag-romina-paula","tag-sergio-blanco","tag-timbre-4","tag-zelaya"],"_links":{"self":[{"href":"https:\/\/www.elsindical.com.ar\/notas\/wp-json\/wp\/v2\/posts\/77738","targetHints":{"allow":["GET"]}}],"collection":[{"href":"https:\/\/www.elsindical.com.ar\/notas\/wp-json\/wp\/v2\/posts"}],"about":[{"href":"https:\/\/www.elsindical.com.ar\/notas\/wp-json\/wp\/v2\/types\/post"}],"author":[{"embeddable":true,"href":"https:\/\/www.elsindical.com.ar\/notas\/wp-json\/wp\/v2\/users\/1"}],"replies":[{"embeddable":true,"href":"https:\/\/www.elsindical.com.ar\/notas\/wp-json\/wp\/v2\/comments?post=77738"}],"version-history":[{"count":1,"href":"https:\/\/www.elsindical.com.ar\/notas\/wp-json\/wp\/v2\/posts\/77738\/revisions"}],"predecessor-version":[{"id":77740,"href":"https:\/\/www.elsindical.com.ar\/notas\/wp-json\/wp\/v2\/posts\/77738\/revisions\/77740"}],"wp:featuredmedia":[{"embeddable":true,"href":"https:\/\/www.elsindical.com.ar\/notas\/wp-json\/wp\/v2\/media\/77739"}],"wp:attachment":[{"href":"https:\/\/www.elsindical.com.ar\/notas\/wp-json\/wp\/v2\/media?parent=77738"}],"wp:term":[{"taxonomy":"category","embeddable":true,"href":"https:\/\/www.elsindical.com.ar\/notas\/wp-json\/wp\/v2\/categories?post=77738"},{"taxonomy":"post_tag","embeddable":true,"href":"https:\/\/www.elsindical.com.ar\/notas\/wp-json\/wp\/v2\/tags?post=77738"}],"curies":[{"name":"wp","href":"https:\/\/api.w.org\/{rel}","templated":true}]}}