{"id":77584,"date":"2018-04-18T02:07:56","date_gmt":"2018-04-18T05:07:56","guid":{"rendered":"http:\/\/www.elsindical.com.ar\/notas\/?p=77584"},"modified":"2018-04-18T02:07:56","modified_gmt":"2018-04-18T05:07:56","slug":"marcelo-frecha-ignorante-mitomano-o-corrupto","status":"publish","type":"post","link":"https:\/\/www.elsindical.com.ar\/notas\/marcelo-frecha-ignorante-mitomano-o-corrupto\/","title":{"rendered":"Marcelo Frecha \u00bfignorante, mit\u00f3mano o corrupto?"},"content":{"rendered":"<p><a href=\"http:\/\/www.elsindical.com.ar\/notas\/var\/www\/html\/notas\/wp-content\/uploads\/2018\/04\/explicaci\u00f3n-tonta-sobre-fotos-pixeladas.jpg\"><img loading=\"lazy\" decoding=\"async\" class=\"alignnone size-medium wp-image-77585\" src=\"http:\/\/www.elsindical.com.ar\/notas\/var\/www\/html\/notas\/wp-content\/uploads\/2018\/04\/explicaci\u00f3n-tonta-sobre-fotos-pixeladas-252x300.jpg\" alt=\"\" width=\"252\" height=\"300\" srcset=\"https:\/\/www.elsindical.com.ar\/notas\/var\/www\/html\/notas\/wp-content\/uploads\/2018\/04\/explicaci\u00f3n-tonta-sobre-fotos-pixeladas-252x300.jpg 252w, https:\/\/www.elsindical.com.ar\/notas\/var\/www\/html\/notas\/wp-content\/uploads\/2018\/04\/explicaci\u00f3n-tonta-sobre-fotos-pixeladas.jpg 395w\" sizes=\"auto, (max-width: 252px) 100vw, 252px\" \/><\/a>Marcelo Mario Frecha con CUIT 20-17212436-5, es m\u00e1s conocido como \u00abEl Foro\u00bb por ser el fundador del\u00a0 Foro Vecinal Avellaneda Segura, como ya lo mencion\u00e9 anteriormente, la conducta de Frecha fue mutando al igual que los contenidos del foro, pasando de un sitio de informaci\u00f3n y denuncias sobre inseguridad a un \u00abmercado turco\u00bb donde adem\u00e1s de que se comenta cualquier cosa, tambi\u00e9n se promociona cualquier cosa.<\/p>\n<p>Esta necesidad de tener publicidad, han hecho que tambi\u00e9n pierda objetividad al momento de publicar, hoy el \u00abturco Frecha\u00bb tiene confundidos a lectores y seguidores, que no terminan de entender lo que es evidente, al parecer hay algunos acuerdos que motivan distinto al foro que nunca estuvo tan amarillo.<\/p>\n<p>Dentro de las criticas que ha recibido en estos \u00faltimos d\u00edas es el no mostrar el rostro de los detenidos, situaci\u00f3n que lo ha llevado a tener que inventar una explicaci\u00f3n tan rid\u00edcula como la que se puede leer en la foto que acompa\u00f1a esta editorial.<\/p>\n<p>Marcelo Mario Frecha en lugar de escribir de lo que sabe, ha tomada una parte (el Art. 31) de la Ley 11.723 que regula el R\u00e9gimen Legal de la Protecci\u00f3n Intelectual, con esto demuestra que carece de inteligencia e interpretaci\u00f3n de textos, algo b\u00e1sico que se aprende en la educaci\u00f3n primaria, primero porque no puede usar este art\u00edculo de la Ley mencionada por el simple hecho de que hace referencia al uso comercial de im\u00e1genes, por eso esta Ley estipula un uso con fines de lucro y nada tiene que ver con fotograf\u00edas vinculadas a hechos delictivos, donde las cuestiones procesales tienen que ver con imputados de delitos que no sean descubiertos en infraganti delito o el caso de v\u00edctimas, testigos y menores de edad.<\/p>\n<p>Por lo tanto la publicaci\u00f3n de Marcelo Frecha para justificar una decisi\u00f3n personal, sea por conveniencia o por cobard\u00eda, es errada, m\u00e1s a\u00fan, una vez m\u00e1s el tiempo confirma que es un incoherente, porque si le interesa cumplir con la Ley 11.723 deber\u00eda abonar por el uso de fotograf\u00edas que no son de su autor\u00eda y que a diario utiliza.<\/p>\n<p>Gracioso no? que quien nos quiere hacer creer que cumple con la Ley, sea quien la viola sistem\u00e1ticamente.<\/p>\n<p>Lo preocupante es que Frecha sabe que publica art\u00edculos sin chequear, que sabe que tiene publicidades de empresas que no respetan la Ley de Tr\u00e1nsito, como tambi\u00e9n que enga\u00f1an a sus clientes con el ejercicio de una profesi\u00f3n para la cual no tienen una carrera de grado, sabe que miente de forma deliberada cuando hace recomendaciones sobre la inseguridad.<\/p>\n<p>Sigan con atenci\u00f3n las publicaciones del foro, lean, comparen y vean con sus propios ojos como alguien, sin ning\u00fan estudio que avale sus propuestas, sin experiencia en seguridad manipula la realidad seg\u00fan el acuerdo que tenga, hoy la Polic\u00eda Local es buena y ma\u00f1ana no sabemos, observen sus respuestas cuando es increpado, habla de primicias, pero aclara que no es periodista, lo cual lo exime de no chequear y otras obligaciones del periodista.<\/p>\n<p>En res\u00famen, es un busca online,<\/p>\n<p>&nbsp;<\/p>\n<p>Por Marcelo Ricardo Hawrylciw<\/p>\n","protected":false},"excerpt":{"rendered":"<p>Marcelo Mario Frecha con CUIT 20-17212436-5, es m\u00e1s conocido como \u00abEl Foro\u00bb por ser el fundador del\u00a0 Foro Vecinal Avellaneda Segura, como ya lo mencion\u00e9 anteriormente, la conducta de Frecha fue mutando al igual que los contenidos del foro, pasando de un sitio de informaci\u00f3n y denuncias sobre inseguridad a un \u00abmercado turco\u00bb donde adem\u00e1s&hellip;<\/p>\n","protected":false},"author":1,"featured_media":77585,"comment_status":"open","ping_status":"open","sticky":false,"template":"","format":"standard","meta":{"footnotes":""},"categories":[10],"tags":[17824,28639,28638,28640],"class_list":["post-77584","post","type-post","status-publish","format-standard","has-post-thumbnail","hentry","category-editorial","tag-foro-vecinal-avellaneda-segura","tag-incoherencia","tag-marcelo-mario-frecha","tag-publicaciones"],"_links":{"self":[{"href":"https:\/\/www.elsindical.com.ar\/notas\/wp-json\/wp\/v2\/posts\/77584","targetHints":{"allow":["GET"]}}],"collection":[{"href":"https:\/\/www.elsindical.com.ar\/notas\/wp-json\/wp\/v2\/posts"}],"about":[{"href":"https:\/\/www.elsindical.com.ar\/notas\/wp-json\/wp\/v2\/types\/post"}],"author":[{"embeddable":true,"href":"https:\/\/www.elsindical.com.ar\/notas\/wp-json\/wp\/v2\/users\/1"}],"replies":[{"embeddable":true,"href":"https:\/\/www.elsindical.com.ar\/notas\/wp-json\/wp\/v2\/comments?post=77584"}],"version-history":[{"count":1,"href":"https:\/\/www.elsindical.com.ar\/notas\/wp-json\/wp\/v2\/posts\/77584\/revisions"}],"predecessor-version":[{"id":77586,"href":"https:\/\/www.elsindical.com.ar\/notas\/wp-json\/wp\/v2\/posts\/77584\/revisions\/77586"}],"wp:featuredmedia":[{"embeddable":true,"href":"https:\/\/www.elsindical.com.ar\/notas\/wp-json\/wp\/v2\/media\/77585"}],"wp:attachment":[{"href":"https:\/\/www.elsindical.com.ar\/notas\/wp-json\/wp\/v2\/media?parent=77584"}],"wp:term":[{"taxonomy":"category","embeddable":true,"href":"https:\/\/www.elsindical.com.ar\/notas\/wp-json\/wp\/v2\/categories?post=77584"},{"taxonomy":"post_tag","embeddable":true,"href":"https:\/\/www.elsindical.com.ar\/notas\/wp-json\/wp\/v2\/tags?post=77584"}],"curies":[{"name":"wp","href":"https:\/\/api.w.org\/{rel}","templated":true}]}}