{"id":77458,"date":"2018-04-13T00:50:21","date_gmt":"2018-04-13T03:50:21","guid":{"rendered":"http:\/\/www.elsindical.com.ar\/notas\/?p=77458"},"modified":"2018-04-13T00:50:21","modified_gmt":"2018-04-13T03:50:21","slug":"la-justicia-solicito-detencion-y-desafuero-de-diputada-de-cambiemos","status":"publish","type":"post","link":"https:\/\/www.elsindical.com.ar\/notas\/la-justicia-solicito-detencion-y-desafuero-de-diputada-de-cambiemos\/","title":{"rendered":"La Justicia solicit\u00f3 detenci\u00f3n y desafuero de diputada de Cambiemos"},"content":{"rendered":"<p><em><span class=\"text description col-xs-8 col-lg-9\">\u00a0<a href=\"http:\/\/www.elsindical.com.ar\/notas\/var\/www\/html\/notas\/wp-content\/uploads\/2018\/04\/A\u00edda-Ayala.jpg\"><img loading=\"lazy\" decoding=\"async\" class=\"alignnone size-medium wp-image-77459\" src=\"http:\/\/www.elsindical.com.ar\/notas\/var\/www\/html\/notas\/wp-content\/uploads\/2018\/04\/A\u00edda-Ayala-300x206.jpg\" alt=\"\" width=\"300\" height=\"206\" srcset=\"https:\/\/www.elsindical.com.ar\/notas\/var\/www\/html\/notas\/wp-content\/uploads\/2018\/04\/A\u00edda-Ayala-300x206.jpg 300w, https:\/\/www.elsindical.com.ar\/notas\/var\/www\/html\/notas\/wp-content\/uploads\/2018\/04\/A\u00edda-Ayala-768x527.jpg 768w, https:\/\/www.elsindical.com.ar\/notas\/var\/www\/html\/notas\/wp-content\/uploads\/2018\/04\/A\u00edda-Ayala-1024x703.jpg 1024w, https:\/\/www.elsindical.com.ar\/notas\/var\/www\/html\/notas\/wp-content\/uploads\/2018\/04\/A\u00edda-Ayala-437x300.jpg 437w, https:\/\/www.elsindical.com.ar\/notas\/var\/www\/html\/notas\/wp-content\/uploads\/2018\/04\/A\u00edda-Ayala.jpg 1100w\" sizes=\"auto, (max-width: 300px) 100vw, 300px\" \/><\/a> La Justicia federal chaque\u00f1a la investiga por delitos vinculados al manejo de dinero en hechos de cuando ella era intendenta de Resistencia, cargo que ejerci\u00f3 hasta 2015.<\/span><\/em><\/p>\n<p>El fiscal federal de Resistencia, Patricio Sabadini, solicit\u00f3 este jueves el desafuero y la detenci\u00f3n de la diputada nacional por Cambiemos A\u00edda Ayala, en una causa en la que su ex yerno y otras personas ya est\u00e1n detenidos desde hace un mes acusados por lavado de activos, evasi\u00f3n y asociaci\u00f3n il\u00edcita entre otros delitos.<\/p>\n<p>Ayala, dirigente de la UCR, fue elegida diputada por el Chaco en las elecciones de 2017 y hasta diciembre pasado ocup\u00f3 el cargo de secretaria de Asuntos Municipales de la Naci\u00f3n en el Gabinete del presidente Mauricio Macri.<\/p>\n<p>La Justicia federal chaque\u00f1a la investiga por delitos vinculados al manejo de dinero en hechos de cuando ella era intendenta de Resistencia, cargo que ejerci\u00f3 hasta 2015.<\/p>\n<p>El fiscal Sabadini present\u00f3 este jueves al mediod\u00eda el pedido de desafuero e inmediata detenci\u00f3n ante la jueza federal de Resistencia, Zunilda Niremperger, quien deber\u00e1 resolver en las pr\u00f3ximas horas.<\/p>\n<p>Ayala est\u00e1 acusada de los delitos de \u00ablavado de activos agravado por su habitualidad y por ser miembro de una banda y funcionario p\u00fablico en calidad de coautor, asociaci\u00f3n il\u00edcita, enriquecimiento il\u00edcito, fraude en perjuicio de la administraci\u00f3n p\u00fablica e incumplimiento de los deberes de funcionario p\u00fablico\u00bb.<\/p>\n<p>Por esta misma causa, desde hace un mes ya est\u00e1 detenido el empresario chaque\u00f1o Alejandro Fisher, quien fue yerno de Ayala cuando ella era intendenta: Ayala contrat\u00f3 entonces a la firma PIMP SA, vinculada a ese hombre, por 500 millones de pesos para que realice el servicio de recolecci\u00f3n de residuos de la capital provincial.<\/p>\n<p>Adem\u00e1s, en la misma solicitud de este jueces, el fiscal Sabadini pidi\u00f3 que \u00abse haga efectiva la inmediata detenci\u00f3n de los imputados Pedro Alberto Mart\u00ednez, Natalia Martinez Guarino, Rolando Javier Acu\u00f1a y Luis Escobar y se recepte declaraci\u00f3n indagatoria\u00bb.<\/p>\n<p>Ayala tambi\u00e9n es cofundadora de la Fundaci\u00f3n Construir, de Resistencia, una organizaci\u00f3n que la Justicia federal investiga como \u00absello\u00bb que habr\u00eda sido utilizado para cometer delitos de lavado y, por ello, la sede ubicada en el centro de la capital chaque\u00f1a fue allanada la semana pasada.<\/p>\n<p>A partir de ahora, la jueza federal deber\u00e1 resolver si acepta el pedido del fiscal Sabadini y eleva a la C\u00e1mara de Diputados de la Naci\u00f3n el pedido de desafuero para detener luego a Ayala, quien en 2015 perdi\u00f3 las elecciones como candidata a gobernadora del Chaco por Cambiemos.<\/p>\n","protected":false},"excerpt":{"rendered":"<p>\u00a0 La Justicia federal chaque\u00f1a la investiga por delitos vinculados al manejo de dinero en hechos de cuando ella era intendenta de Resistencia, cargo que ejerci\u00f3 hasta 2015. El fiscal federal de Resistencia, Patricio Sabadini, solicit\u00f3 este jueves el desafuero y la detenci\u00f3n de la diputada nacional por Cambiemos A\u00edda Ayala, en una causa en&hellip;<\/p>\n","protected":false},"author":1,"featured_media":77459,"comment_status":"open","ping_status":"open","sticky":false,"template":"","format":"standard","meta":{"footnotes":""},"categories":[20],"tags":[28600,22169,255,28599,1826],"class_list":["post-77458","post","type-post","status-publish","format-standard","has-post-thumbnail","hentry","category-judiciales","tag-aida-ayala","tag-cambiemos","tag-chaco","tag-fiscal-federal-patricio-sabadini","tag-ucr"],"_links":{"self":[{"href":"https:\/\/www.elsindical.com.ar\/notas\/wp-json\/wp\/v2\/posts\/77458","targetHints":{"allow":["GET"]}}],"collection":[{"href":"https:\/\/www.elsindical.com.ar\/notas\/wp-json\/wp\/v2\/posts"}],"about":[{"href":"https:\/\/www.elsindical.com.ar\/notas\/wp-json\/wp\/v2\/types\/post"}],"author":[{"embeddable":true,"href":"https:\/\/www.elsindical.com.ar\/notas\/wp-json\/wp\/v2\/users\/1"}],"replies":[{"embeddable":true,"href":"https:\/\/www.elsindical.com.ar\/notas\/wp-json\/wp\/v2\/comments?post=77458"}],"version-history":[{"count":1,"href":"https:\/\/www.elsindical.com.ar\/notas\/wp-json\/wp\/v2\/posts\/77458\/revisions"}],"predecessor-version":[{"id":77460,"href":"https:\/\/www.elsindical.com.ar\/notas\/wp-json\/wp\/v2\/posts\/77458\/revisions\/77460"}],"wp:featuredmedia":[{"embeddable":true,"href":"https:\/\/www.elsindical.com.ar\/notas\/wp-json\/wp\/v2\/media\/77459"}],"wp:attachment":[{"href":"https:\/\/www.elsindical.com.ar\/notas\/wp-json\/wp\/v2\/media?parent=77458"}],"wp:term":[{"taxonomy":"category","embeddable":true,"href":"https:\/\/www.elsindical.com.ar\/notas\/wp-json\/wp\/v2\/categories?post=77458"},{"taxonomy":"post_tag","embeddable":true,"href":"https:\/\/www.elsindical.com.ar\/notas\/wp-json\/wp\/v2\/tags?post=77458"}],"curies":[{"name":"wp","href":"https:\/\/api.w.org\/{rel}","templated":true}]}}