{"id":77439,"date":"2018-04-12T10:47:24","date_gmt":"2018-04-12T13:47:24","guid":{"rendered":"http:\/\/www.elsindical.com.ar\/notas\/?p=77439"},"modified":"2018-04-12T10:47:24","modified_gmt":"2018-04-12T13:47:24","slug":"confirman-que-perez-volpin-murio-por-una-perforacion-en-el-esofago","status":"publish","type":"post","link":"https:\/\/www.elsindical.com.ar\/notas\/confirman-que-perez-volpin-murio-por-una-perforacion-en-el-esofago\/","title":{"rendered":"Confirman que P\u00e9rez Volpin muri\u00f3 por una perforaci\u00f3n en el es\u00f3fago"},"content":{"rendered":"<p><em>\u00a0 <a href=\"http:\/\/www.elsindical.com.ar\/notas\/var\/www\/html\/notas\/wp-content\/uploads\/2018\/02\/D\u00e9bora-P\u00e9rez-Volpin.jpg\"><img loading=\"lazy\" decoding=\"async\" class=\"alignnone size-medium wp-image-75805\" src=\"http:\/\/www.elsindical.com.ar\/notas\/var\/www\/html\/notas\/wp-content\/uploads\/2018\/02\/D\u00e9bora-P\u00e9rez-Volpin-300x171.jpg\" alt=\"\" width=\"300\" height=\"171\" srcset=\"https:\/\/www.elsindical.com.ar\/notas\/var\/www\/html\/notas\/wp-content\/uploads\/2018\/02\/D\u00e9bora-P\u00e9rez-Volpin-300x171.jpg 300w, https:\/\/www.elsindical.com.ar\/notas\/var\/www\/html\/notas\/wp-content\/uploads\/2018\/02\/D\u00e9bora-P\u00e9rez-Volpin-500x286.jpg 500w, https:\/\/www.elsindical.com.ar\/notas\/var\/www\/html\/notas\/wp-content\/uploads\/2018\/02\/D\u00e9bora-P\u00e9rez-Volpin-220x126.jpg 220w, https:\/\/www.elsindical.com.ar\/notas\/var\/www\/html\/notas\/wp-content\/uploads\/2018\/02\/D\u00e9bora-P\u00e9rez-Volpin-460x260.jpg 460w, https:\/\/www.elsindical.com.ar\/notas\/var\/www\/html\/notas\/wp-content\/uploads\/2018\/02\/D\u00e9bora-P\u00e9rez-Volpin.jpg 700w\" sizes=\"auto, (max-width: 300px) 100vw, 300px\" \/><\/a>El abogado de la familia, Diego Pirota, dio a conocer el resultado de la autopsia realizada por el Cuerpo M\u00e9dico Forense. \u00abLa muerte de D\u00e9bora fue violenta\u201d, advirti\u00f3.<\/em><\/p>\n<p>La periodista y legisladora porte\u00f1a D\u00e9bora P\u00e9rez Volpin falleci\u00f3 por \u201cuna perforaci\u00f3n instrumental en su es\u00f3fago\u201d durante la realizaci\u00f3n de una endoscopia en la Cl\u00ednica de La Trinidad Palermo y por \u00abresponsabilidad de los dos profesionales\u00bb que llevaron adelante la pr\u00e1ctica, seg\u00fan se desprende del informe final de la misma.<\/p>\n<p>\u00abLa muerte de D\u00e9bora fue violenta\u201d, afirm\u00f3 el abogado Diego Pirota, que representa a la familia de la periodista que muri\u00f3 el 6 de febrero, en el marco de una rueda de prensa en la Legislatura, convocada para difundir los resultados de la autopsia que les fueron entregados desde el Cuerpo M\u00e9dico Forense.<\/p>\n<p>Seg\u00fan se consigna en las conclusiones del informe le\u00eddo por Pirota a la prensa, \u201clas causales del fallecimiento de D\u00e9bora est\u00e1n en relaci\u00f3n directa a una perforaci\u00f3n instrumental del es\u00f3fago tor\u00e1cico con barotrauma que genera neumomediastino, neumotorax bilateral y neumoperitoneo\u201d.<\/p>\n<p>Detall\u00f3 que \u201cno se detectaron patolog\u00edas pre existentes que pudieran contribuir con la muerte\u201d, con lo cual rechaz\u00f3 la versi\u00f3n lanzada por el sanatorio privado a pocos d\u00edas del fallecimiento de la periodista que sosten\u00eda la posibilidad de que tuviera una he\u00e1titis al momento de ingresar al centro asistencial.<\/p>\n","protected":false},"excerpt":{"rendered":"<p>\u00a0 El abogado de la familia, Diego Pirota, dio a conocer el resultado de la autopsia realizada por el Cuerpo M\u00e9dico Forense. \u00abLa muerte de D\u00e9bora fue violenta\u201d, advirti\u00f3. La periodista y legisladora porte\u00f1a D\u00e9bora P\u00e9rez Volpin falleci\u00f3 por \u201cuna perforaci\u00f3n instrumental en su es\u00f3fago\u201d durante la realizaci\u00f3n de una endoscopia en la Cl\u00ednica de&hellip;<\/p>\n","protected":false},"author":1,"featured_media":75805,"comment_status":"open","ping_status":"open","sticky":false,"template":"","format":"standard","meta":{"footnotes":""},"categories":[20],"tags":[17432,28232,11144,28589],"class_list":["post-77439","post","type-post","status-publish","format-standard","has-post-thumbnail","hentry","category-judiciales","tag-cuerpo-medico-forense","tag-debora-perez-volpin","tag-diego-pirota","tag-muerte-violenta"],"_links":{"self":[{"href":"https:\/\/www.elsindical.com.ar\/notas\/wp-json\/wp\/v2\/posts\/77439","targetHints":{"allow":["GET"]}}],"collection":[{"href":"https:\/\/www.elsindical.com.ar\/notas\/wp-json\/wp\/v2\/posts"}],"about":[{"href":"https:\/\/www.elsindical.com.ar\/notas\/wp-json\/wp\/v2\/types\/post"}],"author":[{"embeddable":true,"href":"https:\/\/www.elsindical.com.ar\/notas\/wp-json\/wp\/v2\/users\/1"}],"replies":[{"embeddable":true,"href":"https:\/\/www.elsindical.com.ar\/notas\/wp-json\/wp\/v2\/comments?post=77439"}],"version-history":[{"count":1,"href":"https:\/\/www.elsindical.com.ar\/notas\/wp-json\/wp\/v2\/posts\/77439\/revisions"}],"predecessor-version":[{"id":77440,"href":"https:\/\/www.elsindical.com.ar\/notas\/wp-json\/wp\/v2\/posts\/77439\/revisions\/77440"}],"wp:featuredmedia":[{"embeddable":true,"href":"https:\/\/www.elsindical.com.ar\/notas\/wp-json\/wp\/v2\/media\/75805"}],"wp:attachment":[{"href":"https:\/\/www.elsindical.com.ar\/notas\/wp-json\/wp\/v2\/media?parent=77439"}],"wp:term":[{"taxonomy":"category","embeddable":true,"href":"https:\/\/www.elsindical.com.ar\/notas\/wp-json\/wp\/v2\/categories?post=77439"},{"taxonomy":"post_tag","embeddable":true,"href":"https:\/\/www.elsindical.com.ar\/notas\/wp-json\/wp\/v2\/tags?post=77439"}],"curies":[{"name":"wp","href":"https:\/\/api.w.org\/{rel}","templated":true}]}}