{"id":77415,"date":"2018-04-10T22:47:49","date_gmt":"2018-04-11T01:47:49","guid":{"rendered":"http:\/\/www.elsindical.com.ar\/notas\/?p=77415"},"modified":"2018-04-10T22:47:49","modified_gmt":"2018-04-11T01:47:49","slug":"solo-los-miserables-pueden-usar-el-miedo-de-los-vecinos-y-el-dolor","status":"publish","type":"post","link":"https:\/\/www.elsindical.com.ar\/notas\/solo-los-miserables-pueden-usar-el-miedo-de-los-vecinos-y-el-dolor\/","title":{"rendered":"Solo los miserables pueden usar el miedo de los vecinos y el dolor"},"content":{"rendered":"<p><a href=\"http:\/\/www.elsindical.com.ar\/notas\/var\/www\/html\/notas\/wp-content\/uploads\/2018\/04\/Marcelo-Brunwald-con-Cr\u00f3nica.jpg\"><img loading=\"lazy\" decoding=\"async\" class=\"alignnone size-medium wp-image-77417\" src=\"http:\/\/www.elsindical.com.ar\/notas\/var\/www\/html\/notas\/wp-content\/uploads\/2018\/04\/Marcelo-Brunwald-con-Cr\u00f3nica-225x300.jpg\" alt=\"\" width=\"225\" height=\"300\" srcset=\"https:\/\/www.elsindical.com.ar\/notas\/var\/www\/html\/notas\/wp-content\/uploads\/2018\/04\/Marcelo-Brunwald-con-Cr\u00f3nica-225x300.jpg 225w, https:\/\/www.elsindical.com.ar\/notas\/var\/www\/html\/notas\/wp-content\/uploads\/2018\/04\/Marcelo-Brunwald-con-Cr\u00f3nica.jpg 720w\" sizes=\"auto, (max-width: 225px) 100vw, 225px\" \/><\/a>Hoy a las 18:00 hs, un aviso por WhatsApp, convocaba a los vecinos de Sarand\u00ed a juntarse en la esquina de Villegas y Supisiche para poder hablar de la inseguridad y que \u00abalguien\u00bb hab\u00eda conseguido que Cr\u00f3nica se ocupe de cubrir el reclamo, pasadas las 18:00 hs. muy pocos vecinos se hab\u00edan juntado en la esquina y nadie sabia quien organizaba esta vez, pero la esperanza de ser escuchados los hacia llamar a otros para sumarse.<\/p>\n<p>Un coche traslado a un camar\u00f3grafo y un periodista que le aclararon a los vecinos que si no superaban los 10 vecinos se iban, la gente se desesperaba por llegar a superar el n\u00famero, cuando consiguieron que se fueran sumando, antes de la nota ocurri\u00f3 un hecho in\u00e9dito, nunca en los a\u00f1os que llevo en el periodismo fui testigo de una aberraci\u00f3n igual, se pregunt\u00f3 quienes iban a hablar y la condici\u00f3n para que la nota se haga fue NO NOMBRAR A NING\u00daN POL\u00cdTICO, MUCHO MENOS VIDAL O MACRI, sino la nota se cortaba y no sal\u00eda.<\/p>\n<p>No es que el periodismo actual este como ya lo vengo mencionando direccionado a la pauta o el cuidar a los poderosos, sino que nunca escuch\u00e9 semejante condicionamiento, esto hizo que muchos cambien el semblante de sus caras, se pincharon, pero poco es mejor que nada y la directiva de los \u00abperiodistas\u00bb fue que solo digan que hay robos, que tienen miedo, que falta polic\u00eda, es decir lo que todos sabemos.<\/p>\n<p>Lo que no te cuentan los medios mercenarios, es que la seguridad es un gran negocio, las partidas millonarias que se designan a las fuerzas de seguridad pocas veces se ejecutan en mejorar las fuerzas, as\u00ed con la excusa de mejorar la seguridad se gastan millones en negociados de los que no se habla, un ejemplo los millones que lleva la provincia gastados en una empresa asesora de seguridad de origen chino que a la fecha ha sido un fracaso, los muertos desde el 2018 est\u00e1n en un record del que tampoco los medios hablan y la polic\u00eda trabaja con los pocos recursos siendo el \u00abperejil\u00bb al que se le apuntan todos los reclamos, que hay corruptos los sabemos todos, que se trabaja con escasos recursos solo los que se dedican a investigar las causas de que nada mejore.<\/p>\n<p>Pero adem\u00e1s el requisito no cerraba, los vecinos segu\u00edan pregunt\u00e1ndose quien hab\u00eda organizado esto y con qu\u00e9 intenci\u00f3n si ten\u00edan que poner la cara pero sin decir lo que sienten, hasta que apareci\u00f3 el ide\u00f3logo de la movida, Marcelo Brunwald, el responsable del seudo medio En La Mira, el que no solo conoc\u00eda a los periodistas, sino que les susurraba que era lo correcto, lleg\u00f3 sin hablar con ning\u00fan vecino y luego de se\u00f1alarles el final de la nota, se retir\u00f3 al mismo tiempo que los empleados de Cr\u00f3nica, agradezco haber estado presente como en todas las convocatorias de los vecinos, ya que a\u00fan con diferencias con muchos de ellos, me une la preocupaci\u00f3n por las familias que quieren seguridad y justicia.<\/p>\n<p>Incluso algunos vecinos me confiaron que este personaje que desacredita la profesi\u00f3n a algunos les dijo que se cuiden de m\u00ed, algo que ya hizo en su momento con los vecinos de Wilde y que no le result\u00f3 porque a diferencia de \u00e9l que solo se hace presente cuando tiene un inter\u00e9s personal no solo he estado presente en marchas en Avellaneda sino en toda la provincia de Buenos Aires y he acompa\u00f1ado a familiares de v\u00edctimas desde hace m\u00e1s de 25 a\u00f1os, con una trayectoria que trascendi\u00f3 la Argentina, porque uno debe tener criterio y buscar la verdad, he criticado y denunciado funcionarios de gobiernos de Menen, De La R\u00faa, Kirchner y de Mauricio Macri, mis notas de hace a\u00f1os hoy cobran vigencia y no hay mejor muestra que el tiempo.<\/p>\n<p>Lamento que hoy los vecinos de Avellaneda sean objeto de maniobras pol\u00edticas, del lado de Ferraresi y del lado de los que buscan r\u00e9dito en hacerles creer que CAMBIEMOS es un cambio, pero esa objetividad tiene un costo, del lado de Ferraresi haber sido amenazado por su responsable de seguridad Marcelo Rey delante de varios vecinos que son testigos y que el municipio o mejor dicho el intendente no haya tomado ninguna medida, del lado de estos mercenarios que hoy est\u00e1n con CAMBIEMOS y ma\u00f1ana seguramente estar\u00e1n con el que maneje la billetera intenten desacreditarme con mentiras.<\/p>\n<p>Sepan miserables, que me sobra espalda para aguantar sus operaciones sucias, mis testigos son los propios vecinos, no esos que solo escriben en las redes sociales que muchos no existen y se dedican a provocarme o insultarme, yo estoy donde tiene que estar un periodista al lado del vecino que mueve el culo, el que solo se queja es el que alimenta a pol\u00edticos sin escr\u00fapulos y los que en la confrontaci\u00f3n hacen un negocio.<\/p>\n<p>Lamento la falta de uni\u00f3n de los vecinos en apoyar a los que le dedican tiempo a buscar una mejora que incluye a todos, el otro problema es la falta de informaci\u00f3n real a los vecinos, depende quien se acerque le dir\u00e1n que la culpa es del intendente o de la gobernadora, la realidad es que ambos son responsables, ambos intentan usar el miedo y el dolor con fines pol\u00edticos, total son los vecinos de un barrio X, porque la inseguridad no es algo que solo ocurre en Avellaneda, la provincia es insegura, en lugar de ocuparse de verdad inventan procedimientos, mienten con una supuesta lucha contra el narcotr\u00e1fico, pero las mentiras no se pueden sostener.<\/p>\n<p>Mi aporte para esos vecinos valientes es contar la verdad, en la que estuve presente, no como otros personajes que desinforman a los vecinos, que se excusan diciendo me lo pasaron as\u00ed o son incapaces de administrar las p\u00e1ginas que crearon supuestamente para los vecinos o los grupos de redes sociales donde los vecinos se enfrentan porque las reglas no son ni justas ni claras, donde hay censura a algunos comentarios.<\/p>\n<p>Nadie puede arrogarse el decidir que vecino s\u00ed y que vecino no, insisto, hay que buscar la unidad de los vecinos, porque el balazo no distingue entre ideolog\u00edas pol\u00edticas, es muy c\u00f3modo jugar desde tu casa al se\u00f1or FORO de seguridad como hace Marcelo Frecha sin poner la cara, sin dar explicaciones a los vecinos, o como el otro impresentable que ni pregunto a los presentes qu\u00e9 quer\u00edan contar.<\/p>\n<p>Los felicito se\u00f1ores vecinos a todos los que fueron a la convocatoria, que no los desanime el hecho de que un \u00abmedio grande\u00bb les d\u00e9 el gui\u00f3n de lo que se puede decir, ustedes dieron un paso c\u00edvico importante, ejercieron su condici\u00f3n de ciudadano, la Constituci\u00f3n Nacional en su Art. 14 Bis les garantiza el derecho a peticionar ante las autoridades, no aclara la Constituci\u00f3n a quienes s\u00ed y a quienes no. Se equivoca Ferraresi al no estar con los vecinos en los reclamos, se equivoca Vidal al dejar que personajes que se identifican con CAMBIEMOS hagan estos papelones.<\/p>\n<p>Los pol\u00edticos PASAN, los vecinos quedan, hay que honrar a las v\u00edctimas y sus familias con hechos y no con palabras.<\/p>\n<p>&nbsp;<\/p>\n<p>Por Marcelo Ricardo Hawrylciw<\/p>\n","protected":false},"excerpt":{"rendered":"<p>Hoy a las 18:00 hs, un aviso por WhatsApp, convocaba a los vecinos de Sarand\u00ed a juntarse en la esquina de Villegas y Supisiche para poder hablar de la inseguridad y que \u00abalguien\u00bb hab\u00eda conseguido que Cr\u00f3nica se ocupe de cubrir el reclamo, pasadas las 18:00 hs. muy pocos vecinos se hab\u00edan juntado en la&hellip;<\/p>\n","protected":false},"author":1,"featured_media":77417,"comment_status":"open","ping_status":"open","sticky":false,"template":"","format":"standard","meta":{"footnotes":""},"categories":[10],"tags":[461,24260,984,6275,19574,17822,2330],"class_list":["post-77415","post","type-post","status-publish","format-standard","has-post-thumbnail","hentry","category-editorial","tag-avellaneda","tag-gobernadora-maria-eugenia-vidal","tag-inseguridad","tag-intendente-jorge-ferraresi","tag-marcelo-brunwald","tag-marcelo-frecha","tag-sarandi"],"_links":{"self":[{"href":"https:\/\/www.elsindical.com.ar\/notas\/wp-json\/wp\/v2\/posts\/77415","targetHints":{"allow":["GET"]}}],"collection":[{"href":"https:\/\/www.elsindical.com.ar\/notas\/wp-json\/wp\/v2\/posts"}],"about":[{"href":"https:\/\/www.elsindical.com.ar\/notas\/wp-json\/wp\/v2\/types\/post"}],"author":[{"embeddable":true,"href":"https:\/\/www.elsindical.com.ar\/notas\/wp-json\/wp\/v2\/users\/1"}],"replies":[{"embeddable":true,"href":"https:\/\/www.elsindical.com.ar\/notas\/wp-json\/wp\/v2\/comments?post=77415"}],"version-history":[{"count":2,"href":"https:\/\/www.elsindical.com.ar\/notas\/wp-json\/wp\/v2\/posts\/77415\/revisions"}],"predecessor-version":[{"id":77418,"href":"https:\/\/www.elsindical.com.ar\/notas\/wp-json\/wp\/v2\/posts\/77415\/revisions\/77418"}],"wp:featuredmedia":[{"embeddable":true,"href":"https:\/\/www.elsindical.com.ar\/notas\/wp-json\/wp\/v2\/media\/77417"}],"wp:attachment":[{"href":"https:\/\/www.elsindical.com.ar\/notas\/wp-json\/wp\/v2\/media?parent=77415"}],"wp:term":[{"taxonomy":"category","embeddable":true,"href":"https:\/\/www.elsindical.com.ar\/notas\/wp-json\/wp\/v2\/categories?post=77415"},{"taxonomy":"post_tag","embeddable":true,"href":"https:\/\/www.elsindical.com.ar\/notas\/wp-json\/wp\/v2\/tags?post=77415"}],"curies":[{"name":"wp","href":"https:\/\/api.w.org\/{rel}","templated":true}]}}