{"id":77382,"date":"2018-04-08T13:58:31","date_gmt":"2018-04-08T16:58:31","guid":{"rendered":"http:\/\/www.elsindical.com.ar\/notas\/?p=77382"},"modified":"2018-04-08T13:58:31","modified_gmt":"2018-04-08T16:58:31","slug":"abuso-sexual-contra-ninos-hay-5-casos-por-dia-pero-es-el-delito-menos-denunciado","status":"publish","type":"post","link":"https:\/\/www.elsindical.com.ar\/notas\/abuso-sexual-contra-ninos-hay-5-casos-por-dia-pero-es-el-delito-menos-denunciado\/","title":{"rendered":"Abuso sexual contra ni\u00f1os: hay 5 casos por d\u00eda, pero es el delito menos denunciado"},"content":{"rendered":"<p><em><span class=\"text description col-xs-8 col-lg-9\"><a href=\"http:\/\/www.elsindical.com.ar\/notas\/var\/www\/html\/notas\/wp-content\/uploads\/2018\/04\/abusos-menores.jpg\"><img loading=\"lazy\" decoding=\"async\" class=\"alignnone size-medium wp-image-77383\" src=\"http:\/\/www.elsindical.com.ar\/notas\/var\/www\/html\/notas\/wp-content\/uploads\/2018\/04\/abusos-menores-300x169.jpg\" alt=\"\" width=\"300\" height=\"169\" srcset=\"https:\/\/www.elsindical.com.ar\/notas\/var\/www\/html\/notas\/wp-content\/uploads\/2018\/04\/abusos-menores-300x169.jpg 300w, https:\/\/www.elsindical.com.ar\/notas\/var\/www\/html\/notas\/wp-content\/uploads\/2018\/04\/abusos-menores-768x432.jpg 768w, https:\/\/www.elsindical.com.ar\/notas\/var\/www\/html\/notas\/wp-content\/uploads\/2018\/04\/abusos-menores-1024x576.jpg 1024w, https:\/\/www.elsindical.com.ar\/notas\/var\/www\/html\/notas\/wp-content\/uploads\/2018\/04\/abusos-menores-500x281.jpg 500w, https:\/\/www.elsindical.com.ar\/notas\/var\/www\/html\/notas\/wp-content\/uploads\/2018\/04\/abusos-menores-460x260.jpg 460w, https:\/\/www.elsindical.com.ar\/notas\/var\/www\/html\/notas\/wp-content\/uploads\/2018\/04\/abusos-menores.jpg 1170w\" sizes=\"auto, (max-width: 300px) 100vw, 300px\" \/><\/a>\u00a0 Los esc\u00e1ndalos desatados por las denuncias de abusos sexuales contra jugadores de las divisiones inferiores de Independiente reactivaron el debate del tema. Cifras oficiales y alarmantes.<\/span><\/em><\/p>\n<p>El abuso sexual contra ni\u00f1os, ni\u00f1as y adolescentes es un verdadero flagelo que golpea, y muy duro, a nuestra sociedad. Es tambi\u00e9n una de las peores formas de violencia.<\/p>\n<p>Pero hay otros datos que son tan alarmantes (que surgen de un informe de Mariana Iglesias para Clar\u00edn) y es que pese a ser un problema que crece d\u00eda a d\u00eda en el mundo entero, la mayor\u00eda de los casos no son detectados, algo a lo que se suma otro agravante: en la mayor\u00eda de los casos, tampoco son denunciados.<\/p>\n<p>Seg\u00fan la Organizaci\u00f3n Mundial de la Salud, una de cada cinco mujeres y uno de cada trece varones sufrieron abusos sexuales durante la infancia.<\/p>\n<p>Argentina no est\u00e1 al mergen de este problema y, seg\u00fan las estad\u00edsticas del Ministerio de Justicia, en los \u00faltimos quince meses hubo 2.094 ni\u00f1os, ni\u00f1as y adolescentes v\u00edctimas de abuso sexual.<\/p>\n<p>Los especialistas afirman por su lado que esos datos, esas cifras oficiales, representan tan s\u00f3lo una \u00ednfima parte de lo que pasa.<\/p>\n<p>La violencia sexual tiene muchas formas de manifestarse: la violaci\u00f3n, el tocamiento, el acoso, el exhibicionismo, la explotaci\u00f3n, el grooming, la pornograf\u00eda forzada, las amenazas, la explotaci\u00f3n, la facilitaci\u00f3n a la corrupci\u00f3n.<\/p>\n<p>Hace dos semanas quedaron en exposici\u00f3n los abusos de chicos de las divisiones inferiores en Independiente y River y a medida que pasan los d\u00edas las denuncias aumentan y suman preocupaci\u00f3n y gravedad a la causa.<\/p>\n<p>Lo concreto y alarmente es que la mayor cantidad de abusos contra los ni\u00f1os y ni\u00f1as suceden en la propia casa de las v\u00edctimas: siete de cada diez abusadores son los padres, los padrastros, los t\u00edos y los abuelos.<\/p>\n<p>\u201cEl abuso es una de las formas m\u00e1s tremendas de violencia hacia la infancia, pero los chicos tienen miedo de hablar porque son ni\u00f1os, porque se los juzga, por temor a las represalias, porque sienten culpa y verg\u00fcenza\u201d, coment\u00f3 Mar\u00eda Angeles Misuraca, oficial de Protecci\u00f3n y Acceso a la Justicia de Unicef.<\/p>\n<p>\u201cNo hay denuncias por la m\u00e1xima asimetr\u00eda del crimen en s\u00ed: la v\u00edctima es un ni\u00f1o enfrentado a alguien con un poder extraordinario sobre \u00e9l, como puede ser su padre o su maestro. Por eso la cifra negra es tan negra, por eso la imposibilidad de la denuncia -asegura Carlos Rozanski, ex juez y miembro Fundador de la Asociaci\u00f3n Argentina de Prevenci\u00f3n del Maltrato Infanto Juvenil-.<\/p>\n<p>Antes se dec\u00eda que los chicos ment\u00edan.<\/p>\n","protected":false},"excerpt":{"rendered":"<p>\u00a0 Los esc\u00e1ndalos desatados por las denuncias de abusos sexuales contra jugadores de las divisiones inferiores de Independiente reactivaron el debate del tema. Cifras oficiales y alarmantes. El abuso sexual contra ni\u00f1os, ni\u00f1as y adolescentes es un verdadero flagelo que golpea, y muy duro, a nuestra sociedad. Es tambi\u00e9n una de las peores formas de&hellip;<\/p>\n","protected":false},"author":1,"featured_media":77383,"comment_status":"open","ping_status":"open","sticky":false,"template":"","format":"standard","meta":{"footnotes":""},"categories":[25],"tags":[28539,1984,22020,17387,1788,2054,1044,862],"class_list":["post-77382","post","type-post","status-publish","format-standard","has-post-thumbnail","hentry","category-sociedad","tag-abusos-de-menores","tag-causas","tag-denuncias","tag-grooming","tag-ninos","tag-oms","tag-pedofilia","tag-pornografia"],"_links":{"self":[{"href":"https:\/\/www.elsindical.com.ar\/notas\/wp-json\/wp\/v2\/posts\/77382","targetHints":{"allow":["GET"]}}],"collection":[{"href":"https:\/\/www.elsindical.com.ar\/notas\/wp-json\/wp\/v2\/posts"}],"about":[{"href":"https:\/\/www.elsindical.com.ar\/notas\/wp-json\/wp\/v2\/types\/post"}],"author":[{"embeddable":true,"href":"https:\/\/www.elsindical.com.ar\/notas\/wp-json\/wp\/v2\/users\/1"}],"replies":[{"embeddable":true,"href":"https:\/\/www.elsindical.com.ar\/notas\/wp-json\/wp\/v2\/comments?post=77382"}],"version-history":[{"count":1,"href":"https:\/\/www.elsindical.com.ar\/notas\/wp-json\/wp\/v2\/posts\/77382\/revisions"}],"predecessor-version":[{"id":77384,"href":"https:\/\/www.elsindical.com.ar\/notas\/wp-json\/wp\/v2\/posts\/77382\/revisions\/77384"}],"wp:featuredmedia":[{"embeddable":true,"href":"https:\/\/www.elsindical.com.ar\/notas\/wp-json\/wp\/v2\/media\/77383"}],"wp:attachment":[{"href":"https:\/\/www.elsindical.com.ar\/notas\/wp-json\/wp\/v2\/media?parent=77382"}],"wp:term":[{"taxonomy":"category","embeddable":true,"href":"https:\/\/www.elsindical.com.ar\/notas\/wp-json\/wp\/v2\/categories?post=77382"},{"taxonomy":"post_tag","embeddable":true,"href":"https:\/\/www.elsindical.com.ar\/notas\/wp-json\/wp\/v2\/tags?post=77382"}],"curies":[{"name":"wp","href":"https:\/\/api.w.org\/{rel}","templated":true}]}}