{"id":77338,"date":"2018-04-07T13:53:26","date_gmt":"2018-04-07T16:53:26","guid":{"rendered":"http:\/\/www.elsindical.com.ar\/notas\/?p=77338"},"modified":"2018-04-07T13:53:26","modified_gmt":"2018-04-07T16:53:26","slug":"efemerides-del-dia-7-de-abril-5","status":"publish","type":"post","link":"https:\/\/www.elsindical.com.ar\/notas\/efemerides-del-dia-7-de-abril-5\/","title":{"rendered":"EFEM\u00c9RIDES: DEL D\u00cdA 7 DE ABRIL"},"content":{"rendered":"<p>\u2013 D\u00eda Mundial de la Salud<\/p>\n<p>\u2013 D\u00eda Internacional de Reflexi\u00f3n sobre el Genocidio cometido en Rwanda.<\/p>\n<p>\u2013 Argentina: D\u00eda del Trabajador de Correos y Telecomunicaciones<\/p>\n<p>1506 \u2013 Nace San Francisco Javier, jesuita misionero espa\u00f1ol.<\/p>\n<p>1614 \u2013 Muere El Greco, pintor espa\u00f1ol.<\/p>\n<p>1652 \u2013 Los holandeses se establecen en Ciudad del Cabo.<\/p>\n<p>1719 \u2013 Muere San Juan Bautista de La Salle, eclesi\u00e1stico y educador franc\u00e9s.<\/p>\n<p>1772 \u2013 Nace Francois Marie Charles Fourier, fil\u00f3sofo franc\u00e9s.<\/p>\n<p>1822 \u2013 Se funda en Buenos Aires la Sociedad de Ciencias F\u00edsicas y Matem\u00e1ticas.<\/p>\n<p>1823 \u2013 Entra en Espa\u00f1a el ej\u00e9rcito franc\u00e9s conocido como \u201clos cien mil hijos de San Luis\u201d.<\/p>\n<p>1831 \u2013 Don Pedro II es coronado Emperador del Brasil.<\/p>\n<p>1860 \u2013 Nace Will Keith Kellogg, fundador de la compa\u00f1\u00eda de cereales que lleva su nombre.<\/p>\n<p>1866 \u2013 Se funda en Buenos Aires el Colegio de Escribanos.<\/p>\n<p>1889 \u2013 Nace Gabriela Mistral, poetiza chilena ganadora del Premio Nobel.<\/p>\n<p>1891 \u2013 Nace Victoria Ocampo, escritora.<\/p>\n<p>1894 \u2013 Aparece en Buenos Aires el diario socialista \u201cLa Vanguardia\u201d, fundado Juan B. Justo.<\/p>\n<p>1912 \u2013 Se eligen los primeros diputados seg\u00fan la Ley S\u00e1enz Pe\u00f1a.<\/p>\n<p>1915 \u2013 Nace \u201cBillie\u201d Holiday, cantante de blues.<\/p>\n<p>1920 \u2013 Nace Ravi Shankar, compositor y m\u00fasico indio, uno de los principales de su pa\u00eds.<\/p>\n<p>1928 \u2013 Nace el actor y productor estadounidense James Garner.<\/p>\n<p>1939 \u2013 Las tropas de Mussolini se anexan Albania.<\/p>\n<p>1939 \u2013 Nace el cineasta estadounidense Francis Ford Coppola.<\/p>\n<p>1947 \u2013 Muere Henry Ford, impulsor de la industria automotriz estadounidense.<\/p>\n<p>1948 \u2013 Se funda la Organizaci\u00f3n Mundial de la Salud.<\/p>\n<p>1953 \u2013 El pol\u00edtico sueco Dag Hammarskjsld es designado secretario general de las Naciones Unidas.<\/p>\n<p>1955 \u2013 Se funda el Club de Deportes O\u2019Higgins, de Rancagua, Chile.<\/p>\n<p>1958 \u2013 Se funda el Club Deportes Tolima, de Ibagu\u00e9, Colombia.<\/p>\n<p>1968 \u2013 Muere el piloto escoc\u00e9s de autom\u00f3viles Jim Clark al salirse de la pista el b\u00f3lido que conduc\u00eda por el circuito de Hockenheim, Alemania.<\/p>\n<p>1992 \u2013 El Parlamento Europeo ratifica por amplia mayor\u00eda el Tratado de Maastricht para la Uni\u00f3n Europea.<\/p>\n<p>1999 \u2013 Segunda visita del Dalai Lama a Argentina. Es declarado Ciudadano Ilustre de la Ciudad de Buenos Aires.<\/p>\n<p>2004 \u2013 El Congreso argentino aumenta las penas por robo con armas y da media sanci\u00f3n a otras cinco leyes.<\/p>\n<p>2004 \u2013 El gobernador de la provincia de Buenos Aires, Felipe Sol\u00e1 designa a Le\u00f3n Arslani\u00e1n en el ministerio de Seguridad para frenar la ola de secuestros y atentados en el conurbano bonaerense.<\/p>\n<p>2009 \u2013 En Per\u00fa, el expresidente Alberto Fujimori es condenado a 25 a\u00f1os de prisi\u00f3n por delitos de lesa humanidad.<\/p>\n<p>2012 \u2013 Muere Mike Wallace, periodista estadounidense.<\/p>\n","protected":false},"excerpt":{"rendered":"<p>\u2013 D\u00eda Mundial de la Salud \u2013 D\u00eda Internacional de Reflexi\u00f3n sobre el Genocidio cometido en Rwanda. \u2013 Argentina: D\u00eda del Trabajador de Correos y Telecomunicaciones 1506 \u2013 Nace San Francisco Javier, jesuita misionero espa\u00f1ol. 1614 \u2013 Muere El Greco, pintor espa\u00f1ol. 1652 \u2013 Los holandeses se establecen en Ciudad del Cabo. 1719 \u2013 Muere&hellip;<\/p>\n","protected":false},"author":1,"featured_media":0,"comment_status":"open","ping_status":"open","sticky":false,"template":"","format":"standard","meta":{"footnotes":""},"categories":[14],"tags":[],"class_list":["post-77338","post","type-post","status-publish","format-standard","hentry","category-efemerides"],"_links":{"self":[{"href":"https:\/\/www.elsindical.com.ar\/notas\/wp-json\/wp\/v2\/posts\/77338","targetHints":{"allow":["GET"]}}],"collection":[{"href":"https:\/\/www.elsindical.com.ar\/notas\/wp-json\/wp\/v2\/posts"}],"about":[{"href":"https:\/\/www.elsindical.com.ar\/notas\/wp-json\/wp\/v2\/types\/post"}],"author":[{"embeddable":true,"href":"https:\/\/www.elsindical.com.ar\/notas\/wp-json\/wp\/v2\/users\/1"}],"replies":[{"embeddable":true,"href":"https:\/\/www.elsindical.com.ar\/notas\/wp-json\/wp\/v2\/comments?post=77338"}],"version-history":[{"count":1,"href":"https:\/\/www.elsindical.com.ar\/notas\/wp-json\/wp\/v2\/posts\/77338\/revisions"}],"predecessor-version":[{"id":77339,"href":"https:\/\/www.elsindical.com.ar\/notas\/wp-json\/wp\/v2\/posts\/77338\/revisions\/77339"}],"wp:attachment":[{"href":"https:\/\/www.elsindical.com.ar\/notas\/wp-json\/wp\/v2\/media?parent=77338"}],"wp:term":[{"taxonomy":"category","embeddable":true,"href":"https:\/\/www.elsindical.com.ar\/notas\/wp-json\/wp\/v2\/categories?post=77338"},{"taxonomy":"post_tag","embeddable":true,"href":"https:\/\/www.elsindical.com.ar\/notas\/wp-json\/wp\/v2\/tags?post=77338"}],"curies":[{"name":"wp","href":"https:\/\/api.w.org\/{rel}","templated":true}]}}