{"id":77315,"date":"2018-04-06T00:19:02","date_gmt":"2018-04-06T03:19:02","guid":{"rendered":"http:\/\/www.elsindical.com.ar\/notas\/?p=77315"},"modified":"2018-04-06T00:19:02","modified_gmt":"2018-04-06T03:19:02","slug":"esteban-echeverria-asesinan-a-un-joven-se-investiga-conexiones-narco","status":"publish","type":"post","link":"https:\/\/www.elsindical.com.ar\/notas\/esteban-echeverria-asesinan-a-un-joven-se-investiga-conexiones-narco\/","title":{"rendered":"Esteban Echeverr\u00eda: Asesinan a un joven, se investiga conexiones narco"},"content":{"rendered":"<p><em>\u00a0<a href=\"http:\/\/www.elsindical.com.ar\/notas\/var\/www\/html\/notas\/wp-content\/uploads\/2010\/06\/patrulla-bonaerense-gen\u00e9ric.jpg\"><img loading=\"lazy\" decoding=\"async\" class=\"alignnone size-medium wp-image-7341\" src=\"http:\/\/www.elsindical.com.ar\/notas\/var\/www\/html\/notas\/wp-content\/uploads\/2010\/06\/patrulla-bonaerense-gen\u00e9ric-300x112.jpg\" alt=\"\" width=\"300\" height=\"112\" srcset=\"https:\/\/www.elsindical.com.ar\/notas\/var\/www\/html\/notas\/wp-content\/uploads\/2010\/06\/patrulla-bonaerense-gen\u00e9ric-300x112.jpg 300w, https:\/\/www.elsindical.com.ar\/notas\/var\/www\/html\/notas\/wp-content\/uploads\/2010\/06\/patrulla-bonaerense-gen\u00e9ric.jpg 325w\" sizes=\"auto, (max-width: 300px) 100vw, 300px\" \/><\/a> El violento homicidio se descubri\u00f3 en la v\u00eda p\u00fablica, en el denominado Barrio Nueve de Abril y la polic\u00eda sospecha que tendr\u00eda relaci\u00f3n con la venta de drogas. A pocos metros del cad\u00e1ver, se incaut\u00f3 un D.N.I., aunque se cree que no corresponder\u00eda al muchacho.<\/em><\/p>\n<p>El cad\u00e1ver salvajemente baleado en la cabeza de un joven apareci\u00f3 abandonado en la v\u00eda p\u00fablica, en un cruento suceso que se registr\u00f3\u00a0en la localidad bonaerense de Transradio, en el partido de Esteban Echeverr\u00eda.<\/p>\n<p>Las autoridades policiales incautaron, a pocos metros del fallecido, un documento de identidad a nombre de <strong>Jos\u00e9 Leonel Posse<\/strong>, de 18 a\u00f1os, pero consideran que el mismo no corresponder\u00eda al occiso, a la vez que sospechan que el asesinato estar\u00eda relacionado a la venta de drogas.<\/p>\n<p>Al respecto, los voceros de los tribunales de Lomas de Zamora revelaron<strong><em>\u00a0<\/em><\/strong>que la infortunada v\u00edctima apareci\u00f3 en la madrugada en el cruce de Primera Junta y Tupungato, en el denominado Barrio Nueve de Abril, en la zona sur del conurbano provincial, cuando los servidores p\u00fablicos del destacamento Nuestras Malvinas hallaron el cuerpo sin vida de un muchacho, que yac\u00eda en un charco de sangre y que presentaba un certero impacto de proyectil de arma de fuego en la regi\u00f3n craneana.<\/p>\n<p>Sin embargo, los investigadores sospechan que el documento no ser\u00eda del occiso y que el fallecido tendr\u00eda otra identidad, presumi\u00e9ndose que el crimen se encontrar\u00eda vinculado a la comercializaci\u00f3n de estupefacientes.<\/p>\n<p>Intervino en la causa, que fue caratulada \u201cHomicidio\u201d, el doctor <strong>Juan Jos\u00e9 Vaello<\/strong>, fiscal en turno de la Unidad Funcional N\u00b0 2 de Esteban Echeverr\u00eda, dependiente del departamento judicial de Lomas de Zamora.<\/p>\n","protected":false},"excerpt":{"rendered":"<p>\u00a0 El violento homicidio se descubri\u00f3 en la v\u00eda p\u00fablica, en el denominado Barrio Nueve de Abril y la polic\u00eda sospecha que tendr\u00eda relaci\u00f3n con la venta de drogas. A pocos metros del cad\u00e1ver, se incaut\u00f3 un D.N.I., aunque se cree que no corresponder\u00eda al muchacho. El cad\u00e1ver salvajemente baleado en la cabeza de un&hellip;<\/p>\n","protected":false},"author":1,"featured_media":7978,"comment_status":"open","ping_status":"open","sticky":false,"template":"","format":"standard","meta":{"footnotes":""},"categories":[22],"tags":[363,1905,4432,10846],"class_list":["post-77315","post","type-post","status-publish","format-standard","has-post-thumbnail","hentry","category-policiales","tag-asesinato","tag-esteban-echeverria","tag-narco","tag-transradio"],"_links":{"self":[{"href":"https:\/\/www.elsindical.com.ar\/notas\/wp-json\/wp\/v2\/posts\/77315","targetHints":{"allow":["GET"]}}],"collection":[{"href":"https:\/\/www.elsindical.com.ar\/notas\/wp-json\/wp\/v2\/posts"}],"about":[{"href":"https:\/\/www.elsindical.com.ar\/notas\/wp-json\/wp\/v2\/types\/post"}],"author":[{"embeddable":true,"href":"https:\/\/www.elsindical.com.ar\/notas\/wp-json\/wp\/v2\/users\/1"}],"replies":[{"embeddable":true,"href":"https:\/\/www.elsindical.com.ar\/notas\/wp-json\/wp\/v2\/comments?post=77315"}],"version-history":[{"count":1,"href":"https:\/\/www.elsindical.com.ar\/notas\/wp-json\/wp\/v2\/posts\/77315\/revisions"}],"predecessor-version":[{"id":77316,"href":"https:\/\/www.elsindical.com.ar\/notas\/wp-json\/wp\/v2\/posts\/77315\/revisions\/77316"}],"wp:featuredmedia":[{"embeddable":true,"href":"https:\/\/www.elsindical.com.ar\/notas\/wp-json\/wp\/v2\/media\/7978"}],"wp:attachment":[{"href":"https:\/\/www.elsindical.com.ar\/notas\/wp-json\/wp\/v2\/media?parent=77315"}],"wp:term":[{"taxonomy":"category","embeddable":true,"href":"https:\/\/www.elsindical.com.ar\/notas\/wp-json\/wp\/v2\/categories?post=77315"},{"taxonomy":"post_tag","embeddable":true,"href":"https:\/\/www.elsindical.com.ar\/notas\/wp-json\/wp\/v2\/tags?post=77315"}],"curies":[{"name":"wp","href":"https:\/\/api.w.org\/{rel}","templated":true}]}}