{"id":77271,"date":"2018-04-04T11:25:12","date_gmt":"2018-04-04T14:25:12","guid":{"rendered":"http:\/\/www.elsindical.com.ar\/notas\/?p=77271"},"modified":"2018-04-04T11:25:12","modified_gmt":"2018-04-04T14:25:12","slug":"alerta-de-las-pymes-por-los-tarifazos-y-los-aumentos-de-precios","status":"publish","type":"post","link":"https:\/\/www.elsindical.com.ar\/notas\/alerta-de-las-pymes-por-los-tarifazos-y-los-aumentos-de-precios\/","title":{"rendered":"Alerta de las pymes por los tarifazos y los aumentos de precios"},"content":{"rendered":"<p><em><a href=\"http:\/\/www.elsindical.com.ar\/notas\/var\/www\/html\/notas\/wp-content\/uploads\/2017\/12\/APYME.jpg\"><img loading=\"lazy\" decoding=\"async\" class=\"alignnone size-medium wp-image-74692\" src=\"http:\/\/www.elsindical.com.ar\/notas\/var\/www\/html\/notas\/wp-content\/uploads\/2017\/12\/APYME-300x39.jpg\" alt=\"\" width=\"300\" height=\"39\" srcset=\"https:\/\/www.elsindical.com.ar\/notas\/var\/www\/html\/notas\/wp-content\/uploads\/2017\/12\/APYME-300x39.jpg 300w, https:\/\/www.elsindical.com.ar\/notas\/var\/www\/html\/notas\/wp-content\/uploads\/2017\/12\/APYME-768x99.jpg 768w, https:\/\/www.elsindical.com.ar\/notas\/var\/www\/html\/notas\/wp-content\/uploads\/2017\/12\/APYME-500x64.jpg 500w, https:\/\/www.elsindical.com.ar\/notas\/var\/www\/html\/notas\/wp-content\/uploads\/2017\/12\/APYME.jpg 800w\" sizes=\"auto, (max-width: 300px) 100vw, 300px\" \/><\/a>\u00a0 APYMES en estado de alerta por los desmesurados aumentos en tarifas energ\u00e9ticas, que se suman a los incrementos en combustibles, transportes, peajes e insumos para la producci\u00f3n.<\/em><\/p>\n<div id=\"tps_slideContainer_24747\" class=\"theiaPostSlider_slides\">\n<div class=\"theiaPostSlider_preloadedSlide\">\n<p>La\u00a0Asamblea de Peque\u00f1os y Medianos Empresarios (<strong>APYME<\/strong>) , liderada por\u00a0 <strong>Eduardo Fern\u00e1ndez<\/strong>, y acompa\u00f1ada por su secretario<strong> Juan Jos\u00e9 Sisca,\u00a0<\/strong>expresaron a trav\u00e9s de un comunicado de prensa su <strong>preocupaci\u00f3n por los desmesurados aumentos en tarifas energ\u00e9ticas<\/strong>, que se suman a los incrementos en combustibles, transportes, peajes\u00a0 e insumos\u00a0 para la producci\u00f3n.<\/p>\n<p>\u201c<strong>APYME llama al alerta de todos los sectores afectados<\/strong>\u201c, en reclamo de que se reviertan estas pol\u00edticas y se contemplen medidas urgentes y segmentadas\u00a0 para preservar y fomentar la actividad de\u00a0 las Pymes, la industria nacional,\u00a0 la econom\u00eda social y los peque\u00f1os productores, que constituyen m\u00e1s del 90 % de las unidades productivas y dan trabajo a la mayor parte de la poblaci\u00f3n en todo el pa\u00eds.<\/p>\n<p>Gracias a investigaciones, especialistas y asociaciones de usuarios han dejado en claro que estos aumentos\u00a0 no guardan relaci\u00f3n con los costos de las empresas energ\u00e9ticas y tampoco responden a criterios de \u201cgradualidad\u201d ni de equidad. Por el contrario, <strong>recaen con mayor fuerza sobre los sectores m\u00e1s vulnerables, los trabajadores, clases medias y Pymes<\/strong>.<\/p>\n<p>Por ende estas empresas padecen varios temas negativos, por un lado ven aumentar de modo exponencial sus costos, y por otro, no pueden descargar estos aumentos en los precios del mercado interno, por el proceso inflacionario y la p\u00e9rdida de poder adquisitivo de la poblaci\u00f3n.<br \/>\nY a su vez las <strong>autoridades nacionales siguen pretendiendo atacar la inflaci\u00f3n por medio de altas tasas y el ingreso irrestricto de mercader\u00edas al pa\u00eds, <\/strong>dando como resultado una econom\u00eda de sesgo especulativo, extractivo y de servicios, donde la industria nacional tiende a desaparecer y las econom\u00edas regionales se deterioran d\u00eda a d\u00eda.<\/p>\n<p>En este marco<strong> s\u00f3lo se benefician\u00a0 algunos rubros de grandes\u00a0 formadores de precios,<\/strong> con capacidad exportadora, que maximizan sus ganancias\u00a0 mediante la fuga divisas hacia afuera del pa\u00eds, y hacia adentro, la remarcaci\u00f3n abusiva, se\u00f1alaron desde la organizaci\u00f3n.<\/p>\n<\/div>\n<\/div>\n","protected":false},"excerpt":{"rendered":"<p>\u00a0 APYMES en estado de alerta por los desmesurados aumentos en tarifas energ\u00e9ticas, que se suman a los incrementos en combustibles, transportes, peajes e insumos para la producci\u00f3n. La\u00a0Asamblea de Peque\u00f1os y Medianos Empresarios (APYME) , liderada por\u00a0 Eduardo Fern\u00e1ndez, y acompa\u00f1ada por su secretario Juan Jos\u00e9 Sisca,\u00a0expresaron a trav\u00e9s de un comunicado de prensa&hellip;<\/p>\n","protected":false},"author":1,"featured_media":74692,"comment_status":"open","ping_status":"open","sticky":false,"template":"","format":"standard","meta":{"footnotes":""},"categories":[28],"tags":[25743,28553,16877,23657],"class_list":["post-77271","post","type-post","status-publish","format-standard","has-post-thumbnail","hentry","category-empresariales","tag-apyme","tag-juan-jose-sisca","tag-pymes","tag-tarifazos"],"_links":{"self":[{"href":"https:\/\/www.elsindical.com.ar\/notas\/wp-json\/wp\/v2\/posts\/77271","targetHints":{"allow":["GET"]}}],"collection":[{"href":"https:\/\/www.elsindical.com.ar\/notas\/wp-json\/wp\/v2\/posts"}],"about":[{"href":"https:\/\/www.elsindical.com.ar\/notas\/wp-json\/wp\/v2\/types\/post"}],"author":[{"embeddable":true,"href":"https:\/\/www.elsindical.com.ar\/notas\/wp-json\/wp\/v2\/users\/1"}],"replies":[{"embeddable":true,"href":"https:\/\/www.elsindical.com.ar\/notas\/wp-json\/wp\/v2\/comments?post=77271"}],"version-history":[{"count":1,"href":"https:\/\/www.elsindical.com.ar\/notas\/wp-json\/wp\/v2\/posts\/77271\/revisions"}],"predecessor-version":[{"id":77272,"href":"https:\/\/www.elsindical.com.ar\/notas\/wp-json\/wp\/v2\/posts\/77271\/revisions\/77272"}],"wp:featuredmedia":[{"embeddable":true,"href":"https:\/\/www.elsindical.com.ar\/notas\/wp-json\/wp\/v2\/media\/74692"}],"wp:attachment":[{"href":"https:\/\/www.elsindical.com.ar\/notas\/wp-json\/wp\/v2\/media?parent=77271"}],"wp:term":[{"taxonomy":"category","embeddable":true,"href":"https:\/\/www.elsindical.com.ar\/notas\/wp-json\/wp\/v2\/categories?post=77271"},{"taxonomy":"post_tag","embeddable":true,"href":"https:\/\/www.elsindical.com.ar\/notas\/wp-json\/wp\/v2\/tags?post=77271"}],"curies":[{"name":"wp","href":"https:\/\/api.w.org\/{rel}","templated":true}]}}