{"id":77265,"date":"2018-04-04T09:36:01","date_gmt":"2018-04-04T12:36:01","guid":{"rendered":"http:\/\/www.elsindical.com.ar\/notas\/?p=77265"},"modified":"2018-04-04T09:36:01","modified_gmt":"2018-04-04T12:36:01","slug":"se-afianzan-las-posibilidades-de-que-rsa-rugby-sordos-argentina-se-presente-en-torneos-internacionales","status":"publish","type":"post","link":"https:\/\/www.elsindical.com.ar\/notas\/se-afianzan-las-posibilidades-de-que-rsa-rugby-sordos-argentina-se-presente-en-torneos-internacionales\/","title":{"rendered":"Se afianzan las posibilidades de que RSA &#8211; Rugby Sordos Argentina se presente en torneos internacionales"},"content":{"rendered":"<table class=\"t1_mod\" width=\"100%\" cellspacing=\"0\" cellpadding=\"0\">\n<tbody>\n<tr>\n<td><strong><a href=\"http:\/\/www.elsindical.com.ar\/notas\/var\/www\/html\/notas\/wp-content\/uploads\/2018\/03\/RSA-equipo.jpg\"><img loading=\"lazy\" decoding=\"async\" class=\"alignnone size-medium wp-image-77125\" src=\"http:\/\/www.elsindical.com.ar\/notas\/var\/www\/html\/notas\/wp-content\/uploads\/2018\/03\/RSA-equipo-300x198.jpg\" alt=\"\" width=\"300\" height=\"198\" srcset=\"https:\/\/www.elsindical.com.ar\/notas\/var\/www\/html\/notas\/wp-content\/uploads\/2018\/03\/RSA-equipo-300x198.jpg 300w, https:\/\/www.elsindical.com.ar\/notas\/var\/www\/html\/notas\/wp-content\/uploads\/2018\/03\/RSA-equipo-768x508.jpg 768w, https:\/\/www.elsindical.com.ar\/notas\/var\/www\/html\/notas\/wp-content\/uploads\/2018\/03\/RSA-equipo-454x300.jpg 454w, https:\/\/www.elsindical.com.ar\/notas\/var\/www\/html\/notas\/wp-content\/uploads\/2018\/03\/RSA-equipo.jpg 960w\" sizes=\"auto, (max-width: 300px) 100vw, 300px\" \/><\/a>Se afianzan las posibilidades de que RSA &#8211; Rugby Sordos Argentina se presente en torneos internacionales<\/strong><\/p>\n<p>A pedido de Nick Marlor de Australia, Vice Chairman World Deaf Rugby, miembros de RSA Rugby Sordos Argentina mantuvieron una reuni\u00f3n en Buenos Aires.<\/p>\n<p>Nick Marlor de Australia, es el representante de WDR para hemisferio sur y a la reuni\u00f3n asistieron Mariano Matut, Presidente de RSA; Marcelo Reggiardo, Manager de RSA y Agust\u00edn Reggiardo, jugador y representante de RSA en CADES (Confederaci\u00f3n Argentina Deportiva Sordos).<\/p>\n<p>En esa oportunidad se ahond\u00f3 sobre el desarrollo y trabajo que viene llevando a cabo RSA, tanto en el pa\u00eds como en sus presentaciones en el exterior, y de all\u00ed surgi\u00f3 la invitaci\u00f3n al Mundial de Seven de Rugby Sordos a llevarse a cabo en Australia.<\/td>\n<\/tr>\n<\/tbody>\n<\/table>\n<table class=\"t1_mod\" width=\"100%\" cellspacing=\"0\" cellpadding=\"0\">\n<tbody>\n<tr>\n<td><img decoding=\"async\" src=\"https:\/\/scontent.ftuc1-1.fna.fbcdn.net\/v\/t1.0-9\/29598159_1767159976681103_7402500917482743608_n.jpg?_nc_cat=0&amp;oh=3df81cb94ec8ff63acf0d1ce656d1145&amp;oe=5B30A018\" alt=\"La imagen puede contener: 4 personas, personas sonriendo, personas de pie y exterior\" \/><\/td>\n<\/tr>\n<\/tbody>\n<\/table>\n<table class=\"t1_mod\" width=\"100%\" cellspacing=\"0\" cellpadding=\"0\">\n<tbody>\n<tr>\n<td><\/td>\n<\/tr>\n<\/tbody>\n<\/table>\n<table class=\"t1_mod\" width=\"100%\" cellspacing=\"0\" cellpadding=\"0\">\n<tbody>\n<tr>\n<td>RSA &#8211; Rugby Sordos Argentina\u00a0 &#8211; Deaf Rugby Argentina<\/p>\n<p><img decoding=\"async\" src=\"https:\/\/scontent.ftuc1-1.fna.fbcdn.net\/v\/t1.0-9\/17309711_1387806181283153_1681422417878393700_n.jpg?oh=5b2f45b5192cb4b99ecee04f1de77aee&amp;oe=5B2DBC16\" alt=\"No hay texto alternativo autom\u00c3\u00a1tico disponible.\" \/>Marca Registrada<br \/>\nPersoner\u00eda Jur\u00edca en tr\u00e1mite<\/p>\n<p><span class=\"text_exposed_show\">Contacto Prensa &#8211; Manager General: Marcelo Reggiardo<\/span><\/p>\n<p><span class=\"text_exposed_show\">Tel\u00e9fono: 03364\u00a0&#8211; 15571729<\/span><\/p>\n<p><span class=\"text_exposed_show\">E-mail:\u00a0<\/span><a title=\"Este enlace externo se abrir\u00e1 en una nueva ventana\" href=\"https:\/\/webmail.elsindical.com.ar\/cpsess7096806623\/3rdparty\/squirrelmail\/src\/compose.php?send_to=info.rugbysordos@gmail.com\" target=\"_blank\" rel=\"noopener\">info.rugbysordos@gmail.com<\/a><\/td>\n<\/tr>\n<\/tbody>\n<\/table>\n","protected":false},"excerpt":{"rendered":"<p>Se afianzan las posibilidades de que RSA &#8211; Rugby Sordos Argentina se presente en torneos internacionales A pedido de Nick Marlor de Australia, Vice Chairman World Deaf Rugby, miembros de RSA Rugby Sordos Argentina mantuvieron una reuni\u00f3n en Buenos Aires. Nick Marlor de Australia, es el representante de WDR para hemisferio sur y a la&hellip;<\/p>\n","protected":false},"author":1,"featured_media":77125,"comment_status":"open","ping_status":"open","sticky":false,"template":"","format":"standard","meta":{"footnotes":""},"categories":[7],"tags":[28523,21502,27041],"class_list":["post-77265","post","type-post","status-publish","format-standard","has-post-thumbnail","hentry","category-deportes","tag-rsa","tag-rugby","tag-sordos"],"_links":{"self":[{"href":"https:\/\/www.elsindical.com.ar\/notas\/wp-json\/wp\/v2\/posts\/77265","targetHints":{"allow":["GET"]}}],"collection":[{"href":"https:\/\/www.elsindical.com.ar\/notas\/wp-json\/wp\/v2\/posts"}],"about":[{"href":"https:\/\/www.elsindical.com.ar\/notas\/wp-json\/wp\/v2\/types\/post"}],"author":[{"embeddable":true,"href":"https:\/\/www.elsindical.com.ar\/notas\/wp-json\/wp\/v2\/users\/1"}],"replies":[{"embeddable":true,"href":"https:\/\/www.elsindical.com.ar\/notas\/wp-json\/wp\/v2\/comments?post=77265"}],"version-history":[{"count":1,"href":"https:\/\/www.elsindical.com.ar\/notas\/wp-json\/wp\/v2\/posts\/77265\/revisions"}],"predecessor-version":[{"id":77266,"href":"https:\/\/www.elsindical.com.ar\/notas\/wp-json\/wp\/v2\/posts\/77265\/revisions\/77266"}],"wp:featuredmedia":[{"embeddable":true,"href":"https:\/\/www.elsindical.com.ar\/notas\/wp-json\/wp\/v2\/media\/77125"}],"wp:attachment":[{"href":"https:\/\/www.elsindical.com.ar\/notas\/wp-json\/wp\/v2\/media?parent=77265"}],"wp:term":[{"taxonomy":"category","embeddable":true,"href":"https:\/\/www.elsindical.com.ar\/notas\/wp-json\/wp\/v2\/categories?post=77265"},{"taxonomy":"post_tag","embeddable":true,"href":"https:\/\/www.elsindical.com.ar\/notas\/wp-json\/wp\/v2\/tags?post=77265"}],"curies":[{"name":"wp","href":"https:\/\/api.w.org\/{rel}","templated":true}]}}