{"id":77246,"date":"2018-04-03T18:23:05","date_gmt":"2018-04-03T21:23:05","guid":{"rendered":"http:\/\/www.elsindical.com.ar\/notas\/?p=77246"},"modified":"2018-04-03T18:23:05","modified_gmt":"2018-04-03T21:23:05","slug":"eeuu-tiroteo-y-panico-en-sede-central-de-youtube","status":"publish","type":"post","link":"https:\/\/www.elsindical.com.ar\/notas\/eeuu-tiroteo-y-panico-en-sede-central-de-youtube\/","title":{"rendered":"EEUU: Tiroteo y p\u00e1nico en sede central de YouTube"},"content":{"rendered":"<p><em>\u00a0<a href=\"http:\/\/www.elsindical.com.ar\/notas\/var\/www\/html\/notas\/wp-content\/uploads\/2018\/04\/oficinas-YouTube-EEUU.jpg\"><img loading=\"lazy\" decoding=\"async\" class=\"alignnone size-medium wp-image-77247\" src=\"http:\/\/www.elsindical.com.ar\/notas\/var\/www\/html\/notas\/wp-content\/uploads\/2018\/04\/oficinas-YouTube-EEUU-300x169.jpg\" alt=\"\" width=\"300\" height=\"169\" srcset=\"https:\/\/www.elsindical.com.ar\/notas\/var\/www\/html\/notas\/wp-content\/uploads\/2018\/04\/oficinas-YouTube-EEUU-300x169.jpg 300w, https:\/\/www.elsindical.com.ar\/notas\/var\/www\/html\/notas\/wp-content\/uploads\/2018\/04\/oficinas-YouTube-EEUU-768x432.jpg 768w, https:\/\/www.elsindical.com.ar\/notas\/var\/www\/html\/notas\/wp-content\/uploads\/2018\/04\/oficinas-YouTube-EEUU-500x281.jpg 500w, https:\/\/www.elsindical.com.ar\/notas\/var\/www\/html\/notas\/wp-content\/uploads\/2018\/04\/oficinas-YouTube-EEUU-460x260.jpg 460w, https:\/\/www.elsindical.com.ar\/notas\/var\/www\/html\/notas\/wp-content\/uploads\/2018\/04\/oficinas-YouTube-EEUU.jpg 970w\" sizes=\"auto, (max-width: 300px) 100vw, 300px\" \/><\/a> La polic\u00eda estadounidense y agentes del SWAT trabajan en las oficinas del sitio web de videos, en la localidad de San Bruno, en California. Los efectivos buscan a un sujeto armado. Hay heridos.<\/em><\/p>\n<p>La polic\u00eda confirm\u00f3 que respond\u00eda a un \u201c<em>tiroteo activo<\/em>\u201d en las oficinas de YouTube en California, al tiempo que im\u00e1genes mostraban en la televisi\u00f3n local la evacuaci\u00f3n de las instalaciones.<\/p>\n<p><em>\u00abEstamos respondiendo a un tiroteo activo. Por favor mantenerse alejados\u00bb<\/em>\u00a0del \u00e1rea donde est\u00e1n las instalaciones de esta compa\u00f1\u00eda propiedad de Google, escribi\u00f3 en Twitter la polic\u00eda de San Bruno.<\/p>\n<p>Google tuite\u00f3 por su parte: \u201c<em>estamos coordinando con las autoridades y proveeremos informaci\u00f3n oficial (&#8230;) tan pronto est\u00e9 disponible<\/em>\u201d.<\/p>\n","protected":false},"excerpt":{"rendered":"<p>\u00a0 La polic\u00eda estadounidense y agentes del SWAT trabajan en las oficinas del sitio web de videos, en la localidad de San Bruno, en California. Los efectivos buscan a un sujeto armado. Hay heridos. La polic\u00eda confirm\u00f3 que respond\u00eda a un \u201ctiroteo activo\u201d en las oficinas de YouTube en California, al tiempo que im\u00e1genes mostraban&hellip;<\/p>\n","protected":false},"author":1,"featured_media":77247,"comment_status":"open","ping_status":"open","sticky":false,"template":"","format":"standard","meta":{"footnotes":""},"categories":[18],"tags":[9715,28549,28548,1792],"class_list":["post-77246","post","type-post","status-publish","format-standard","has-post-thumbnail","hentry","category-internacionales","tag-california","tag-san-bruno","tag-swat","tag-youtube"],"_links":{"self":[{"href":"https:\/\/www.elsindical.com.ar\/notas\/wp-json\/wp\/v2\/posts\/77246","targetHints":{"allow":["GET"]}}],"collection":[{"href":"https:\/\/www.elsindical.com.ar\/notas\/wp-json\/wp\/v2\/posts"}],"about":[{"href":"https:\/\/www.elsindical.com.ar\/notas\/wp-json\/wp\/v2\/types\/post"}],"author":[{"embeddable":true,"href":"https:\/\/www.elsindical.com.ar\/notas\/wp-json\/wp\/v2\/users\/1"}],"replies":[{"embeddable":true,"href":"https:\/\/www.elsindical.com.ar\/notas\/wp-json\/wp\/v2\/comments?post=77246"}],"version-history":[{"count":1,"href":"https:\/\/www.elsindical.com.ar\/notas\/wp-json\/wp\/v2\/posts\/77246\/revisions"}],"predecessor-version":[{"id":77248,"href":"https:\/\/www.elsindical.com.ar\/notas\/wp-json\/wp\/v2\/posts\/77246\/revisions\/77248"}],"wp:featuredmedia":[{"embeddable":true,"href":"https:\/\/www.elsindical.com.ar\/notas\/wp-json\/wp\/v2\/media\/77247"}],"wp:attachment":[{"href":"https:\/\/www.elsindical.com.ar\/notas\/wp-json\/wp\/v2\/media?parent=77246"}],"wp:term":[{"taxonomy":"category","embeddable":true,"href":"https:\/\/www.elsindical.com.ar\/notas\/wp-json\/wp\/v2\/categories?post=77246"},{"taxonomy":"post_tag","embeddable":true,"href":"https:\/\/www.elsindical.com.ar\/notas\/wp-json\/wp\/v2\/tags?post=77246"}],"curies":[{"name":"wp","href":"https:\/\/api.w.org\/{rel}","templated":true}]}}