{"id":77204,"date":"2018-04-01T18:59:32","date_gmt":"2018-04-01T21:59:32","guid":{"rendered":"http:\/\/www.elsindical.com.ar\/notas\/?p=77204"},"modified":"2018-04-01T18:59:32","modified_gmt":"2018-04-01T21:59:32","slug":"la-confianza-en-la-justicia-cayo-bruscamente-desde-que-macri-asumio-la-presidencia","status":"publish","type":"post","link":"https:\/\/www.elsindical.com.ar\/notas\/la-confianza-en-la-justicia-cayo-bruscamente-desde-que-macri-asumio-la-presidencia\/","title":{"rendered":"La confianza en la Justicia cay\u00f3 bruscamente desde que Macri asumi\u00f3 la presidencia"},"content":{"rendered":"<p><em><span class=\"text description col-xs-8 col-lg-9\"><a href=\"http:\/\/www.elsindical.com.ar\/notas\/var\/www\/html\/notas\/wp-content\/uploads\/2018\/04\/Macri-y-Lorenzetti.jpg\"><img loading=\"lazy\" decoding=\"async\" class=\"alignnone size-medium wp-image-77205\" src=\"http:\/\/www.elsindical.com.ar\/notas\/var\/www\/html\/notas\/wp-content\/uploads\/2018\/04\/Macri-y-Lorenzetti-300x170.jpg\" alt=\"\" width=\"300\" height=\"170\" srcset=\"https:\/\/www.elsindical.com.ar\/notas\/var\/www\/html\/notas\/wp-content\/uploads\/2018\/04\/Macri-y-Lorenzetti-300x170.jpg 300w, https:\/\/www.elsindical.com.ar\/notas\/var\/www\/html\/notas\/wp-content\/uploads\/2018\/04\/Macri-y-Lorenzetti-500x283.jpg 500w, https:\/\/www.elsindical.com.ar\/notas\/var\/www\/html\/notas\/wp-content\/uploads\/2018\/04\/Macri-y-Lorenzetti-220x126.jpg 220w, https:\/\/www.elsindical.com.ar\/notas\/var\/www\/html\/notas\/wp-content\/uploads\/2018\/04\/Macri-y-Lorenzetti-460x260.jpg 460w, https:\/\/www.elsindical.com.ar\/notas\/var\/www\/html\/notas\/wp-content\/uploads\/2018\/04\/Macri-y-Lorenzetti.jpg 630w\" sizes=\"auto, (max-width: 300px) 100vw, 300px\" \/><\/a>\u00a0 El \u00edndice de credibilidad baj\u00f3 de 19,7 al 11,7 teniendo en cuenta los \u00faltimos dos a\u00f1os. Adem\u00e1s, el relevamiento consult\u00f3 sobre el Gobierno y el Congreso. <\/span><\/em><\/p>\n<p>La <strong>confianza de la gente en la Justicia cay\u00f3 abruptamente<\/strong> en los \u00faltimos dos a\u00f1os, es decir, desde la llegada de <strong>Cambiemos al poder<\/strong>.<\/p>\n<p>As\u00ed lo refleja el \u00faltimo estudio del <strong>Observatorio de la Deuda Social Argentina<\/strong> de la <strong>Universidad Cat\u00f3lica Argentina<\/strong> (UCA), que registra un descenso en el \u00edndice de credibilidad del 19,7%, en 2015, al 11,7%, a fines de 2017.<\/p>\n<p>La ca\u00edda fue de ocho puntos, pero es mayor si se la compara con los datos de 2010, cuando la confianza en la Justicia llegaba al 21,4% de la poblaci\u00f3n. Adem\u00e1s, el \u00edndice actual del 11,7% es el m\u00e1s bajo que registran hoy los tres poderes del Estado, dado que mientras el gobierno nacional mantiene una confianza del 25,6%, el Congreso muestra una adhesi\u00f3n favorable del 16,3 por ciento.<\/p>\n<p>La fuerte ca\u00edda de la confianza en la Justicia se da en momentos en que existe \u00abun creciente cuestionamiento al rol de la Justicia y la posible influencia de los intereses pol\u00edticos de turno\u00bb, se\u00f1ala el informe de la UCA, que midi\u00f3 la evoluci\u00f3n de la confianza de la opini\u00f3n p\u00fablica en las instituciones de gobierno en el per\u00edodo 2010-2017. <strong>La investigaci\u00f3n comprende, una serie hist\u00f3rica marcada por los \u00faltimos seis a\u00f1os de la gesti\u00f3n de Cristina Kirchner y los dos primeros del presidente Mauricio Macri<\/strong>.<\/p>\n<p>La credibilidad de la Justicia es levemente mayor entre la poblaci\u00f3n indigente (14%) que en la poblaci\u00f3n pobre (11%) y no pobre (11,8%). En el estrato medio profesional la ca\u00edda es m\u00e1s pronunciada (10,1%), mientras que la imagen sube algunos puntos en el nivel bajo trabajador (13,1%). La confianza que despierta la Justicia es m\u00e1s baja en la ciudad de Buenos Aires (9,4%) y en el conurbano bonaerense (9,6%) -en ambos casos menos de uno de cada diez habitantes- que en las poblaciones urbanas del interior (16,9%) y otras \u00e1reas metropolitanas (13,7%).<\/p>\n<p>Asimismo, los menores de 34 a\u00f1os mantienen un nivel de confianza relativamente mayor (14,5%) y el rechazo es m\u00e1s abrupto en la franja de mayores de 60 a\u00f1os (9%).<\/p>\n<p>El estudio, dirigido por el soci\u00f3logo Agust\u00edn Salvia, indica que los datos revelan \u00abun nivel muy bajo de confianza en los tres poderes, evidenciando una brecha entre el ejercicio del gobierno y la confianza por parte de la ciudadan\u00eda en ese ejercicio, m\u00e1s all\u00e1 de sus simpat\u00edas partidarias\u00bb.<\/p>\n<p>En 2015, cuando terminaron los doce a\u00f1os de administraci\u00f3n kirchnerista, la confianza en el gobierno nacional llegaba al 26,3%. Un a\u00f1o despu\u00e9s, ya con Macri en la Casa Rosada, descendi\u00f3 al 21,2% y recuper\u00f3 m\u00e1s de siete puntos en 2017, para ubicarse en 28,4%. Es el porcentaje m\u00e1s alto despu\u00e9s de 2011, cuando la confianza en el gobierno de Cristina Kirchner ascend\u00eda al 44,5%.<\/p>\n<p>El mayor \u00edndice de confianza en la gesti\u00f3n de Macri se registra entre la poblaci\u00f3n no pobre (31,7%) y en el estrato medio profesional (40,2%). Por el contrario, la imagen m\u00e1s baja se presenta en los sectores indigente (16,8%) y pobre (16,4%) y en los estratos bajo trabajador (26,3%) y bajo marginal (16,8%).<\/p>\n<p>Al contrario de lo que sucede con la Justicia, los mayores de 60 a\u00f1os tienen m\u00e1s confianza en el gobierno de Macri (33,7%) y los m\u00e1s esc\u00e9pticos son los menores de 34 a\u00f1os (26%)<\/p>\n<p>Los n\u00fameros son m\u00e1s homog\u00e9neos a la hora de medir la confianza de la opini\u00f3n p\u00fablica en el Congreso. La serie muestra que en 2010 era del 17%, en 2015 subi\u00f3 al 18,9% y en 2017 se reubic\u00f3 en 17,3%. Curiosamente, se advierten picos m\u00e1s altos en los a\u00f1os impares, en coincidencia con los tiempos electorales, y descensos m\u00e1s marcados en los a\u00f1os pares. El registro m\u00e1s alto se dio en 2013, cuando Sergio Massa gan\u00f3 en la provincia de Buenos Aires y la confianza en el Congreso trep\u00f3 al 26,4%.<\/p>\n<p>La investigaci\u00f3n refleja tambi\u00e9n que existe un alto consenso sobre el concepto de democracia, como forma de gobierno y espacio de participaci\u00f3n ciudadana.<\/p>\n<p>El 91,5% considera la democracia como la mejor forma de gobierno, aunque hay algunos reparos en su instrumentaci\u00f3n pr\u00e1ctica: solo un 36,5% cree que los ciudadanos tienen influencia suficiente en las decisiones de gobierno. Adem\u00e1s, el 86,5% considera que el Estado debe subsidiar los servicios p\u00fablicos a los sectores vulnerables, el 86,4% cree que se deben proteger los derechos de las minor\u00edas y el 67,8% estima que el derecho de huelga es m\u00e1s importante que el derecho a la libre circulaci\u00f3n.<\/p>\n<p>La muestra comprende un universo de 5712 casos, analizados anualmente desde 2010, en aglomerados urbanos con m\u00e1s de 80.000 habitantes.<\/p>\n","protected":false},"excerpt":{"rendered":"<p>\u00a0 El \u00edndice de credibilidad baj\u00f3 de 19,7 al 11,7 teniendo en cuenta los \u00faltimos dos a\u00f1os. Adem\u00e1s, el relevamiento consult\u00f3 sobre el Gobierno y el Congreso. La confianza de la gente en la Justicia cay\u00f3 abruptamente en los \u00faltimos dos a\u00f1os, es decir, desde la llegada de Cambiemos al poder. As\u00ed lo refleja el&hellip;<\/p>\n","protected":false},"author":1,"featured_media":77205,"comment_status":"open","ping_status":"open","sticky":false,"template":"","format":"standard","meta":{"footnotes":""},"categories":[25],"tags":[5130,41,76,9892],"class_list":["post-77204","post","type-post","status-publish","format-standard","has-post-thumbnail","hentry","category-sociedad","tag-imagen","tag-justicia","tag-mauricio-macri","tag-uca"],"_links":{"self":[{"href":"https:\/\/www.elsindical.com.ar\/notas\/wp-json\/wp\/v2\/posts\/77204","targetHints":{"allow":["GET"]}}],"collection":[{"href":"https:\/\/www.elsindical.com.ar\/notas\/wp-json\/wp\/v2\/posts"}],"about":[{"href":"https:\/\/www.elsindical.com.ar\/notas\/wp-json\/wp\/v2\/types\/post"}],"author":[{"embeddable":true,"href":"https:\/\/www.elsindical.com.ar\/notas\/wp-json\/wp\/v2\/users\/1"}],"replies":[{"embeddable":true,"href":"https:\/\/www.elsindical.com.ar\/notas\/wp-json\/wp\/v2\/comments?post=77204"}],"version-history":[{"count":1,"href":"https:\/\/www.elsindical.com.ar\/notas\/wp-json\/wp\/v2\/posts\/77204\/revisions"}],"predecessor-version":[{"id":77206,"href":"https:\/\/www.elsindical.com.ar\/notas\/wp-json\/wp\/v2\/posts\/77204\/revisions\/77206"}],"wp:featuredmedia":[{"embeddable":true,"href":"https:\/\/www.elsindical.com.ar\/notas\/wp-json\/wp\/v2\/media\/77205"}],"wp:attachment":[{"href":"https:\/\/www.elsindical.com.ar\/notas\/wp-json\/wp\/v2\/media?parent=77204"}],"wp:term":[{"taxonomy":"category","embeddable":true,"href":"https:\/\/www.elsindical.com.ar\/notas\/wp-json\/wp\/v2\/categories?post=77204"},{"taxonomy":"post_tag","embeddable":true,"href":"https:\/\/www.elsindical.com.ar\/notas\/wp-json\/wp\/v2\/tags?post=77204"}],"curies":[{"name":"wp","href":"https:\/\/api.w.org\/{rel}","templated":true}]}}