{"id":77173,"date":"2018-03-30T07:46:55","date_gmt":"2018-03-30T10:46:55","guid":{"rendered":"http:\/\/www.elsindical.com.ar\/notas\/?p=77173"},"modified":"2018-03-30T07:46:55","modified_gmt":"2018-03-30T10:46:55","slug":"detuvieron-a-una-veintena-de-personas-en-ruta-2-por-portacion-de-drogas","status":"publish","type":"post","link":"https:\/\/www.elsindical.com.ar\/notas\/detuvieron-a-una-veintena-de-personas-en-ruta-2-por-portacion-de-drogas\/","title":{"rendered":"Detuvieron a una veintena de personas en Ruta 2 por portaci\u00f3n de drogas"},"content":{"rendered":"<p><em><a href=\"http:\/\/www.elsindical.com.ar\/notas\/var\/www\/html\/notas\/wp-content\/uploads\/2018\/03\/controles-droga-Ruta-2.jpg\"><img loading=\"lazy\" decoding=\"async\" class=\"alignnone size-medium wp-image-77174\" src=\"http:\/\/www.elsindical.com.ar\/notas\/var\/www\/html\/notas\/wp-content\/uploads\/2018\/03\/controles-droga-Ruta-2-300x188.jpg\" alt=\"\" width=\"300\" height=\"188\" srcset=\"https:\/\/www.elsindical.com.ar\/notas\/var\/www\/html\/notas\/wp-content\/uploads\/2018\/03\/controles-droga-Ruta-2-300x188.jpg 300w, https:\/\/www.elsindical.com.ar\/notas\/var\/www\/html\/notas\/wp-content\/uploads\/2018\/03\/controles-droga-Ruta-2-480x300.jpg 480w, https:\/\/www.elsindical.com.ar\/notas\/var\/www\/html\/notas\/wp-content\/uploads\/2018\/03\/controles-droga-Ruta-2.jpg 640w\" sizes=\"auto, (max-width: 300px) 100vw, 300px\" \/><\/a>\u00a0 Como parte del operativo de control que la polic\u00eda bonaerense coordina en el marco del fin de semana largo por Semana Santa y el D\u00eda de los veteranos y los ca\u00eddos de Malvinas, se secuestr\u00f3 marihuana fraccionada en cigarrillos, \u00abtrozos compactados\u00bb, cogollos y picadura\u00bb.<\/em><\/p>\n<p>Veintid\u00f3s personas (19 hombres y 3 mujeres) fueron detenidas por la Polic\u00eda de la provincia de Buenos Aires en el marco del Operativo de Control llevado a cabo en este fin de semana largo de Pascuas. Circulaban en la Ruta 2 y se les incaut\u00f3 marihuana fraccionada.<\/p>\n<p>Las investigaciones quedaron a cargo de la UFI Tem\u00e1tica del Departamento Judicial de Mar del Plata y el procedimiento fue realizado en forma conjunta por el personal del Destacamento Vial Camet, Motorizada, Drogas Il\u00edcitas, ANSV, APSV, CNRT y AFIP, en la ruta mencionada a la altura del kil\u00f3metro 400.<\/p>\n<p>En poder de los apresados se secuestr\u00f3 marihuana fraccionada en cigarrillos, trozos compactados, cogollos y picadura.<\/p>\n","protected":false},"excerpt":{"rendered":"<p>\u00a0 Como parte del operativo de control que la polic\u00eda bonaerense coordina en el marco del fin de semana largo por Semana Santa y el D\u00eda de los veteranos y los ca\u00eddos de Malvinas, se secuestr\u00f3 marihuana fraccionada en cigarrillos, \u00abtrozos compactados\u00bb, cogollos y picadura\u00bb. Veintid\u00f3s personas (19 hombres y 3 mujeres) fueron detenidas por&hellip;<\/p>\n","protected":false},"author":1,"featured_media":77174,"comment_status":"open","ping_status":"open","sticky":false,"template":"","format":"standard","meta":{"footnotes":""},"categories":[22],"tags":[2436,382,402,2423],"class_list":["post-77173","post","type-post","status-publish","format-standard","has-post-thumbnail","hentry","category-policiales","tag-controles","tag-drogas","tag-pasajeros","tag-ruta-2"],"_links":{"self":[{"href":"https:\/\/www.elsindical.com.ar\/notas\/wp-json\/wp\/v2\/posts\/77173","targetHints":{"allow":["GET"]}}],"collection":[{"href":"https:\/\/www.elsindical.com.ar\/notas\/wp-json\/wp\/v2\/posts"}],"about":[{"href":"https:\/\/www.elsindical.com.ar\/notas\/wp-json\/wp\/v2\/types\/post"}],"author":[{"embeddable":true,"href":"https:\/\/www.elsindical.com.ar\/notas\/wp-json\/wp\/v2\/users\/1"}],"replies":[{"embeddable":true,"href":"https:\/\/www.elsindical.com.ar\/notas\/wp-json\/wp\/v2\/comments?post=77173"}],"version-history":[{"count":1,"href":"https:\/\/www.elsindical.com.ar\/notas\/wp-json\/wp\/v2\/posts\/77173\/revisions"}],"predecessor-version":[{"id":77175,"href":"https:\/\/www.elsindical.com.ar\/notas\/wp-json\/wp\/v2\/posts\/77173\/revisions\/77175"}],"wp:featuredmedia":[{"embeddable":true,"href":"https:\/\/www.elsindical.com.ar\/notas\/wp-json\/wp\/v2\/media\/77174"}],"wp:attachment":[{"href":"https:\/\/www.elsindical.com.ar\/notas\/wp-json\/wp\/v2\/media?parent=77173"}],"wp:term":[{"taxonomy":"category","embeddable":true,"href":"https:\/\/www.elsindical.com.ar\/notas\/wp-json\/wp\/v2\/categories?post=77173"},{"taxonomy":"post_tag","embeddable":true,"href":"https:\/\/www.elsindical.com.ar\/notas\/wp-json\/wp\/v2\/tags?post=77173"}],"curies":[{"name":"wp","href":"https:\/\/api.w.org\/{rel}","templated":true}]}}