{"id":77144,"date":"2018-03-29T11:03:32","date_gmt":"2018-03-29T14:03:32","guid":{"rendered":"http:\/\/www.elsindical.com.ar\/notas\/?p=77144"},"modified":"2018-03-29T11:03:32","modified_gmt":"2018-03-29T14:03:32","slug":"el-pato-fontanet-podria-salir-en-libertad-condicional","status":"publish","type":"post","link":"https:\/\/www.elsindical.com.ar\/notas\/el-pato-fontanet-podria-salir-en-libertad-condicional\/","title":{"rendered":"El \u00abPato\u00bb Fontanet podr\u00eda salir en libertad condicional"},"content":{"rendered":"<p><em><span class=\"text description col-xs-8 col-lg-9\"><a href=\"http:\/\/www.elsindical.com.ar\/notas\/var\/www\/html\/notas\/wp-content\/uploads\/2018\/03\/Patricio-Santos-Fontanet.jpg\"><img loading=\"lazy\" decoding=\"async\" class=\"alignnone size-medium wp-image-77145\" src=\"http:\/\/www.elsindical.com.ar\/notas\/var\/www\/html\/notas\/wp-content\/uploads\/2018\/03\/Patricio-Santos-Fontanet-300x249.jpg\" alt=\"\" width=\"300\" height=\"249\" srcset=\"https:\/\/www.elsindical.com.ar\/notas\/var\/www\/html\/notas\/wp-content\/uploads\/2018\/03\/Patricio-Santos-Fontanet-300x249.jpg 300w, https:\/\/www.elsindical.com.ar\/notas\/var\/www\/html\/notas\/wp-content\/uploads\/2018\/03\/Patricio-Santos-Fontanet-768x637.jpg 768w, https:\/\/www.elsindical.com.ar\/notas\/var\/www\/html\/notas\/wp-content\/uploads\/2018\/03\/Patricio-Santos-Fontanet-1024x849.jpg 1024w, https:\/\/www.elsindical.com.ar\/notas\/var\/www\/html\/notas\/wp-content\/uploads\/2018\/03\/Patricio-Santos-Fontanet-362x300.jpg 362w, https:\/\/www.elsindical.com.ar\/notas\/var\/www\/html\/notas\/wp-content\/uploads\/2018\/03\/Patricio-Santos-Fontanet.jpg 1170w\" sizes=\"auto, (max-width: 300px) 100vw, 300px\" \/><\/a>\u00a0 El Tribunal de Ejecuci\u00f3n Penal que est\u00e1 a cargo de su sentencia, redujo la pena.<\/span><\/em><\/p>\n<p>El cantante Patricio Santos Fontanet, ex l\u00edder de la banda Callejeros, podr\u00eda salir en libertad condicional el pr\u00f3ximo 18 de abril. La salida del m\u00fasico se debe a que el Tribunal de Ejecuci\u00f3n Penal que est\u00e1 a cargo de su sentencia, redujo la pena.<\/p>\n<p>\u00abEl juzgado de ejecuci\u00f3n penal que est\u00e1 a cargo hizo una reducci\u00f3n de la pena luego de que \u00e9l hiciera una serie de cursos dentro de la c\u00e1rcel\u00bb, agreg\u00f3 la fuente.<\/p>\n<p>Fontanet hab\u00eda sido condenado a siete a\u00f1os de prisi\u00f3n por el incendio ocurrido el 30 de diciembre de 2004 en el boliche Rep\u00fablica Croma\u00f1\u00f3n durante un recital de Callejeros, que dej\u00f3 un saldo de 194 v\u00edctimas fatales y numerosos heridos.<\/p>\n<p>El 6 de abril de 2016, Fontanet, que se encontraba en libertad, se entreg\u00f3 a la Justicia y fue trasladado a la c\u00e1rcel de Ezeiza, donde se encuentra hasta el momento, luego de que la Corte Suprema de Justicia de la Naci\u00f3n rechazara los recursos extraordinarios que hab\u00edan presentado los 11 condenados para que el m\u00e1ximo tribunal revisara los fallos en su contra.<\/p>\n<p>De los seis integrantes de la banda s\u00f3lo contin\u00faan presos, Fontanet, y el ex baterista Eduardo V\u00e1zquez, que fue condenado a seis a\u00f1os de prisi\u00f3n por la causa de Croma\u00f1\u00f3n, pero tambi\u00e9n recibi\u00f3 una pena de cadena perpetua por asesinar a su esposa, Wanda Taddei, en el a\u00f1o 2010.<\/p>\n<p>Los cuatro ex integrantes de la banda que ya salieron de la c\u00e1rcel son los guitarristas Maximiliano Djerfy y Elio Delgado, el saxofonista Juan Carbone, y el bajista Christian Torrej\u00f3n, quienes hab\u00edan sido condenados a cinco a\u00f1os de prisi\u00f3n.<\/p>\n<p>Djerfy fue el primero en dejar la c\u00e1rcel al obtener el beneficio de la prisi\u00f3n domiciliaria y cumplir su condena en su casa. Carbone tambi\u00e9n obtuvo el mismo beneficio que Djerfy en marzo de 2017, mientras que Delgado sali\u00f3 de la c\u00e1rcel con libertad condicional, tras cumplir la mitad de la condena. Torrej\u00f3n tambi\u00e9n dej\u00f3 el penal de Ezeiza, pero con la diferencia que qued\u00f3 libre en la causa.<\/p>\n","protected":false},"excerpt":{"rendered":"<p>\u00a0 El Tribunal de Ejecuci\u00f3n Penal que est\u00e1 a cargo de su sentencia, redujo la pena. El cantante Patricio Santos Fontanet, ex l\u00edder de la banda Callejeros, podr\u00eda salir en libertad condicional el pr\u00f3ximo 18 de abril. La salida del m\u00fasico se debe a que el Tribunal de Ejecuci\u00f3n Penal que est\u00e1 a cargo de&hellip;<\/p>\n","protected":false},"author":1,"featured_media":77145,"comment_status":"open","ping_status":"open","sticky":false,"template":"","format":"standard","meta":{"footnotes":""},"categories":[20],"tags":[1814,1426,5550,14474],"class_list":["post-77144","post","type-post","status-publish","format-standard","has-post-thumbnail","hentry","category-judiciales","tag-callejeros","tag-cromanon","tag-libertad-condicional","tag-patricio-santos-fontanet"],"_links":{"self":[{"href":"https:\/\/www.elsindical.com.ar\/notas\/wp-json\/wp\/v2\/posts\/77144","targetHints":{"allow":["GET"]}}],"collection":[{"href":"https:\/\/www.elsindical.com.ar\/notas\/wp-json\/wp\/v2\/posts"}],"about":[{"href":"https:\/\/www.elsindical.com.ar\/notas\/wp-json\/wp\/v2\/types\/post"}],"author":[{"embeddable":true,"href":"https:\/\/www.elsindical.com.ar\/notas\/wp-json\/wp\/v2\/users\/1"}],"replies":[{"embeddable":true,"href":"https:\/\/www.elsindical.com.ar\/notas\/wp-json\/wp\/v2\/comments?post=77144"}],"version-history":[{"count":1,"href":"https:\/\/www.elsindical.com.ar\/notas\/wp-json\/wp\/v2\/posts\/77144\/revisions"}],"predecessor-version":[{"id":77146,"href":"https:\/\/www.elsindical.com.ar\/notas\/wp-json\/wp\/v2\/posts\/77144\/revisions\/77146"}],"wp:featuredmedia":[{"embeddable":true,"href":"https:\/\/www.elsindical.com.ar\/notas\/wp-json\/wp\/v2\/media\/77145"}],"wp:attachment":[{"href":"https:\/\/www.elsindical.com.ar\/notas\/wp-json\/wp\/v2\/media?parent=77144"}],"wp:term":[{"taxonomy":"category","embeddable":true,"href":"https:\/\/www.elsindical.com.ar\/notas\/wp-json\/wp\/v2\/categories?post=77144"},{"taxonomy":"post_tag","embeddable":true,"href":"https:\/\/www.elsindical.com.ar\/notas\/wp-json\/wp\/v2\/tags?post=77144"}],"curies":[{"name":"wp","href":"https:\/\/api.w.org\/{rel}","templated":true}]}}