{"id":77079,"date":"2018-03-26T10:22:07","date_gmt":"2018-03-26T13:22:07","guid":{"rendered":"http:\/\/www.elsindical.com.ar\/notas\/?p=77079"},"modified":"2018-03-26T10:22:19","modified_gmt":"2018-03-26T13:22:19","slug":"paso-el-blanqueo-de-capitales-pero-crecen-los-fondos-argentinos-en-el-exterior","status":"publish","type":"post","link":"https:\/\/www.elsindical.com.ar\/notas\/paso-el-blanqueo-de-capitales-pero-crecen-los-fondos-argentinos-en-el-exterior\/","title":{"rendered":"Pas\u00f3 el blanqueo de capitales pero crecen los fondos argentinos en el exterior"},"content":{"rendered":"<p><em><span class=\"text description col-xs-8 col-lg-9\">\u00a0<a href=\"http:\/\/www.elsindical.com.ar\/notas\/var\/www\/html\/notas\/wp-content\/uploads\/2010\/03\/reservas-d\u00f3lares.jpg\"><img loading=\"lazy\" decoding=\"async\" class=\"alignnone size-full wp-image-4224\" src=\"http:\/\/www.elsindical.com.ar\/notas\/var\/www\/html\/notas\/wp-content\/uploads\/2010\/03\/reservas-d\u00f3lares.jpg\" alt=\"\" width=\"227\" height=\"163\" \/><\/a> \u00bfCu\u00e1les fueron las razones para que pese a haber pasado el blanqueo sigan creciendo los fondos argentinos fuera del pa\u00eds? Aqu\u00ed los datos que surgen del balance cambiario del Banco Central. <\/span><\/em><\/p>\n<p>Seg\u00fan el Balance cambiario del Banco Central, durante 2017 la salida de d\u00f3lares por la \u201cformaci\u00f3n neta de activos externos de libre disponibilidad\u201d sum\u00f3 US$ 22.148 millones, una cifra casi igual a la registrada en 2008. Esta salida de capitales fue financiada con el incremento de la deuda.<\/p>\n<p>Esto, claramente significa que pese a que ya ha pasado el plazo para el blanqueo de capitales, los fondos argentinos en el exterior han crecido.<\/p>\n<p>As\u00ed, se inform\u00f3 que \u201cen 2017, el stock de activos en el exterior del sector privado creci\u00f3 en US$ 27.920 millones, producto de las ganancias, intereses, valuaciones de activos externos pre-existentes, pero principalmente por el continuo drenaje de ahorros y utilidades logradas en el pa\u00eds hacia el exterior.<\/p>\n<p>\u201cAhorrar en moneda extranjera y en el exterior ha sido una estrategia defensiva frente a los distintos episodios econ\u00f3micos disruptivos de nuestro pa\u00eds que concluyeron en la p\u00e9rdida patrimonial o confiscaci\u00f3n de los ahorristas\u201d, dice el economista-jefe de Ecolatina, Lorenzo Sigaut Gravina, quien aclara que \u201cel aumento del stock de activos en el exterior de residentes privados se debi\u00f3 al incremento de activos financieros (la inversi\u00f3n de cartera) por US$ 13.830 millones y el alza de monedas y dep\u00f3sitos por US$ 13.340 millones\u201d.<\/p>\n<p>De estos n\u00fameros se desprende que el blanqueo &#8211;por una cifra r\u00e9cord de US$ 116.800 millones \u2013 no modific\u00f3 las tenencias de los argentinos fuera del sistema y del pa\u00eds, y m\u00e1s a\u00fan sigui\u00f3 en aumento por la salida de capitales tanto durante 2016 como en 2017.<\/p>\n<p>Este fen\u00f3meno encuentra sustento en que en el blanqueo entr\u00f3 una parte menor del efectivo que se ten\u00eda \u201cdebajo del colch\u00f3n\u201d mientras que el mayor volumen de los dep\u00f3sitos ubicados en el exterior blanqueados no fue regresado al pa\u00eds y permaneci\u00f3 en los diferentes bancos y entidades financieras del exterior.<\/p>\n<p>Incluso funcionarios del Gobierno Nacional llegaron a reconocer que de sus activos declarados gran parte a\u00fan no ha ingresado a la Argentina.<\/p>\n<p>El blanqueo baj\u00f3 el stock de activos externos \u201cen negro\u201d y ahora una proporci\u00f3n mayor tributa a la AFIP El INDEC se\u00f1ala que a partir de 2013 las cuentas externas \u201cmuestran una tendencia negativa explicada por la acumulaci\u00f3n de los d\u00e9ficits de la cuenta corriente y por el aumento del endeudamiento del Gobierno general\u201d.<\/p>\n","protected":false},"excerpt":{"rendered":"<p>\u00a0 \u00bfCu\u00e1les fueron las razones para que pese a haber pasado el blanqueo sigan creciendo los fondos argentinos fuera del pa\u00eds? Aqu\u00ed los datos que surgen del balance cambiario del Banco Central. Seg\u00fan el Balance cambiario del Banco Central, durante 2017 la salida de d\u00f3lares por la \u201cformaci\u00f3n neta de activos externos de libre disponibilidad\u201d&hellip;<\/p>\n","protected":false},"author":1,"featured_media":4224,"comment_status":"open","ping_status":"open","sticky":false,"template":"","format":"standard","meta":{"footnotes":""},"categories":[9],"tags":[1539,26999,28513,1115,22023],"class_list":["post-77079","post","type-post","status-publish","format-standard","has-post-thumbnail","hentry","category-economia","tag-banco-central","tag-blanqueo","tag-cuentas-en-el-exterior","tag-dolares","tag-economia"],"_links":{"self":[{"href":"https:\/\/www.elsindical.com.ar\/notas\/wp-json\/wp\/v2\/posts\/77079","targetHints":{"allow":["GET"]}}],"collection":[{"href":"https:\/\/www.elsindical.com.ar\/notas\/wp-json\/wp\/v2\/posts"}],"about":[{"href":"https:\/\/www.elsindical.com.ar\/notas\/wp-json\/wp\/v2\/types\/post"}],"author":[{"embeddable":true,"href":"https:\/\/www.elsindical.com.ar\/notas\/wp-json\/wp\/v2\/users\/1"}],"replies":[{"embeddable":true,"href":"https:\/\/www.elsindical.com.ar\/notas\/wp-json\/wp\/v2\/comments?post=77079"}],"version-history":[{"count":1,"href":"https:\/\/www.elsindical.com.ar\/notas\/wp-json\/wp\/v2\/posts\/77079\/revisions"}],"predecessor-version":[{"id":77080,"href":"https:\/\/www.elsindical.com.ar\/notas\/wp-json\/wp\/v2\/posts\/77079\/revisions\/77080"}],"wp:featuredmedia":[{"embeddable":true,"href":"https:\/\/www.elsindical.com.ar\/notas\/wp-json\/wp\/v2\/media\/4224"}],"wp:attachment":[{"href":"https:\/\/www.elsindical.com.ar\/notas\/wp-json\/wp\/v2\/media?parent=77079"}],"wp:term":[{"taxonomy":"category","embeddable":true,"href":"https:\/\/www.elsindical.com.ar\/notas\/wp-json\/wp\/v2\/categories?post=77079"},{"taxonomy":"post_tag","embeddable":true,"href":"https:\/\/www.elsindical.com.ar\/notas\/wp-json\/wp\/v2\/tags?post=77079"}],"curies":[{"name":"wp","href":"https:\/\/api.w.org\/{rel}","templated":true}]}}