{"id":77016,"date":"2018-03-23T09:01:27","date_gmt":"2018-03-23T12:01:27","guid":{"rendered":"http:\/\/www.elsindical.com.ar\/notas\/?p=77016"},"modified":"2018-03-23T09:01:27","modified_gmt":"2018-03-23T12:01:27","slug":"grave-denuncia-contra-el-ministro-de-justicia-garavano","status":"publish","type":"post","link":"https:\/\/www.elsindical.com.ar\/notas\/grave-denuncia-contra-el-ministro-de-justicia-garavano\/","title":{"rendered":"Grave denuncia contra el ministro de justicia Garavano"},"content":{"rendered":"<p><em>\u00a0\u00a0 <a href=\"http:\/\/www.elsindical.com.ar\/notas\/var\/www\/html\/notas\/wp-content\/uploads\/2016\/11\/Garavano-y-Macri.jpg\"><img loading=\"lazy\" decoding=\"async\" class=\"alignnone size-medium wp-image-63317\" src=\"http:\/\/www.elsindical.com.ar\/notas\/var\/www\/html\/notas\/wp-content\/uploads\/2016\/11\/Garavano-y-Macri-300x169.jpg\" alt=\"\" width=\"300\" height=\"169\" srcset=\"https:\/\/www.elsindical.com.ar\/notas\/var\/www\/html\/notas\/wp-content\/uploads\/2016\/11\/Garavano-y-Macri-300x169.jpg 300w, https:\/\/www.elsindical.com.ar\/notas\/var\/www\/html\/notas\/wp-content\/uploads\/2016\/11\/Garavano-y-Macri-500x282.jpg 500w, https:\/\/www.elsindical.com.ar\/notas\/var\/www\/html\/notas\/wp-content\/uploads\/2016\/11\/Garavano-y-Macri.jpg 620w\" sizes=\"auto, (max-width: 300px) 100vw, 300px\" \/><\/a>Es por encubrimiento en la causa AMIA. La acusaci\u00f3n fue realizada por el ex senador radical Mario Cimadevilla.<\/em><\/p>\n<p>\u00abGerm\u00e1n Garavano quiere entorpecer la causa AMIA\u201d, dispar\u00f3 Mario Cimadevilla, el desplazado titular de la Unidad Especial de Investigaci\u00f3n del atentado a la AMIA, que estaba en la \u00f3rbita del Ministerio de Justicia. A su vez, denunci\u00f3 al propio ministro y a otros funcionarios por la posible comisi\u00f3n del delito de encubrimiento en el marco del juicio en el que se ventila el desv\u00edo intencional de la investigaci\u00f3n del ataque terrorista de 1994.<\/p>\n<p>El ex senador radical denunci\u00f3 \u201camiguismo\u201d por parte del funcionario hacia los ex fiscales Eamon Mullen y Jos\u00e9 Barbaccia. \u201cEl ministro Garavano fue el que pidi\u00f3 absolver a los fiscales de la causa AMIA\u201d. En declaraciones a FM La Patriada, sostuvo que el funcionario y sus colaboradores pueden haber cometido delitos de acci\u00f3n p\u00fablica al inducir a la Unidad AMIA a no pedir penas para Mullen y Barbaccia en el juicio en el que tambi\u00e9n se juzga al ex presidente Carlos Menem y al ex juez Juan Jos\u00e9 Galeano, entre otros, por el supuesto encubrimiento del ataque terrorista ocurrido en 1994.<\/p>\n<p>En el escrito presentado este jueves en los tribunales federales de Comodoro Py, Cimadevilla asegur\u00f3 que el equipo de abogados que integraba la Unidad AMIA al momento de los alegatos del Estado -a principios de febrero- ten\u00eda previsto pedir penas para los ex fiscales Mullen y Barbaccia, pero que eso debi\u00f3 dejarse de lado por \u00f3rdenes del ministro Garavano.<\/p>\n<p>Por sorteo, la denuncia -que incluye los delitos de encubrimiento, cohecho, abuso de autoridad y violaci\u00f3n de deberes de funcionario p\u00fablico-, que fue realizada ante la C\u00e1mara, recay\u00f3 en el juzgado a cargo de Juli\u00e1n Ercolini<\/p>\n","protected":false},"excerpt":{"rendered":"<p>\u00a0\u00a0 Es por encubrimiento en la causa AMIA. La acusaci\u00f3n fue realizada por el ex senador radical Mario Cimadevilla. \u00abGerm\u00e1n Garavano quiere entorpecer la causa AMIA\u201d, dispar\u00f3 Mario Cimadevilla, el desplazado titular de la Unidad Especial de Investigaci\u00f3n del atentado a la AMIA, que estaba en la \u00f3rbita del Ministerio de Justicia. A su vez,&hellip;<\/p>\n","protected":false},"author":1,"featured_media":63317,"comment_status":"open","ping_status":"open","sticky":false,"template":"","format":"standard","meta":{"footnotes":""},"categories":[6],"tags":[475,957,28496,175,7902,23484,6683,28497],"class_list":["post-77016","post","type-post","status-publish","format-standard","has-post-thumbnail","hentry","category-denuncias","tag-amia","tag-atentado","tag-barbaccia","tag-denuncia","tag-encubrimiento","tag-german-garavano","tag-mario-cimadevilla","tag-mullen"],"_links":{"self":[{"href":"https:\/\/www.elsindical.com.ar\/notas\/wp-json\/wp\/v2\/posts\/77016","targetHints":{"allow":["GET"]}}],"collection":[{"href":"https:\/\/www.elsindical.com.ar\/notas\/wp-json\/wp\/v2\/posts"}],"about":[{"href":"https:\/\/www.elsindical.com.ar\/notas\/wp-json\/wp\/v2\/types\/post"}],"author":[{"embeddable":true,"href":"https:\/\/www.elsindical.com.ar\/notas\/wp-json\/wp\/v2\/users\/1"}],"replies":[{"embeddable":true,"href":"https:\/\/www.elsindical.com.ar\/notas\/wp-json\/wp\/v2\/comments?post=77016"}],"version-history":[{"count":1,"href":"https:\/\/www.elsindical.com.ar\/notas\/wp-json\/wp\/v2\/posts\/77016\/revisions"}],"predecessor-version":[{"id":77018,"href":"https:\/\/www.elsindical.com.ar\/notas\/wp-json\/wp\/v2\/posts\/77016\/revisions\/77018"}],"wp:featuredmedia":[{"embeddable":true,"href":"https:\/\/www.elsindical.com.ar\/notas\/wp-json\/wp\/v2\/media\/63317"}],"wp:attachment":[{"href":"https:\/\/www.elsindical.com.ar\/notas\/wp-json\/wp\/v2\/media?parent=77016"}],"wp:term":[{"taxonomy":"category","embeddable":true,"href":"https:\/\/www.elsindical.com.ar\/notas\/wp-json\/wp\/v2\/categories?post=77016"},{"taxonomy":"post_tag","embeddable":true,"href":"https:\/\/www.elsindical.com.ar\/notas\/wp-json\/wp\/v2\/tags?post=77016"}],"curies":[{"name":"wp","href":"https:\/\/api.w.org\/{rel}","templated":true}]}}