{"id":77014,"date":"2018-03-23T00:21:08","date_gmt":"2018-03-23T03:21:08","guid":{"rendered":"http:\/\/www.elsindical.com.ar\/notas\/?p=77014"},"modified":"2018-03-23T00:21:08","modified_gmt":"2018-03-23T03:21:08","slug":"efemerides-del-dia-23-de-marzo-4","status":"publish","type":"post","link":"https:\/\/www.elsindical.com.ar\/notas\/efemerides-del-dia-23-de-marzo-4\/","title":{"rendered":"EFEM\u00c9RIDES: DEL D\u00cdA 23 DE MARZO"},"content":{"rendered":"<p>\u2013 D\u00eda Mundial de la Meteorolog\u00eda.<\/p>\n<p>\u2013 21 al 27 de marzo: Semana de solidaridad con los pueblos que luchan contra el racismo y la discriminaci\u00f3n racial<\/p>\n<p>1490 \u2013 Primera publicaci\u00f3n impresa de la \u201cMishna Torah\u201d de Maim\u00f3nides.<\/p>\n<p>1508 \u2013 Capitulaciones de Fernando el Cat\u00f3lico para Juan D\u00edaz de Sol\u00eds y Vicente Y\u00e1\u00f1ez Pinz\u00f3n (se comprometen a buscar un estrecho entre el Atl\u00e1ntico y el Pac\u00edfico).<\/p>\n<p>1657 \u2013 Francia e Inglaterra firman una alianza contra Espa\u00f1a.<\/p>\n<p>1743 \u2013 Se estrena en Londres \u201cel Mes\u00edas\u201d de George Frideric Handel.<\/p>\n<p>1749 \u2013 Nace Pierre-Simon Laplace, matem\u00e1tico, astr\u00f3nomo y f\u00edsico.<\/p>\n<p>1806 \u2013 Lewis y Clark llegan al Pac\u00edfico.<\/p>\n<p>1808 \u2013 Jos\u00e9 Bonaparte (Pepe Botella) es coronado rey de Espa\u00f1a.<\/p>\n<p>1814 \u2013 Nace Gertrudis G\u00f3mez de Avellaneda, poetisa espa\u00f1ola.<\/p>\n<p>1842 \u2013 Muere Stendhal (Marie-Henri Beyle), escritora francesa.<\/p>\n<p>1848 \u2013 Proclamaci\u00f3n de la Rep\u00fablica de San Marcos, en Venecia, que se libera de Austria.<\/p>\n<p>1849 \u2013 Muere Andr\u00e9s Manuel del R\u00edo, mineralogista mexicano.<\/p>\n<p>1858 \u2013 Eleazer A. Gardner patenta el tranv\u00eda.<\/p>\n<p>1859 \u2013 Un terremoto produce graves da\u00f1os materiales en Quito.<\/p>\n<p>1863 \u2013 Las tropas francesas favorables a la entronizaci\u00f3n del emperador Maximiliano en M\u00e9xico atacan la ciudad de Puebla.<\/p>\n<p>1887 \u2013 Nace Juan Gris, seud\u00f3nimo de Jos\u00e9 Gonz\u00e1lez, pintor espa\u00f1ol.<\/p>\n<p>1898 \u2013 Nace Ricardo Molinari, escritor y acad\u00e9mico argentino.<\/p>\n<p>1900 \u2013 Nace Erich Fromm, psicoanalista germano-estadounidense.<\/p>\n<p>1901 \u2013 Estados Unidos entrega a Espa\u00f1a el precio de la venta de las islas de Jol\u00f3 (Filipinas).<\/p>\n<p>1902 \u2013 La C\u00e1mara de Italia eleva la edad legal para el trabajo: de 9 a 12 a\u00f1os para los ni\u00f1os y de 11 a 15 para las ni\u00f1as.<\/p>\n<p>1903 \u2013 Los hermanos Wright patentan el aeroplano.<\/p>\n<p>1908 \u2013 Nace Joan Crawford, actriz estadounidense.<\/p>\n<p>1910 \u2013 Nace Akira Kurosawa, director japon\u00e9s de cine.<\/p>\n<p>1912 \u2013 Nace Werner von Braun, experto en cohetes.<\/p>\n<p>1918 \u2013 Cae sobre Par\u00eds el primer proyectil disparado por el ca\u00f1\u00f3n alem\u00e1n Gran Berta (mueren 256 personas).<\/p>\n<p>1918 \u2013 Proclamaci\u00f3n de la independencia de Letonia.<\/p>\n<p>1919 \u2013 Se fundan en Mil\u00e1n los \u201cFasci di combattimento\u201d (fascio de combate), por iniciativa de Benito Mussolini.<\/p>\n<p>1929 \u2013 Se instala el primer tel\u00e9fono en la Casa Blanca.<\/p>\n<p>1933 \u2013 El Reichtag aprueba una ley por la que se conceden plenos y excepcionales poderes al Gobierno de Hitler.<\/p>\n<p>1933 \u2013 Se funda el Club Atl\u00e9tico Rentistas, de Montevideo, Uruguay.<\/p>\n<p>1935 \u2013 Nace la actriz argentina Mar\u00eda Vaner.<\/p>\n<p>1937 \u2013 Nace Robert Gallo, m\u00e9dico estadounidense, codescubridor del virus del SIDA.<\/p>\n<p>1942 \u2013 Masacre de los jud\u00edos de Lublin.<\/p>\n<p>1942 \u2013 Los japoneses ocupan las islas Andaman.<\/p>\n<p>1945 \u2013 Los japoneses realizan una matanza de espa\u00f1oles en Manila.<\/p>\n<p>1948 \u2013 Fallece Alberto Ghiraldo, escritor argentino.<\/p>\n<p>1952 \u2013 Nace Te\u00f3filo Stevenson, boxeador cubano ganador de la medalla de oro en Munich 72, Montreal 76 y Mosc\u00fa 80.<\/p>\n<p>1956 \u2013 Independencia del Sud\u00e1n.<\/p>\n<p>1956 \u2013 Pakist\u00e1n se proclama Rep\u00fablica Isl\u00e1mica.<\/p>\n<p>1959 \u2013 G\u00fcnther Grass publica la novela \u201cEl tambor de hojalata\u201d.<\/p>\n<p>1959 \u2013 Nace Raimundo Amador, cantante.<\/p>\n<p>1965 \u2013 La Asamblea Nacional de Honduras declara presidente constitucional a Oswaldo L\u00f3pez Arellano.<\/p>\n<p>1965 \u2013 Se lanza de la Gemini 3.<\/p>\n<p>1966 \u2013 Por primera vez en 400 a\u00f1os se re\u00fanen el Papa y el Arzobispo de Canterbury.<\/p>\n<p>1971 \u2013 El presidente argentino, Roberto M. Levingston, es destitu\u00eddo en su cargo.<\/p>\n<p>1981 \u2013 Golpe de Estado en Bangladesh.<\/p>\n<p>1982 \u2013 El presidente de Guatemala, Romeo Lucas, es derrocado por un golpe de Estado.<\/p>\n<p>1982 \u2013 El poeta mexicano Octavio Paz recibe el premio Cervantes de Literatura.<\/p>\n<p>1987 \u2013 Willy Brandt dimite como presidente del Partido Socialdem\u00f3crata Alem\u00e1n.<\/p>\n<p>1990 \u2013 Lothar de Maizi\u00e9re, presidente de la CDU de la Rep\u00fablica Democr\u00e1tica Alemana, se encarga de formar el primer Gobierno democr\u00e1tico del pa\u00eds.<\/p>\n<p>1993 \u2013 El ruso Kasparov pierde el t\u00edtulo mundial de ajedrez.<\/p>\n<p>1996 \u2013 Taiwan reelige presidente a Lee Ten-hui.<\/p>\n<p>1997 \u2013 Cinco muertos en Canad\u00e1 en otro suicidio colectivo de la secta del Templo Solar.<\/p>\n<p>1998 \u2013 Yeltsin destituye al Gobierno y se\u00f1ala a Chermirdin como sucesor.<\/p>\n<p>1998 \u2013 Los grandes productores de petr\u00f3leo firman un pacto para frenar la ca\u00edda de los precios del crudo.<\/p>\n<p>1998 \u2013 Juan Pablo II pide la liberaci\u00f3n de 60 presos pol\u00edticos en Nigeria.<\/p>\n<p>1999 \u2013 La Asociaci\u00f3n de Derechos Humanos de Turqu\u00eda denuncia 10.000 casos de detenidos, 700 heridos y tres muertos con motivo del a\u00f1o Nuevo del pueblo Kurdo.<\/p>\n<p>2002 \u2013 Unos 150 miembros del Movimiento de los Sin Tierra ocupan durante 24 horas la hacienda del presidente de Brasil, Fernando Henrique Cardoso.<\/p>\n<p>2005 \u2013 Cient\u00edficos espa\u00f1oles describen, por primera vez, la estructura del virus de la viruela.<\/p>\n<p>2005 \u2013 Por primera vez los astr\u00f3nomos ven luz de planetas extrasolares.<\/p>\n<p>2011 \u2013 Muere Elizabeth Taylor, actriz brit\u00e1nica.<\/p>\n<p>2014 \u2013 Muere Adolfo Su\u00e1rez, abogado y pol\u00edtico espa\u00f1ol, presidente del Gobierno entre 1976 y 1981.<\/p>\n","protected":false},"excerpt":{"rendered":"<p>\u2013 D\u00eda Mundial de la Meteorolog\u00eda. \u2013 21 al 27 de marzo: Semana de solidaridad con los pueblos que luchan contra el racismo y la discriminaci\u00f3n racial 1490 \u2013 Primera publicaci\u00f3n impresa de la \u201cMishna Torah\u201d de Maim\u00f3nides. 1508 \u2013 Capitulaciones de Fernando el Cat\u00f3lico para Juan D\u00edaz de Sol\u00eds y Vicente Y\u00e1\u00f1ez Pinz\u00f3n (se&hellip;<\/p>\n","protected":false},"author":1,"featured_media":0,"comment_status":"open","ping_status":"open","sticky":false,"template":"","format":"standard","meta":{"footnotes":""},"categories":[14],"tags":[],"class_list":["post-77014","post","type-post","status-publish","format-standard","hentry","category-efemerides"],"_links":{"self":[{"href":"https:\/\/www.elsindical.com.ar\/notas\/wp-json\/wp\/v2\/posts\/77014","targetHints":{"allow":["GET"]}}],"collection":[{"href":"https:\/\/www.elsindical.com.ar\/notas\/wp-json\/wp\/v2\/posts"}],"about":[{"href":"https:\/\/www.elsindical.com.ar\/notas\/wp-json\/wp\/v2\/types\/post"}],"author":[{"embeddable":true,"href":"https:\/\/www.elsindical.com.ar\/notas\/wp-json\/wp\/v2\/users\/1"}],"replies":[{"embeddable":true,"href":"https:\/\/www.elsindical.com.ar\/notas\/wp-json\/wp\/v2\/comments?post=77014"}],"version-history":[{"count":1,"href":"https:\/\/www.elsindical.com.ar\/notas\/wp-json\/wp\/v2\/posts\/77014\/revisions"}],"predecessor-version":[{"id":77015,"href":"https:\/\/www.elsindical.com.ar\/notas\/wp-json\/wp\/v2\/posts\/77014\/revisions\/77015"}],"wp:attachment":[{"href":"https:\/\/www.elsindical.com.ar\/notas\/wp-json\/wp\/v2\/media?parent=77014"}],"wp:term":[{"taxonomy":"category","embeddable":true,"href":"https:\/\/www.elsindical.com.ar\/notas\/wp-json\/wp\/v2\/categories?post=77014"},{"taxonomy":"post_tag","embeddable":true,"href":"https:\/\/www.elsindical.com.ar\/notas\/wp-json\/wp\/v2\/tags?post=77014"}],"curies":[{"name":"wp","href":"https:\/\/api.w.org\/{rel}","templated":true}]}}