{"id":76922,"date":"2018-03-19T18:35:04","date_gmt":"2018-03-19T21:35:04","guid":{"rendered":"http:\/\/www.elsindical.com.ar\/notas\/?p=76922"},"modified":"2018-03-19T18:35:04","modified_gmt":"2018-03-19T21:35:04","slug":"las-cooperativas-en-estado-de-movilizacion-el-jueves-22-de-marzo-en-la-ciudad-de-cordoba","status":"publish","type":"post","link":"https:\/\/www.elsindical.com.ar\/notas\/las-cooperativas-en-estado-de-movilizacion-el-jueves-22-de-marzo-en-la-ciudad-de-cordoba\/","title":{"rendered":"Las Cooperativas en estado de movilizaci\u00f3n el jueves 22 de marzo en la ciudad de C\u00f3rdoba"},"content":{"rendered":"<table class=\"t1_mod\" width=\"100%\" cellspacing=\"0\" cellpadding=\"0\">\n<tbody>\n<tr>\n<td><strong><a href=\"http:\/\/www.elsindical.com.ar\/notas\/var\/www\/html\/notas\/wp-content\/uploads\/2018\/03\/cooperativa-el\u00e9ctrica-la-Dormida-de-San-Jos\u00e9.jpg\"><img loading=\"lazy\" decoding=\"async\" class=\"alignnone size-medium wp-image-76571\" src=\"http:\/\/www.elsindical.com.ar\/notas\/var\/www\/html\/notas\/wp-content\/uploads\/2018\/03\/cooperativa-el\u00e9ctrica-la-Dormida-de-San-Jos\u00e9-300x176.jpg\" alt=\"\" width=\"300\" height=\"176\" srcset=\"https:\/\/www.elsindical.com.ar\/notas\/var\/www\/html\/notas\/wp-content\/uploads\/2018\/03\/cooperativa-el\u00e9ctrica-la-Dormida-de-San-Jos\u00e9-300x176.jpg 300w, https:\/\/www.elsindical.com.ar\/notas\/var\/www\/html\/notas\/wp-content\/uploads\/2018\/03\/cooperativa-el\u00e9ctrica-la-Dormida-de-San-Jos\u00e9-768x451.jpg 768w, https:\/\/www.elsindical.com.ar\/notas\/var\/www\/html\/notas\/wp-content\/uploads\/2018\/03\/cooperativa-el\u00e9ctrica-la-Dormida-de-San-Jos\u00e9-500x293.jpg 500w, https:\/\/www.elsindical.com.ar\/notas\/var\/www\/html\/notas\/wp-content\/uploads\/2018\/03\/cooperativa-el\u00e9ctrica-la-Dormida-de-San-Jos\u00e9.jpg 847w\" sizes=\"auto, (max-width: 300px) 100vw, 300px\" \/><\/a>C\u00f3rdoba,\u00a0marzo 19\u00a0de 2018<\/strong><\/p>\n<p><strong>En defensa de los usuarios el\u00e9ctricos del interior de C\u00f3rdoba las Cooperativas en estado de movilizaci\u00f3n el jueves 22 de marzo en la ciudad de C\u00f3rdoba<\/strong><\/p>\n<p>Ante la situaci\u00f3n generada por los incrementos en la energ\u00eda el\u00e9ctrica, las Cooperativas, nos movilizamos el pr\u00f3ximo jueves 22 de marzo, juntos a nuestros asociados y usuarios, en la ciudad de C\u00f3rdoba en defensa de nuestros vecinos, que no pueden afrontar los montos de sus facturas, para solicitar:<\/p>\n<p>\u0095 Una revisi\u00f3n a la quita de subsidio a la energ\u00eda<\/p>\n<p>\u0095 Baja en el costo de la energ\u00eda el\u00e9ctrica<\/p>\n<p>\u0095 Tarifa Social igualitaria y autom\u00e1tica para los usuarios del interior provincial.<\/p>\n<p>Los ciudadanos del interior del interior del pa\u00eds decimos<\/p>\n<p>\u201cBasta a a\u00f1os de discriminaci\u00f3n, queremos igual acceso a la energ\u00eda y al mismo precio\u201d.<\/td>\n<\/tr>\n<\/tbody>\n<\/table>\n<table class=\"t1_mod\" width=\"100%\" cellspacing=\"0\" cellpadding=\"0\">\n<tbody>\n<tr>\n<td><img decoding=\"async\" src=\"https:\/\/scontent.ftuc1-2.fna.fbcdn.net\/v\/t1.0-9\/29216285_388035518326794_2229042843761030123_n.jpg?oh=a8534eab5064f434ffbc656865583cd4&amp;oe=5B3D6DB5\" alt=\"No hay texto alternativo autom\u00c3\u00a1tico disponible.\" \/><\/td>\n<\/tr>\n<\/tbody>\n<\/table>\n<table class=\"t1_mod\" width=\"100%\" cellspacing=\"0\" cellpadding=\"0\">\n<tbody>\n<tr>\n<td><\/td>\n<\/tr>\n<\/tbody>\n<\/table>\n<table class=\"t1_mod\" width=\"100%\" cellspacing=\"0\" cellpadding=\"0\">\n<tbody>\n<tr>\n<td>Cooperativa El\u00e9ctrica Ltda. de San Jos\u00e9 de la Dormida<\/p>\n<p>Av. Presidente Per\u00f3n 543\u00a0&#8211; CP. 5244\u00a0&#8211; San Jos\u00e9 de la Dormida &#8211; Provincia de C\u00f3rdoba &#8211; Argentina<\/p>\n<p><span class=\"text_exposed_show\">TEL.\/FAX: 03521 497120<\/span><\/p>\n<p><strong><span class=\"text_exposed_show\">Contacto Prensa:<\/span><\/strong><\/p>\n<p><span class=\"text_exposed_show\">Tel\u00e9fono: 03521 &#8211; 15416505<\/span><\/p>\n<p><span class=\"text_exposed_show\">E-mail:\u00a0<\/span>cooplador@hotmail.com<\/td>\n<\/tr>\n<\/tbody>\n<\/table>\n","protected":false},"excerpt":{"rendered":"<p>C\u00f3rdoba,\u00a0marzo 19\u00a0de 2018 En defensa de los usuarios el\u00e9ctricos del interior de C\u00f3rdoba las Cooperativas en estado de movilizaci\u00f3n el jueves 22 de marzo en la ciudad de C\u00f3rdoba Ante la situaci\u00f3n generada por los incrementos en la energ\u00eda el\u00e9ctrica, las Cooperativas, nos movilizamos el pr\u00f3ximo jueves 22 de marzo, juntos a nuestros asociados y&hellip;<\/p>\n","protected":false},"author":1,"featured_media":76571,"comment_status":"open","ping_status":"open","sticky":false,"template":"","format":"standard","meta":{"footnotes":""},"categories":[25],"tags":[28378,153,1940,1196],"class_list":["post-76922","post","type-post","status-publish","format-standard","has-post-thumbnail","hentry","category-sociedad","tag-cooperativa-electrica-ltda-de-san-jose-de-la-dormida","tag-cordoba","tag-energia","tag-movilizacion"],"_links":{"self":[{"href":"https:\/\/www.elsindical.com.ar\/notas\/wp-json\/wp\/v2\/posts\/76922","targetHints":{"allow":["GET"]}}],"collection":[{"href":"https:\/\/www.elsindical.com.ar\/notas\/wp-json\/wp\/v2\/posts"}],"about":[{"href":"https:\/\/www.elsindical.com.ar\/notas\/wp-json\/wp\/v2\/types\/post"}],"author":[{"embeddable":true,"href":"https:\/\/www.elsindical.com.ar\/notas\/wp-json\/wp\/v2\/users\/1"}],"replies":[{"embeddable":true,"href":"https:\/\/www.elsindical.com.ar\/notas\/wp-json\/wp\/v2\/comments?post=76922"}],"version-history":[{"count":1,"href":"https:\/\/www.elsindical.com.ar\/notas\/wp-json\/wp\/v2\/posts\/76922\/revisions"}],"predecessor-version":[{"id":76923,"href":"https:\/\/www.elsindical.com.ar\/notas\/wp-json\/wp\/v2\/posts\/76922\/revisions\/76923"}],"wp:featuredmedia":[{"embeddable":true,"href":"https:\/\/www.elsindical.com.ar\/notas\/wp-json\/wp\/v2\/media\/76571"}],"wp:attachment":[{"href":"https:\/\/www.elsindical.com.ar\/notas\/wp-json\/wp\/v2\/media?parent=76922"}],"wp:term":[{"taxonomy":"category","embeddable":true,"href":"https:\/\/www.elsindical.com.ar\/notas\/wp-json\/wp\/v2\/categories?post=76922"},{"taxonomy":"post_tag","embeddable":true,"href":"https:\/\/www.elsindical.com.ar\/notas\/wp-json\/wp\/v2\/tags?post=76922"}],"curies":[{"name":"wp","href":"https:\/\/api.w.org\/{rel}","templated":true}]}}