{"id":76852,"date":"2018-03-16T17:51:34","date_gmt":"2018-03-16T20:51:34","guid":{"rendered":"http:\/\/www.elsindical.com.ar\/notas\/?p=76852"},"modified":"2018-03-16T17:51:34","modified_gmt":"2018-03-16T20:51:34","slug":"cidh-publica-resolucion-sobre-corrupcion-y-derechos-humanos","status":"publish","type":"post","link":"https:\/\/www.elsindical.com.ar\/notas\/cidh-publica-resolucion-sobre-corrupcion-y-derechos-humanos\/","title":{"rendered":"CIDH publica resoluci\u00f3n sobre corrupci\u00f3n y derechos humanos"},"content":{"rendered":"<table width=\"600\">\n<tbody>\n<tr>\n<td>\n<table width=\"600\">\n<tbody>\n<tr>\n<td>\n<table width=\"100%\">\n<tbody>\n<tr>\n<td>\n<table width=\"100%\">\n<tbody>\n<tr>\n<td>\n<h4><a href=\"http:\/\/www.elsindical.com.ar\/notas\/var\/www\/html\/notas\/wp-content\/uploads\/2017\/03\/CIDH.jpg\"><img loading=\"lazy\" decoding=\"async\" class=\"alignnone size-medium wp-image-66483\" src=\"http:\/\/www.elsindical.com.ar\/notas\/var\/www\/html\/notas\/wp-content\/uploads\/2017\/03\/CIDH-300x180.jpg\" alt=\"\" width=\"300\" height=\"180\" srcset=\"https:\/\/www.elsindical.com.ar\/notas\/var\/www\/html\/notas\/wp-content\/uploads\/2017\/03\/CIDH-300x180.jpg 300w, https:\/\/www.elsindical.com.ar\/notas\/var\/www\/html\/notas\/wp-content\/uploads\/2017\/03\/CIDH-768x461.jpg 768w, https:\/\/www.elsindical.com.ar\/notas\/var\/www\/html\/notas\/wp-content\/uploads\/2017\/03\/CIDH-500x300.jpg 500w, https:\/\/www.elsindical.com.ar\/notas\/var\/www\/html\/notas\/wp-content\/uploads\/2017\/03\/CIDH.jpg 1000w\" sizes=\"auto, (max-width: 300px) 100vw, 300px\" \/><\/a>16 de marzo de 2018<\/h4>\n<p>Washington, D.C.-\u00a0 La Comisi\u00f3n Interamericana de Derechos Humanos (CIDH) publica hoy la\u00a0<a href=\"https:\/\/cidh.us6.list-manage.com\/track\/click?u=af0b024f4f6c25b6530ff4c66&amp;id=0e454b2b1c&amp;e=6725bd64fd\">resoluci\u00f3n 1\/18<\/a>\u00a0sobre Derechos Humanos y Corrupci\u00f3n. La Comisi\u00f3n decidi\u00f3 emitir la resoluci\u00f3n considerando que la corrupci\u00f3n es un complejo fen\u00f3meno que afecta a los derechos humanos en su integralidad \u2013civiles, pol\u00edticos, econ\u00f3micos, sociales, culturales y ambientales-, as\u00ed como al derecho al desarrollo; que debilita la gobernabilidad y las instituciones democr\u00e1ticas, fomenta la impunidad, socava el Estado de Derecho y exacerba la desigualdad.<\/p>\n<p>Esta resoluci\u00f3n es una aproximaci\u00f3n integral de la CIDH sobre el tema, y aunque muchos de los aspectos que aborda han sido ya desarrollados por la Comisi\u00f3n; en esta ocasi\u00f3n, la CIDH destaca algunos ejes fundamentales y formula recomendaciones para abordar el fen\u00f3meno desde el enfoque de derechos humanos. La CIDH present\u00f3 la Resoluci\u00f3n al Grupo de Revisi\u00f3n de Implementaci\u00f3n de Cumbres (GRIC) y expresa su expectativa que la dimensi\u00f3n de los derechos humanos sea contemplada en la Cumbre de las Am\u00e9ricas, a celebrarse en abril de 2018, que tendr\u00e1 como eje central el efecto de la corrupci\u00f3n en la regi\u00f3n. La CIDH celebrar\u00e1 un evento paralelo en el marco de la Cumbre en Lima Per\u00fa, el d\u00eda 11 de abril para presentar su Resoluci\u00f3n, abierto a todas las personas interesadas.<\/p>\n<p>La CIDH es un \u00f3rgano principal y aut\u00f3nomo de la Organizaci\u00f3n de los Estados Americanos (OEA), cuyo mandato surge de la Carta de la OEA y de la Convenci\u00f3n Americana sobre Derechos Humanos. La Comisi\u00f3n Interamericana tiene el mandato de promover la observancia y la defensa de los derechos humanos en la regi\u00f3n y act\u00faa como \u00f3rgano consultivo de la OEA en la materia. La CIDH est\u00e1 integrada por siete miembros independientes que son elegidos por la Asamblea General de la OEA a t\u00edtulo personal, y no representan sus pa\u00edses de origen o residencia.<\/td>\n<\/tr>\n<\/tbody>\n<\/table>\n<\/td>\n<\/tr>\n<\/tbody>\n<\/table>\n<table width=\"100%\">\n<tbody>\n<tr>\n<td>\n<table width=\"100%\">\n<tbody>\n<tr>\n<td>\n<table width=\"100%\">\n<tbody>\n<tr>\n<td><\/td>\n<\/tr>\n<\/tbody>\n<\/table>\n<\/td>\n<\/tr>\n<\/tbody>\n<\/table>\n<\/td>\n<\/tr>\n<\/tbody>\n<\/table>\n<\/td>\n<\/tr>\n<\/tbody>\n<\/table>\n<\/td>\n<\/tr>\n<tr>\n<td>\n<table width=\"600\">\n<tbody>\n<tr>\n<td>\n<table width=\"100%\">\n<tbody>\n<tr>\n<td>\n<table width=\"100%\">\n<tbody>\n<tr>\n<td>\n<strong>Datos de contacto:\u00a0<\/strong><br \/>\nOficina de Prensa y Comunicaci\u00f3n de la CIDH<br \/>\n<a href=\"https:\/\/webmail.elsindical.com.ar\/cpsess5920461895\/3rdparty\/squirrelmail\/src\/compose.php?send_to=cidh-prensa@oas.org\">cidh-prensa@oas.org<\/a><\/p>\n<p><strong>Nuestra direcci\u00f3n de correo postal es: <\/strong><br \/>\nCIDH \/ IACHR<\/p>\n<p>Sede \/ Headquarters<\/p>\n<p>1889 F Street NW<\/p>\n<p>Washington, D.C. 20006<\/td>\n<\/tr>\n<\/tbody>\n<\/table>\n<\/td>\n<\/tr>\n<\/tbody>\n<\/table>\n<\/td>\n<\/tr>\n<\/tbody>\n<\/table>\n<\/td>\n<\/tr>\n<\/tbody>\n<\/table>\n","protected":false},"excerpt":{"rendered":"<p>16 de marzo de 2018 Washington, D.C.-\u00a0 La Comisi\u00f3n Interamericana de Derechos Humanos (CIDH) publica hoy la\u00a0resoluci\u00f3n 1\/18\u00a0sobre Derechos Humanos y Corrupci\u00f3n. La Comisi\u00f3n decidi\u00f3 emitir la resoluci\u00f3n considerando que la corrupci\u00f3n es un complejo fen\u00f3meno que afecta a los derechos humanos en su integralidad \u2013civiles, pol\u00edticos, econ\u00f3micos, sociales, culturales y ambientales-, as\u00ed como al&hellip;<\/p>\n","protected":false},"author":1,"featured_media":66483,"comment_status":"open","ping_status":"open","sticky":false,"template":"","format":"standard","meta":{"footnotes":""},"categories":[8],"tags":[5139,1451,22022,28458,12972],"class_list":["post-76852","post","type-post","status-publish","format-standard","has-post-thumbnail","hentry","category-derechos-humanos","tag-cidh","tag-corrupcion","tag-derechos-humanos","tag-gric","tag-oea"],"_links":{"self":[{"href":"https:\/\/www.elsindical.com.ar\/notas\/wp-json\/wp\/v2\/posts\/76852","targetHints":{"allow":["GET"]}}],"collection":[{"href":"https:\/\/www.elsindical.com.ar\/notas\/wp-json\/wp\/v2\/posts"}],"about":[{"href":"https:\/\/www.elsindical.com.ar\/notas\/wp-json\/wp\/v2\/types\/post"}],"author":[{"embeddable":true,"href":"https:\/\/www.elsindical.com.ar\/notas\/wp-json\/wp\/v2\/users\/1"}],"replies":[{"embeddable":true,"href":"https:\/\/www.elsindical.com.ar\/notas\/wp-json\/wp\/v2\/comments?post=76852"}],"version-history":[{"count":1,"href":"https:\/\/www.elsindical.com.ar\/notas\/wp-json\/wp\/v2\/posts\/76852\/revisions"}],"predecessor-version":[{"id":76853,"href":"https:\/\/www.elsindical.com.ar\/notas\/wp-json\/wp\/v2\/posts\/76852\/revisions\/76853"}],"wp:featuredmedia":[{"embeddable":true,"href":"https:\/\/www.elsindical.com.ar\/notas\/wp-json\/wp\/v2\/media\/66483"}],"wp:attachment":[{"href":"https:\/\/www.elsindical.com.ar\/notas\/wp-json\/wp\/v2\/media?parent=76852"}],"wp:term":[{"taxonomy":"category","embeddable":true,"href":"https:\/\/www.elsindical.com.ar\/notas\/wp-json\/wp\/v2\/categories?post=76852"},{"taxonomy":"post_tag","embeddable":true,"href":"https:\/\/www.elsindical.com.ar\/notas\/wp-json\/wp\/v2\/tags?post=76852"}],"curies":[{"name":"wp","href":"https:\/\/api.w.org\/{rel}","templated":true}]}}