{"id":76833,"date":"2018-03-16T08:59:45","date_gmt":"2018-03-16T11:59:45","guid":{"rendered":"http:\/\/www.elsindical.com.ar\/notas\/?p=76833"},"modified":"2018-03-16T08:59:45","modified_gmt":"2018-03-16T11:59:45","slug":"unifican-causas-contra-el-ministro-luis-caputo","status":"publish","type":"post","link":"https:\/\/www.elsindical.com.ar\/notas\/unifican-causas-contra-el-ministro-luis-caputo\/","title":{"rendered":"Unifican causas contra el ministro Luis Caputo"},"content":{"rendered":"<p><em><a href=\"http:\/\/www.elsindical.com.ar\/notas\/var\/www\/html\/notas\/wp-content\/uploads\/2018\/03\/Luis-Caputo-conferencia.jpg\"><img loading=\"lazy\" decoding=\"async\" class=\"alignnone size-medium wp-image-76834\" src=\"http:\/\/www.elsindical.com.ar\/notas\/var\/www\/html\/notas\/wp-content\/uploads\/2018\/03\/Luis-Caputo-conferencia-300x169.jpg\" alt=\"\" width=\"300\" height=\"169\" srcset=\"https:\/\/www.elsindical.com.ar\/notas\/var\/www\/html\/notas\/wp-content\/uploads\/2018\/03\/Luis-Caputo-conferencia-300x169.jpg 300w, https:\/\/www.elsindical.com.ar\/notas\/var\/www\/html\/notas\/wp-content\/uploads\/2018\/03\/Luis-Caputo-conferencia-768x432.jpg 768w, https:\/\/www.elsindical.com.ar\/notas\/var\/www\/html\/notas\/wp-content\/uploads\/2018\/03\/Luis-Caputo-conferencia-500x281.jpg 500w, https:\/\/www.elsindical.com.ar\/notas\/var\/www\/html\/notas\/wp-content\/uploads\/2018\/03\/Luis-Caputo-conferencia-460x260.jpg 460w, https:\/\/www.elsindical.com.ar\/notas\/var\/www\/html\/notas\/wp-content\/uploads\/2018\/03\/Luis-Caputo-conferencia.jpg 970w\" sizes=\"auto, (max-width: 300px) 100vw, 300px\" \/><\/a>\u00a0 El ministro est\u00e1 en una situaci\u00f3n complicada e ir\u00e1 la pr\u00f3xima semana al Congreso para dar explicaciones.<\/em><\/p>\n<p>Mientras el gobierno confirmaba el mi\u00e9rcoles que el ministro de Finanzas, <strong> Luis Caputo<\/strong>, asistir\u00e1 la pr\u00f3xima semana al Congreso para dar explicaciones ante los legisladores por las denuncias en su contra, la Justicia anunci\u00f3 ayer que las causas por la emisi\u00f3n de un bono de deuda a 100 a\u00f1os de pago y la de sus cuentas offshore se unificar\u00e1n.<\/p>\n<p>Las causas confluir\u00e1n en el juzgado federal a cargo de <strong>Juli\u00e1n Ercolini<\/strong> porque all\u00ed est\u00e1 la denuncia contra Caputo por no haber declarado su participaci\u00f3n en el fondo de inversi\u00f3n Noctua, radicado en un para\u00edso fiscal y descubierto por la investigaci\u00f3n period\u00edstica internacional conocida como Paradise Papers.<\/p>\n<p>Ambas denuncias contra el ministro se cruzaron cuando se conoci\u00f3 que Noctua hab\u00eda comprado bonos de deuda argentina a 100 a\u00f1os por 5 millones de d\u00f3lares. Pese a haber declarado que no fue due\u00f1o de la firma, la empresa confirm\u00f3 a la Justicia norteamericana que Caputo fue propietario.<\/p>\n","protected":false},"excerpt":{"rendered":"<p>\u00a0 El ministro est\u00e1 en una situaci\u00f3n complicada e ir\u00e1 la pr\u00f3xima semana al Congreso para dar explicaciones. Mientras el gobierno confirmaba el mi\u00e9rcoles que el ministro de Finanzas, Luis Caputo, asistir\u00e1 la pr\u00f3xima semana al Congreso para dar explicaciones ante los legisladores por las denuncias en su contra, la Justicia anunci\u00f3 ayer que las&hellip;<\/p>\n","protected":false},"author":1,"featured_media":76834,"comment_status":"open","ping_status":"open","sticky":false,"template":"","format":"standard","meta":{"footnotes":""},"categories":[20],"tags":[1984,1481,7750,28452,27638],"class_list":["post-76833","post","type-post","status-publish","format-standard","has-post-thumbnail","hentry","category-judiciales","tag-causas","tag-congreso-de-la-nacion","tag-juez-julian-ercolini","tag-ministro-luis-caputo","tag-paradise-papers"],"_links":{"self":[{"href":"https:\/\/www.elsindical.com.ar\/notas\/wp-json\/wp\/v2\/posts\/76833","targetHints":{"allow":["GET"]}}],"collection":[{"href":"https:\/\/www.elsindical.com.ar\/notas\/wp-json\/wp\/v2\/posts"}],"about":[{"href":"https:\/\/www.elsindical.com.ar\/notas\/wp-json\/wp\/v2\/types\/post"}],"author":[{"embeddable":true,"href":"https:\/\/www.elsindical.com.ar\/notas\/wp-json\/wp\/v2\/users\/1"}],"replies":[{"embeddable":true,"href":"https:\/\/www.elsindical.com.ar\/notas\/wp-json\/wp\/v2\/comments?post=76833"}],"version-history":[{"count":1,"href":"https:\/\/www.elsindical.com.ar\/notas\/wp-json\/wp\/v2\/posts\/76833\/revisions"}],"predecessor-version":[{"id":76835,"href":"https:\/\/www.elsindical.com.ar\/notas\/wp-json\/wp\/v2\/posts\/76833\/revisions\/76835"}],"wp:featuredmedia":[{"embeddable":true,"href":"https:\/\/www.elsindical.com.ar\/notas\/wp-json\/wp\/v2\/media\/76834"}],"wp:attachment":[{"href":"https:\/\/www.elsindical.com.ar\/notas\/wp-json\/wp\/v2\/media?parent=76833"}],"wp:term":[{"taxonomy":"category","embeddable":true,"href":"https:\/\/www.elsindical.com.ar\/notas\/wp-json\/wp\/v2\/categories?post=76833"},{"taxonomy":"post_tag","embeddable":true,"href":"https:\/\/www.elsindical.com.ar\/notas\/wp-json\/wp\/v2\/tags?post=76833"}],"curies":[{"name":"wp","href":"https:\/\/api.w.org\/{rel}","templated":true}]}}