{"id":76749,"date":"2018-03-12T19:53:25","date_gmt":"2018-03-12T22:53:25","guid":{"rendered":"http:\/\/www.elsindical.com.ar\/notas\/?p=76749"},"modified":"2018-03-12T19:53:25","modified_gmt":"2018-03-12T22:53:25","slug":"reunion-conciliadora-de-la-cupula-de-la-uia-con-representantes-del-gobierno","status":"publish","type":"post","link":"https:\/\/www.elsindical.com.ar\/notas\/reunion-conciliadora-de-la-cupula-de-la-uia-con-representantes-del-gobierno\/","title":{"rendered":"Reuni\u00f3n conciliadora de la c\u00fapula de la UIA con representantes del Gobierno"},"content":{"rendered":"<p><a href=\"http:\/\/www.elsindical.com.ar\/notas\/var\/www\/html\/notas\/wp-content\/uploads\/2017\/12\/APYME.jpg\"><img loading=\"lazy\" decoding=\"async\" class=\"alignnone size-medium wp-image-74692\" src=\"http:\/\/www.elsindical.com.ar\/notas\/var\/www\/html\/notas\/wp-content\/uploads\/2017\/12\/APYME-300x39.jpg\" alt=\"\" width=\"300\" height=\"39\" srcset=\"https:\/\/www.elsindical.com.ar\/notas\/var\/www\/html\/notas\/wp-content\/uploads\/2017\/12\/APYME-300x39.jpg 300w, https:\/\/www.elsindical.com.ar\/notas\/var\/www\/html\/notas\/wp-content\/uploads\/2017\/12\/APYME-768x99.jpg 768w, https:\/\/www.elsindical.com.ar\/notas\/var\/www\/html\/notas\/wp-content\/uploads\/2017\/12\/APYME-500x64.jpg 500w, https:\/\/www.elsindical.com.ar\/notas\/var\/www\/html\/notas\/wp-content\/uploads\/2017\/12\/APYME.jpg 800w\" sizes=\"auto, (max-width: 300px) 100vw, 300px\" \/><\/a>Tras una semana de cuestionamientos hacia la conducci\u00f3n econ\u00f3mica nacional por parte de algunos de sus referentes, en\u00a0 el d\u00eda de hoy la m\u00e1xima dirigencia de la Uni\u00f3n Industrial Argentina (UIA) \u00a0sostuvo una reuni\u00f3n conciliadora con el ministro de Producci\u00f3n y el Jefe de Gabinete.<\/p>\n<p>Seg\u00fan declaraciones a la prensa, se ratifica que los representantes de\u00a0 las grandes empresas de la Argentina no difieren con las l\u00edneas fundamentales de la actual pol\u00edtica econ\u00f3mica, sino que buscan asegurar, como siempre lo han hecho, su m\u00e1xima rentabilidad a costa del resto de los sectores de la econom\u00eda.<\/p>\n<p>Tras la reuni\u00f3n el presidente de la UIA proclam\u00f3\u00a0 el inicio de \u201cnueva etapa para una Argentina que necesita ampliar mercados\u201d, y habl\u00f3 de \u201cun pa\u00eds m\u00e1s abierto al mundo\u201d\u00a0 y de \u201ctrabajar en la competitividad para exportar\u201d. Para ello, se comprometi\u00f3 a trabajar en las mesas sectoriales junto con el Gobierno.<\/p>\n<p>Es preciso puntualizar que el actual contexto econ\u00f3mico, generado por las pol\u00edticas aperturistas y desreguladoras\u00a0del Gobierno, se caracteriza por\u00a0 el retroceso y el estancamiento de la industria local, con un promedio de 62% por ciento de utilizaci\u00f3n de la capacidad instalada, la ca\u00edda continua del mercado interno y un gigantesco d\u00e9ficit de la balanza comercial por la avalancha de productos importados de consumo final\u00a0e intermedios, que dejan fuera de mercado a sectores productivos enteros, en particular las Pymes, las econom\u00edas regionales.<\/p>\n<p>En este marco, los acuerdos sectoriales apuntan a abaratar el costo del salario de los trabajadores como principal variable de ajuste. Esta din\u00e1mica\u00a0 puede beneficiar en principio a algunas\u00a0 empresas,\u00a0y en particular a la econom\u00eda concentrada, pero perjudica gravemente al conjunto de\u00a0 las Pymes:\u00a0con menores ingresos de los trabajadores activos y pasivos, y una mayor precarizaci\u00f3n laboral, se provoca una continua merma del poder adquisitivo en el mercado interno, principal fuente de ingresos del 99 por ciento de las empresas del pa\u00eds.<\/p>\n<p>Estas empresas son las que padecen en mayor medida las consecuencias del actual modelo econ\u00f3mico: \u00a0ahogo financiero y fiscal, falta de acceso y encarecimiento del cr\u00e9dito aumento desproporcionado de tarifas,\u00a0 invasi\u00f3n de productos extranjeros,\u00a0 ca\u00edda en las\u00a0 ventas\u00a0 e incremento de costos por la alta inflaci\u00f3n y las tendencias alcistas del d\u00f3lar.<\/p>\n<p>La mal llamada \u201cley mipyme\u201d promovida por el gobierno y avalada por los sectores de las grandes empresas, demostr\u00f3 ya su previsible ineficacia. Por el contrario, el sector de las Pymes est\u00e1 en emergencia, y es urgente debatir y establecer pol\u00edticas diferenciadas que contemplen su situaci\u00f3n.\u00a0Una verdadera agenda industrial y Pyme debe proponerse metas de desarrollo equitativo, lo que involucra a todos los sectores del trabajo y la producci\u00f3n agredidos por el actual modelo.<\/p>\n<p>APYME llama a debatir pol\u00edticas alternativas con un papel activo del Estado,\u00a0 fomento a la industria nacional, el mercado interno y las pymes y una inserci\u00f3n soberana en el mundo que resguarde los recursos estrat\u00e9gicos del pa\u00eds.<\/p>\n<p>Buenos Aires, 12 de marzo de 2018<\/p>\n<p>Eduardo Fern\u00e1ndez \u2013 Presidente<\/p>\n<p>Juan Jos\u00e9 Sisca &#8211; Secretario<\/p>\n<p>Contacto de prensa y coordinaci\u00f3n de entrevistas | Gabriel Eiriz (54911).3000.5552<br \/>\n<strong>APYME<\/strong><br \/>\nASAMBLEA DE PEQUE\u00d1OS Y MEDIANOS EMPRESARIOS<br \/>\n<strong>Departamento Nacional\u00a0de Comunicaciones<\/strong><\/p>\n<p><a href=\"https:\/\/apyme.us14.list-manage.com\/track\/click?u=7829e052bc66a32676f7976ba&amp;id=a4c68e853c&amp;e=e89850d422\">Av. Rivadavia 2358, piso 3<\/a>, oficina derecha<br \/>\n(C1034ACP) &#8211;\u00a0C.A.B.A.<br \/>\nTel.: (54 &#8211; 11) 4952-1700<br \/>\n<strong>e-mail:<\/strong>\u00a0<a href=\"https:\/\/webmail.elsindical.com.ar\/cpsess2999995226\/3rdparty\/squirrelmail\/src\/compose.php?send_to=apyme@apyme.com.ar\">apyme@apyme.com.ar<\/a>\u00a0|\u00a0<strong>Visite nuestro sitio web:<\/strong>\u00a0\u00a0<a href=\"https:\/\/apyme.us14.list-manage.com\/track\/click?u=7829e052bc66a32676f7976ba&amp;id=aafe772104&amp;e=e89850d422\">www.apyme.org.ar<\/a><\/p>\n","protected":false},"excerpt":{"rendered":"<p>Tras una semana de cuestionamientos hacia la conducci\u00f3n econ\u00f3mica nacional por parte de algunos de sus referentes, en\u00a0 el d\u00eda de hoy la m\u00e1xima dirigencia de la Uni\u00f3n Industrial Argentina (UIA) \u00a0sostuvo una reuni\u00f3n conciliadora con el ministro de Producci\u00f3n y el Jefe de Gabinete. Seg\u00fan declaraciones a la prensa, se ratifica que los representantes&hellip;<\/p>\n","protected":false},"author":1,"featured_media":74692,"comment_status":"open","ping_status":"open","sticky":false,"template":"","format":"standard","meta":{"footnotes":""},"categories":[9],"tags":[25743,28427,761,4674],"class_list":["post-76749","post","type-post","status-publish","format-standard","has-post-thumbnail","hentry","category-economia","tag-apyme","tag-economias","tag-gobierno-nacional","tag-uia"],"_links":{"self":[{"href":"https:\/\/www.elsindical.com.ar\/notas\/wp-json\/wp\/v2\/posts\/76749","targetHints":{"allow":["GET"]}}],"collection":[{"href":"https:\/\/www.elsindical.com.ar\/notas\/wp-json\/wp\/v2\/posts"}],"about":[{"href":"https:\/\/www.elsindical.com.ar\/notas\/wp-json\/wp\/v2\/types\/post"}],"author":[{"embeddable":true,"href":"https:\/\/www.elsindical.com.ar\/notas\/wp-json\/wp\/v2\/users\/1"}],"replies":[{"embeddable":true,"href":"https:\/\/www.elsindical.com.ar\/notas\/wp-json\/wp\/v2\/comments?post=76749"}],"version-history":[{"count":1,"href":"https:\/\/www.elsindical.com.ar\/notas\/wp-json\/wp\/v2\/posts\/76749\/revisions"}],"predecessor-version":[{"id":76750,"href":"https:\/\/www.elsindical.com.ar\/notas\/wp-json\/wp\/v2\/posts\/76749\/revisions\/76750"}],"wp:featuredmedia":[{"embeddable":true,"href":"https:\/\/www.elsindical.com.ar\/notas\/wp-json\/wp\/v2\/media\/74692"}],"wp:attachment":[{"href":"https:\/\/www.elsindical.com.ar\/notas\/wp-json\/wp\/v2\/media?parent=76749"}],"wp:term":[{"taxonomy":"category","embeddable":true,"href":"https:\/\/www.elsindical.com.ar\/notas\/wp-json\/wp\/v2\/categories?post=76749"},{"taxonomy":"post_tag","embeddable":true,"href":"https:\/\/www.elsindical.com.ar\/notas\/wp-json\/wp\/v2\/tags?post=76749"}],"curies":[{"name":"wp","href":"https:\/\/api.w.org\/{rel}","templated":true}]}}