{"id":76693,"date":"2018-03-11T00:43:02","date_gmt":"2018-03-11T03:43:02","guid":{"rendered":"http:\/\/www.elsindical.com.ar\/notas\/?p=76693"},"modified":"2018-03-11T00:43:02","modified_gmt":"2018-03-11T03:43:02","slug":"moron-violan-y-desfiguran-a-golpes-a-una-nina-de-2-anos","status":"publish","type":"post","link":"https:\/\/www.elsindical.com.ar\/notas\/moron-violan-y-desfiguran-a-golpes-a-una-nina-de-2-anos\/","title":{"rendered":"Mor\u00f3n: Violan y desfiguran a golpes a una ni\u00f1a de 2 a\u00f1os"},"content":{"rendered":"<p><em><a href=\"http:\/\/www.elsindical.com.ar\/notas\/var\/www\/html\/notas\/wp-content\/uploads\/2018\/03\/Hospital-Municipal-Ostaciana-B.-de-Lavignolle.jpg\"><img loading=\"lazy\" decoding=\"async\" class=\"alignnone size-medium wp-image-76694\" src=\"http:\/\/www.elsindical.com.ar\/notas\/var\/www\/html\/notas\/wp-content\/uploads\/2018\/03\/Hospital-Municipal-Ostaciana-B.-de-Lavignolle-300x145.jpg\" alt=\"\" width=\"300\" height=\"145\" srcset=\"https:\/\/www.elsindical.com.ar\/notas\/var\/www\/html\/notas\/wp-content\/uploads\/2018\/03\/Hospital-Municipal-Ostaciana-B.-de-Lavignolle-300x145.jpg 300w, https:\/\/www.elsindical.com.ar\/notas\/var\/www\/html\/notas\/wp-content\/uploads\/2018\/03\/Hospital-Municipal-Ostaciana-B.-de-Lavignolle-500x242.jpg 500w, https:\/\/www.elsindical.com.ar\/notas\/var\/www\/html\/notas\/wp-content\/uploads\/2018\/03\/Hospital-Municipal-Ostaciana-B.-de-Lavignolle.jpg 745w\" sizes=\"auto, (max-width: 300px) 100vw, 300px\" \/><\/a>\u00a0 Las autoridades judiciales investigan la muerte de una inocente nenita, de 2 a\u00f1os, quien fue salvajemente violada y asesinada a golpes en la cabeza, en un tremendo suceso que se registr\u00f3 en la localidad bonaerense de Mor\u00f3n. Se cree que la criatura habr\u00eda sido agredida por alguno de sus familiares o allegados.<\/em><\/p>\n<p>Al respecto, los voceros del departamento judicial de Mor\u00f3n revelaron que el hecho comenz\u00f3 el jueves pasado, cuando la infortunada v\u00edctima, llamada Alma, fue trasladada si vida por sus parientes al Hospital Municipal Ostaciana B. de Lavignolle, situado en calle Doctor Rodolfo Monte al 800, entre C\u00f3rdoba y Juan Jos\u00e9 Casta\u00f1os, en el citado distrito, en el oeste del conurbano provincial.<\/p>\n<p>Trascendi\u00f3 que los m\u00e9dicos del centro asistencial revisaron el cuerpo y, al advertir que el cad\u00e1ver de la piba ten\u00eda diferentes anomal\u00edas, de inmediato avisaron de la extra\u00f1a situaci\u00f3n a los pesquisas policiales correspondientes a la comisar\u00eda 1\u00b0 de Mor\u00f3n, quienes luego comenzaron a llevar a adelante diligencias para determinar las circunstancias del fallecimiento de la chiquilla, que ten\u00eda apenas 2 a\u00f1os.<\/p>\n<p>A ra\u00edz de tal motivo, de manera preventiva el caso fue caratulado como \u00abAveriguaci\u00f3n de causales de muerte\u00bb, hasta tanto se realizaran diferentes pericias.<\/p>\n<p>De acuerdo a lo manifestado por los informantes, posteriormente se logr\u00f3 establecer que la inocente menor presentaba serias lesiones compatibles con agresiones de abuso sexual y adem\u00e1s violentos golpes aplicados en la regi\u00f3n del cr\u00e1neo, que le hab\u00edan provocado el deceso.<\/p>\n<p>Por esta raz\u00f3n, ahora los integrantes de la seccional empezaron a investigar el episodio como asesinato. Se estima que el il\u00edcito habr\u00eda sido consumado por alg\u00fan pariente o bien allegado a la familia de la v\u00edctima, aunque no se descartar otras hip\u00f3tesis.<\/p>\n","protected":false},"excerpt":{"rendered":"<p>\u00a0 Las autoridades judiciales investigan la muerte de una inocente nenita, de 2 a\u00f1os, quien fue salvajemente violada y asesinada a golpes en la cabeza, en un tremendo suceso que se registr\u00f3 en la localidad bonaerense de Mor\u00f3n. Se cree que la criatura habr\u00eda sido agredida por alguno de sus familiares o allegados. Al respecto,&hellip;<\/p>\n","protected":false},"author":1,"featured_media":76694,"comment_status":"open","ping_status":"open","sticky":false,"template":"","format":"standard","meta":{"footnotes":""},"categories":[22],"tags":[21741,363,28411,1932,4109,271],"class_list":["post-76693","post","type-post","status-publish","format-standard","has-post-thumbnail","hentry","category-policiales","tag-alma","tag-asesinato","tag-hospital-municipal-ostaciana-b-de-lavignolle","tag-moron","tag-nina","tag-violacion"],"_links":{"self":[{"href":"https:\/\/www.elsindical.com.ar\/notas\/wp-json\/wp\/v2\/posts\/76693","targetHints":{"allow":["GET"]}}],"collection":[{"href":"https:\/\/www.elsindical.com.ar\/notas\/wp-json\/wp\/v2\/posts"}],"about":[{"href":"https:\/\/www.elsindical.com.ar\/notas\/wp-json\/wp\/v2\/types\/post"}],"author":[{"embeddable":true,"href":"https:\/\/www.elsindical.com.ar\/notas\/wp-json\/wp\/v2\/users\/1"}],"replies":[{"embeddable":true,"href":"https:\/\/www.elsindical.com.ar\/notas\/wp-json\/wp\/v2\/comments?post=76693"}],"version-history":[{"count":1,"href":"https:\/\/www.elsindical.com.ar\/notas\/wp-json\/wp\/v2\/posts\/76693\/revisions"}],"predecessor-version":[{"id":76695,"href":"https:\/\/www.elsindical.com.ar\/notas\/wp-json\/wp\/v2\/posts\/76693\/revisions\/76695"}],"wp:featuredmedia":[{"embeddable":true,"href":"https:\/\/www.elsindical.com.ar\/notas\/wp-json\/wp\/v2\/media\/76694"}],"wp:attachment":[{"href":"https:\/\/www.elsindical.com.ar\/notas\/wp-json\/wp\/v2\/media?parent=76693"}],"wp:term":[{"taxonomy":"category","embeddable":true,"href":"https:\/\/www.elsindical.com.ar\/notas\/wp-json\/wp\/v2\/categories?post=76693"},{"taxonomy":"post_tag","embeddable":true,"href":"https:\/\/www.elsindical.com.ar\/notas\/wp-json\/wp\/v2\/tags?post=76693"}],"curies":[{"name":"wp","href":"https:\/\/api.w.org\/{rel}","templated":true}]}}