{"id":76674,"date":"2018-03-09T20:50:58","date_gmt":"2018-03-09T23:50:58","guid":{"rendered":"http:\/\/www.elsindical.com.ar\/notas\/?p=76674"},"modified":"2018-03-09T20:50:58","modified_gmt":"2018-03-09T23:50:58","slug":"avellaneda-violento-robo-a-ex-dirigente-de-boca","status":"publish","type":"post","link":"https:\/\/www.elsindical.com.ar\/notas\/avellaneda-violento-robo-a-ex-dirigente-de-boca\/","title":{"rendered":"Avellaneda: Violento robo a ex dirigente de Boca"},"content":{"rendered":"<p><em><span class=\"text description col-xs-8 col-lg-9\">\u00a0\u00a0 <a href=\"http:\/\/www.elsindical.com.ar\/notas\/var\/www\/html\/notas\/wp-content\/uploads\/2018\/03\/camioneta-de-Marcelo-London-asalto.jpg\"><img loading=\"lazy\" decoding=\"async\" class=\"alignnone size-medium wp-image-76675\" src=\"http:\/\/www.elsindical.com.ar\/notas\/var\/www\/html\/notas\/wp-content\/uploads\/2018\/03\/camioneta-de-Marcelo-London-asalto-300x169.jpg\" alt=\"\" width=\"300\" height=\"169\" srcset=\"https:\/\/www.elsindical.com.ar\/notas\/var\/www\/html\/notas\/wp-content\/uploads\/2018\/03\/camioneta-de-Marcelo-London-asalto-300x169.jpg 300w, https:\/\/www.elsindical.com.ar\/notas\/var\/www\/html\/notas\/wp-content\/uploads\/2018\/03\/camioneta-de-Marcelo-London-asalto-768x433.jpg 768w, https:\/\/www.elsindical.com.ar\/notas\/var\/www\/html\/notas\/wp-content\/uploads\/2018\/03\/camioneta-de-Marcelo-London-asalto-1024x578.jpg 1024w, https:\/\/www.elsindical.com.ar\/notas\/var\/www\/html\/notas\/wp-content\/uploads\/2018\/03\/camioneta-de-Marcelo-London-asalto-500x282.jpg 500w, https:\/\/www.elsindical.com.ar\/notas\/var\/www\/html\/notas\/wp-content\/uploads\/2018\/03\/camioneta-de-Marcelo-London-asalto-460x260.jpg 460w, https:\/\/www.elsindical.com.ar\/notas\/var\/www\/html\/notas\/wp-content\/uploads\/2018\/03\/camioneta-de-Marcelo-London-asalto.jpg 1170w\" sizes=\"auto, (max-width: 300px) 100vw, 300px\" \/><\/a>Marcelo London y uno de sus hijos cayeron en manos de delincuentes cuando circulaban en su auto por Av. Belgrano y Espa\u00f1a luego de bajar del Puente Pueyrred\u00f3n, en el partido bonaerense de Avellaneda.<\/span><\/em><\/p>\n<p>Un grupo de delincuentes que actu\u00f3 con la modalidad conocida como \u00abmotochorros\u00bb intent\u00f3 asaltar en forma violenta al ex dirigente de Boca Juniors Marcelo London y a uno de sus hijos cuando circulaba en su camioneta, la que cuenta con vidrios antivand\u00e1licos, en el partido bonaerense de Avellaneda.<\/p>\n<p>Seg\u00fan cont\u00f3 London, quien hasta 2015 se desempe\u00f1\u00f3 como prosecretario y protesorero del club, los delincuentes le ped\u00edan el bolso donde ten\u00eda seis entradas de protocolo para el partido de Boca del pr\u00f3ximo domingo ante Tigre por la Superliga, que hab\u00eda retirado para su agrupaci\u00f3n de socios.<\/p>\n<p>\u00abEst\u00e1bamos a la salida del Puente Pueyrred\u00f3n y empezaron a rodearnos motos, despu\u00e9s no se cuantos eran, pero entraban de todos lados y uno me quer\u00eda sacar para afuera. `Rescatate y entreg\u00e1 el bolso\u00b4, dec\u00edan\u00bb, explic\u00f3 en declaraciones al canal TN.<\/p>\n<p>Seg\u00fan London, su hijo comenz\u00f3 a maniobrar y choc\u00f3 varios veh\u00edculos que lo rodeaban, entre ellos una ambulancia, para poder zafar de los asaltantes y escapar hacia la comisar\u00eda primera de Avellaneda, donde radicaron una denuncia policial.<br \/>\nEl exdirigente sostuvo que no puede establecer si el objetivo de los sujetos era las entradas y tampoco si se trat\u00f3 de una situaci\u00f3n al voleo, o relacionada con su v\u00ednculo con el club.<\/p>\n<p>El auto de London tiener algunas perforaciones en el vidrio, pero su propietario tampoco pudo especificar si se produjeron por disparos de armas de fuego o golpes con objetos contundentes.<\/p>\n<p>La versi\u00f3n de London es por lo menos poco cre\u00edble de que un grupo de delincuentes solo buscaran 6 entradas, algo que no alcanzaba ni para el n\u00famero de atacantes, sabr\u00e1 London los verdaderos motivos, un hombre que apost\u00f3 fuerte dinero en la campa\u00f1a de CAMBIEMOS que logr\u00f3 posicionar a su esposa Maricel Marciano.<\/p>\n","protected":false},"excerpt":{"rendered":"<p>\u00a0\u00a0 Marcelo London y uno de sus hijos cayeron en manos de delincuentes cuando circulaban en su auto por Av. Belgrano y Espa\u00f1a luego de bajar del Puente Pueyrred\u00f3n, en el partido bonaerense de Avellaneda. Un grupo de delincuentes que actu\u00f3 con la modalidad conocida como \u00abmotochorros\u00bb intent\u00f3 asaltar en forma violenta al ex dirigente&hellip;<\/p>\n","protected":false},"author":1,"featured_media":76675,"comment_status":"open","ping_status":"open","sticky":false,"template":"","format":"standard","meta":{"footnotes":""},"categories":[22],"tags":[461,2358,22169,28404,27598],"class_list":["post-76674","post","type-post","status-publish","format-standard","has-post-thumbnail","hentry","category-policiales","tag-avellaneda","tag-boca-juniors","tag-cambiemos","tag-marcelo-london","tag-maricel-marciano"],"_links":{"self":[{"href":"https:\/\/www.elsindical.com.ar\/notas\/wp-json\/wp\/v2\/posts\/76674","targetHints":{"allow":["GET"]}}],"collection":[{"href":"https:\/\/www.elsindical.com.ar\/notas\/wp-json\/wp\/v2\/posts"}],"about":[{"href":"https:\/\/www.elsindical.com.ar\/notas\/wp-json\/wp\/v2\/types\/post"}],"author":[{"embeddable":true,"href":"https:\/\/www.elsindical.com.ar\/notas\/wp-json\/wp\/v2\/users\/1"}],"replies":[{"embeddable":true,"href":"https:\/\/www.elsindical.com.ar\/notas\/wp-json\/wp\/v2\/comments?post=76674"}],"version-history":[{"count":1,"href":"https:\/\/www.elsindical.com.ar\/notas\/wp-json\/wp\/v2\/posts\/76674\/revisions"}],"predecessor-version":[{"id":76676,"href":"https:\/\/www.elsindical.com.ar\/notas\/wp-json\/wp\/v2\/posts\/76674\/revisions\/76676"}],"wp:featuredmedia":[{"embeddable":true,"href":"https:\/\/www.elsindical.com.ar\/notas\/wp-json\/wp\/v2\/media\/76675"}],"wp:attachment":[{"href":"https:\/\/www.elsindical.com.ar\/notas\/wp-json\/wp\/v2\/media?parent=76674"}],"wp:term":[{"taxonomy":"category","embeddable":true,"href":"https:\/\/www.elsindical.com.ar\/notas\/wp-json\/wp\/v2\/categories?post=76674"},{"taxonomy":"post_tag","embeddable":true,"href":"https:\/\/www.elsindical.com.ar\/notas\/wp-json\/wp\/v2\/tags?post=76674"}],"curies":[{"name":"wp","href":"https:\/\/api.w.org\/{rel}","templated":true}]}}