{"id":76646,"date":"2018-03-09T09:56:06","date_gmt":"2018-03-09T12:56:06","guid":{"rendered":"http:\/\/www.elsindical.com.ar\/notas\/?p=76646"},"modified":"2018-03-09T09:56:06","modified_gmt":"2018-03-09T12:56:06","slug":"pompeya-dos-policias-mueren-en-persecusion","status":"publish","type":"post","link":"https:\/\/www.elsindical.com.ar\/notas\/pompeya-dos-policias-mueren-en-persecusion\/","title":{"rendered":"Pompeya: Dos polic\u00edas mueren en persecusi\u00f3n"},"content":{"rendered":"<p><em>\u00a0<a href=\"http:\/\/www.elsindical.com.ar\/notas\/var\/www\/html\/notas\/wp-content\/uploads\/2018\/03\/choque-en-Pompeya-polic\u00eda-01.jpeg\"><img loading=\"lazy\" decoding=\"async\" class=\"alignnone size-medium wp-image-76650\" src=\"http:\/\/www.elsindical.com.ar\/notas\/var\/www\/html\/notas\/wp-content\/uploads\/2018\/03\/choque-en-Pompeya-polic\u00eda-01-225x300.jpeg\" alt=\"\" width=\"225\" height=\"300\" srcset=\"https:\/\/www.elsindical.com.ar\/notas\/var\/www\/html\/notas\/wp-content\/uploads\/2018\/03\/choque-en-Pompeya-polic\u00eda-01-225x300.jpeg 225w, https:\/\/www.elsindical.com.ar\/notas\/var\/www\/html\/notas\/wp-content\/uploads\/2018\/03\/choque-en-Pompeya-polic\u00eda-01.jpeg 745w\" sizes=\"auto, (max-width: 225px) 100vw, 225px\" \/><\/a> Un patrullero que segu\u00eda a toda velocidad a dos delincuentes en moto colision\u00f3 contra un cami\u00f3n que repart\u00eda diarios. Los uniformados fallecieron mientras que los malvivientes escaparon.<\/em><\/p>\n<p>Persecuci\u00f3n a toda velocidad le cost\u00f3 la vida a dos polic\u00edas de la Ciudad, quienes perecieron al chocar el m\u00f3vil en el que se trasladaban contra un cami\u00f3n de reparto de diarios en el barrio porte\u00f1o de Nueva Pompeya. En tanto, los delincuentes que iban a bordo de la motocicleta se encuentran pr\u00f3fugos.<\/p>\n<p>Fuentes policiales confirmaron que el hecho ocurri\u00f3 poco antes de las 4 de ayer en Avenida S\u00e1enz al 1100, cuando el veh\u00edculo policial de la Comisar\u00eda Comunal N\u00b0 4 circulaba a gran velocidad persiguiendo a una moto con dos maleantes por la calle Amancio Alcorta, tras una llamada al 911.<\/p>\n<p>En ese marco, al llegar a la avenida S\u00e1enz, el m\u00f3vil de la comisar\u00eda de la Comuna 4 no pudo esquivar un cami\u00f3n de reparto de diarios que se trasladaba por el lugar y termin\u00f3 colisionando contra el rodado, que a su vez volc\u00f3 sobre la traza.<\/p>\n<p>Producto del fuerte impacto, ambos polic\u00edas resultaron gravemente heridos y fueron trasladados de inmediato al Hospital Churruca. El conductor del m\u00f3vil policial muri\u00f3 cuando era llevado en helic\u00f3ptero, mientras que su acompa\u00f1ante (de 23 a\u00f1os), que fue trasladado en ambulancia, falleci\u00f3 en el hospital. En tanto, el chofer del cami\u00f3n y su acompa\u00f1ante fueron llevados al Hospital Penna con diversos politraumatismos, a\u00f1adieron las fuentes.<\/p>\n<p>En la causa interviene el Juzgado Nacional Criminal y Correccional 56 a cargo de <strong>Alfredo Godoy<\/strong>, que dispuso la detenci\u00f3n del conductor del rodado y orden\u00f3 que las pericias las realice Prefectura. Por otra parte, el tr\u00e1nsito estuvo congestionado por varias horas, ya que el siniestro hizo que se suspendiera el paso del Metrob\u00fas y la avenida S\u00e1enz estuviera cortada tanto para el ingreso como el egreso de la gente hacia Capital Federal, adem\u00e1s la gran cantidad de diarios y revistas tirados por toda la acera no hicieron m\u00e1s que atraer la atenci\u00f3n de algunos, que aprovecharon el momento para \u00abllevarse\u00bb\u00a0alg\u00fan ejemplar.<\/p>\n<p>Cabe destacar, que los delincuentes que participaron de la persecuci\u00f3n a\u00fan se encuentran pr\u00f3fugos de la justicia, y la polic\u00eda pidi\u00f3 las c\u00e1maras de la zona para intentar identificar a los sujetos.<\/p>\n<p><a href=\"http:\/\/www.elsindical.com.ar\/notas\/var\/www\/html\/notas\/wp-content\/uploads\/2018\/03\/polic\u00edas-muertos-en-persecusi\u00f3n.jpeg\"><img loading=\"lazy\" decoding=\"async\" class=\"alignnone size-medium wp-image-76651\" src=\"http:\/\/www.elsindical.com.ar\/notas\/var\/www\/html\/notas\/wp-content\/uploads\/2018\/03\/polic\u00edas-muertos-en-persecusi\u00f3n-169x300.jpeg\" alt=\"\" width=\"169\" height=\"300\" srcset=\"https:\/\/www.elsindical.com.ar\/notas\/var\/www\/html\/notas\/wp-content\/uploads\/2018\/03\/polic\u00edas-muertos-en-persecusi\u00f3n-169x300.jpeg 169w, https:\/\/www.elsindical.com.ar\/notas\/var\/www\/html\/notas\/wp-content\/uploads\/2018\/03\/polic\u00edas-muertos-en-persecusi\u00f3n-576x1024.jpeg 576w, https:\/\/www.elsindical.com.ar\/notas\/var\/www\/html\/notas\/wp-content\/uploads\/2018\/03\/polic\u00edas-muertos-en-persecusi\u00f3n.jpeg 720w\" sizes=\"auto, (max-width: 169px) 100vw, 169px\" \/><\/a> <a href=\"http:\/\/www.elsindical.com.ar\/notas\/var\/www\/html\/notas\/wp-content\/uploads\/2018\/03\/choque-en-Pompeya-polic\u00eda-02.jpeg\"><img loading=\"lazy\" decoding=\"async\" class=\"alignnone size-medium wp-image-76649\" src=\"http:\/\/www.elsindical.com.ar\/notas\/var\/www\/html\/notas\/wp-content\/uploads\/2018\/03\/choque-en-Pompeya-polic\u00eda-02-225x300.jpeg\" alt=\"\" width=\"225\" height=\"300\" srcset=\"https:\/\/www.elsindical.com.ar\/notas\/var\/www\/html\/notas\/wp-content\/uploads\/2018\/03\/choque-en-Pompeya-polic\u00eda-02-225x300.jpeg 225w, https:\/\/www.elsindical.com.ar\/notas\/var\/www\/html\/notas\/wp-content\/uploads\/2018\/03\/choque-en-Pompeya-polic\u00eda-02.jpeg 745w\" sizes=\"auto, (max-width: 225px) 100vw, 225px\" \/><\/a> <a href=\"http:\/\/www.elsindical.com.ar\/notas\/var\/www\/html\/notas\/wp-content\/uploads\/2018\/03\/choque-en-Pompeya-polic\u00eda-03.jpeg\"><img loading=\"lazy\" decoding=\"async\" class=\"alignnone size-medium wp-image-76648\" src=\"http:\/\/www.elsindical.com.ar\/notas\/var\/www\/html\/notas\/wp-content\/uploads\/2018\/03\/choque-en-Pompeya-polic\u00eda-03-225x300.jpeg\" alt=\"\" width=\"225\" height=\"300\" srcset=\"https:\/\/www.elsindical.com.ar\/notas\/var\/www\/html\/notas\/wp-content\/uploads\/2018\/03\/choque-en-Pompeya-polic\u00eda-03-225x300.jpeg 225w, https:\/\/www.elsindical.com.ar\/notas\/var\/www\/html\/notas\/wp-content\/uploads\/2018\/03\/choque-en-Pompeya-polic\u00eda-03.jpeg 745w\" sizes=\"auto, (max-width: 225px) 100vw, 225px\" \/><\/a> <a href=\"http:\/\/www.elsindical.com.ar\/notas\/var\/www\/html\/notas\/wp-content\/uploads\/2018\/03\/choque-en-Pompeya-polic\u00eda-04.jpeg\"><img loading=\"lazy\" decoding=\"async\" class=\"alignnone size-medium wp-image-76647\" src=\"http:\/\/www.elsindical.com.ar\/notas\/var\/www\/html\/notas\/wp-content\/uploads\/2018\/03\/choque-en-Pompeya-polic\u00eda-04-300x225.jpeg\" alt=\"\" width=\"300\" height=\"225\" srcset=\"https:\/\/www.elsindical.com.ar\/notas\/var\/www\/html\/notas\/wp-content\/uploads\/2018\/03\/choque-en-Pompeya-polic\u00eda-04-300x225.jpeg 300w, https:\/\/www.elsindical.com.ar\/notas\/var\/www\/html\/notas\/wp-content\/uploads\/2018\/03\/choque-en-Pompeya-polic\u00eda-04-401x300.jpeg 401w, https:\/\/www.elsindical.com.ar\/notas\/var\/www\/html\/notas\/wp-content\/uploads\/2018\/03\/choque-en-Pompeya-polic\u00eda-04.jpeg 745w\" sizes=\"auto, (max-width: 300px) 100vw, 300px\" \/><\/a><\/p>\n<p>&nbsp;<\/p>\n","protected":false},"excerpt":{"rendered":"<p>\u00a0 Un patrullero que segu\u00eda a toda velocidad a dos delincuentes en moto colision\u00f3 contra un cami\u00f3n que repart\u00eda diarios. Los uniformados fallecieron mientras que los malvivientes escaparon. Persecuci\u00f3n a toda velocidad le cost\u00f3 la vida a dos polic\u00edas de la Ciudad, quienes perecieron al chocar el m\u00f3vil en el que se trasladaban contra un&hellip;<\/p>\n","protected":false},"author":1,"featured_media":76650,"comment_status":"open","ping_status":"open","sticky":false,"template":"","format":"standard","meta":{"footnotes":""},"categories":[22],"tags":[305,18236,30,1269],"class_list":["post-76646","post","type-post","status-publish","format-standard","has-post-thumbnail","hentry","category-policiales","tag-muerte","tag-persecusion","tag-policia","tag-pompeya"],"_links":{"self":[{"href":"https:\/\/www.elsindical.com.ar\/notas\/wp-json\/wp\/v2\/posts\/76646","targetHints":{"allow":["GET"]}}],"collection":[{"href":"https:\/\/www.elsindical.com.ar\/notas\/wp-json\/wp\/v2\/posts"}],"about":[{"href":"https:\/\/www.elsindical.com.ar\/notas\/wp-json\/wp\/v2\/types\/post"}],"author":[{"embeddable":true,"href":"https:\/\/www.elsindical.com.ar\/notas\/wp-json\/wp\/v2\/users\/1"}],"replies":[{"embeddable":true,"href":"https:\/\/www.elsindical.com.ar\/notas\/wp-json\/wp\/v2\/comments?post=76646"}],"version-history":[{"count":1,"href":"https:\/\/www.elsindical.com.ar\/notas\/wp-json\/wp\/v2\/posts\/76646\/revisions"}],"predecessor-version":[{"id":76652,"href":"https:\/\/www.elsindical.com.ar\/notas\/wp-json\/wp\/v2\/posts\/76646\/revisions\/76652"}],"wp:featuredmedia":[{"embeddable":true,"href":"https:\/\/www.elsindical.com.ar\/notas\/wp-json\/wp\/v2\/media\/76650"}],"wp:attachment":[{"href":"https:\/\/www.elsindical.com.ar\/notas\/wp-json\/wp\/v2\/media?parent=76646"}],"wp:term":[{"taxonomy":"category","embeddable":true,"href":"https:\/\/www.elsindical.com.ar\/notas\/wp-json\/wp\/v2\/categories?post=76646"},{"taxonomy":"post_tag","embeddable":true,"href":"https:\/\/www.elsindical.com.ar\/notas\/wp-json\/wp\/v2\/tags?post=76646"}],"curies":[{"name":"wp","href":"https:\/\/api.w.org\/{rel}","templated":true}]}}