{"id":76599,"date":"2018-03-07T14:24:45","date_gmt":"2018-03-07T17:24:45","guid":{"rendered":"http:\/\/www.elsindical.com.ar\/notas\/?p=76599"},"modified":"2018-03-07T14:24:45","modified_gmt":"2018-03-07T17:24:45","slug":"uruguay-concede-la-extradicion-de-marcelo-balcedo-investigado-por-presunto-lavado-de-dinero","status":"publish","type":"post","link":"https:\/\/www.elsindical.com.ar\/notas\/uruguay-concede-la-extradicion-de-marcelo-balcedo-investigado-por-presunto-lavado-de-dinero\/","title":{"rendered":"Uruguay concede la extradici\u00f3n de Marcelo Balcedo, investigado por presunto lavado de dinero"},"content":{"rendered":"<p><em><span class=\"text description col-xs-8 col-lg-9\">\u00a0 <a href=\"http:\/\/www.elsindical.com.ar\/notas\/var\/www\/html\/notas\/wp-content\/uploads\/2018\/01\/Marcelo-Balcedo.jpg\"><img loading=\"lazy\" decoding=\"async\" class=\"alignnone size-medium wp-image-75280\" src=\"http:\/\/www.elsindical.com.ar\/notas\/var\/www\/html\/notas\/wp-content\/uploads\/2018\/01\/Marcelo-Balcedo-300x181.jpg\" alt=\"\" width=\"300\" height=\"181\" srcset=\"https:\/\/www.elsindical.com.ar\/notas\/var\/www\/html\/notas\/wp-content\/uploads\/2018\/01\/Marcelo-Balcedo-300x181.jpg 300w, https:\/\/www.elsindical.com.ar\/notas\/var\/www\/html\/notas\/wp-content\/uploads\/2018\/01\/Marcelo-Balcedo-498x300.jpg 498w, https:\/\/www.elsindical.com.ar\/notas\/var\/www\/html\/notas\/wp-content\/uploads\/2018\/01\/Marcelo-Balcedo.jpg 696w\" sizes=\"auto, (max-width: 300px) 100vw, 300px\" \/><\/a>Marcelo Balcedo, titular del sindicato SOEME, y su pareja Paola Fiege estaban detenidos en Uruguay por supuesto lavado de dinero. La jueza de Uruguay Mar\u00eda Elena Mainard hizo lugar al pedido de extradici\u00f3n de su par argentino Ernesto Kreplak, juez federal de La Plata.<\/span><\/em><\/p>\n<p>La Justicia uruguaya hizo lugar al pedido de extradici\u00f3n solicitada por su par Argentina sobre el titular del sindicato SOEME, Marcelo Balcedo, investigado por presunto lavado de dinero al igual que su mujer Paola Fiege, aunque el tr\u00e1mite se llevar\u00e1 a cabo una vez que termine la investigaci\u00f3n en aquel pa\u00eds por el mismo delito.<\/p>\n<p>Fuentes judiciales informaron que la jueza de Uruguay Mar\u00eda Elena Mainard hizo lugar al pedido de su par argentino Ernesto Kreplak, juez federal de La Plata, aunque la entrega queda supeditada a la conclusi\u00f3n de esa investigaci\u00f3n en aquel pa\u00eds.<\/p>\n","protected":false},"excerpt":{"rendered":"<p>\u00a0 Marcelo Balcedo, titular del sindicato SOEME, y su pareja Paola Fiege estaban detenidos en Uruguay por supuesto lavado de dinero. La jueza de Uruguay Mar\u00eda Elena Mainard hizo lugar al pedido de extradici\u00f3n de su par argentino Ernesto Kreplak, juez federal de La Plata. La Justicia uruguaya hizo lugar al pedido de extradici\u00f3n solicitada&hellip;<\/p>\n","protected":false},"author":1,"featured_media":75280,"comment_status":"open","ping_status":"open","sticky":false,"template":"","format":"standard","meta":{"footnotes":""},"categories":[18],"tags":[12687,41,23400,226],"class_list":["post-76599","post","type-post","status-publish","format-standard","has-post-thumbnail","hentry","category-internacionales","tag-extradicion","tag-justicia","tag-marcelo-balcedo","tag-uruguay"],"_links":{"self":[{"href":"https:\/\/www.elsindical.com.ar\/notas\/wp-json\/wp\/v2\/posts\/76599","targetHints":{"allow":["GET"]}}],"collection":[{"href":"https:\/\/www.elsindical.com.ar\/notas\/wp-json\/wp\/v2\/posts"}],"about":[{"href":"https:\/\/www.elsindical.com.ar\/notas\/wp-json\/wp\/v2\/types\/post"}],"author":[{"embeddable":true,"href":"https:\/\/www.elsindical.com.ar\/notas\/wp-json\/wp\/v2\/users\/1"}],"replies":[{"embeddable":true,"href":"https:\/\/www.elsindical.com.ar\/notas\/wp-json\/wp\/v2\/comments?post=76599"}],"version-history":[{"count":1,"href":"https:\/\/www.elsindical.com.ar\/notas\/wp-json\/wp\/v2\/posts\/76599\/revisions"}],"predecessor-version":[{"id":76600,"href":"https:\/\/www.elsindical.com.ar\/notas\/wp-json\/wp\/v2\/posts\/76599\/revisions\/76600"}],"wp:featuredmedia":[{"embeddable":true,"href":"https:\/\/www.elsindical.com.ar\/notas\/wp-json\/wp\/v2\/media\/75280"}],"wp:attachment":[{"href":"https:\/\/www.elsindical.com.ar\/notas\/wp-json\/wp\/v2\/media?parent=76599"}],"wp:term":[{"taxonomy":"category","embeddable":true,"href":"https:\/\/www.elsindical.com.ar\/notas\/wp-json\/wp\/v2\/categories?post=76599"},{"taxonomy":"post_tag","embeddable":true,"href":"https:\/\/www.elsindical.com.ar\/notas\/wp-json\/wp\/v2\/tags?post=76599"}],"curies":[{"name":"wp","href":"https:\/\/api.w.org\/{rel}","templated":true}]}}