{"id":76584,"date":"2018-03-06T21:11:34","date_gmt":"2018-03-07T00:11:34","guid":{"rendered":"http:\/\/www.elsindical.com.ar\/notas\/?p=76584"},"modified":"2018-03-06T21:11:34","modified_gmt":"2018-03-07T00:11:34","slug":"el-caal-denunciara-y-pedira-el-jury-para-el-juez-carzoglio-y-el-fiscal-prieto","status":"publish","type":"post","link":"https:\/\/www.elsindical.com.ar\/notas\/el-caal-denunciara-y-pedira-el-jury-para-el-juez-carzoglio-y-el-fiscal-prieto\/","title":{"rendered":"El CAAL denunciar\u00e1 y pedir\u00e1 el Jury para el Juez Carzoglio y el Fiscal Prieto"},"content":{"rendered":"<p><em>\u00a0 <a href=\"http:\/\/www.elsindical.com.ar\/notas\/var\/www\/html\/notas\/wp-content\/uploads\/2018\/03\/cmunicado-oficial-CAAL-5-de-marzo.png\"><img loading=\"lazy\" decoding=\"async\" class=\"alignnone size-medium wp-image-76585\" src=\"http:\/\/www.elsindical.com.ar\/notas\/var\/www\/html\/notas\/wp-content\/uploads\/2018\/03\/cmunicado-oficial-CAAL-5-de-marzo-300x129.png\" alt=\"\" width=\"300\" height=\"129\" srcset=\"https:\/\/www.elsindical.com.ar\/notas\/var\/www\/html\/notas\/wp-content\/uploads\/2018\/03\/cmunicado-oficial-CAAL-5-de-marzo-300x129.png 300w, https:\/\/www.elsindical.com.ar\/notas\/var\/www\/html\/notas\/wp-content\/uploads\/2018\/03\/cmunicado-oficial-CAAL-5-de-marzo.png 400w\" sizes=\"auto, (max-width: 300px) 100vw, 300px\" \/><\/a>El d\u00eda viernes 2 de Marzo, se reuni\u00f3 el Consejo Directivo del C.A.A.L. a efectos de analizar la IPP N\u00b0 07-02-003564-18, que como es de p\u00fablico conocimiento, fue la que diera origen a la desproporcionada medida de allanamiento del que fu\u00e9semos v\u00edctimas.<\/em><\/p>\n<p>El Consejo Directivo del CAAL resolvi\u00f3 por unanimidad, impulsar el pedido de enjuiciamiento seg\u00fan Ley 13.661, del Sr. Juez de Garant\u00edas Dr. Silvio Carzoglio, y del Sr. Agente Fiscal Dr. Mario Prieto, por entender que su accionar encuadrar\u00eda en varios de los presupuestos h\u00e1biles de remoci\u00f3n establecidos en la mencionada Ley.<\/p>\n<p>Asimismo, y siendo que las acciones ilegales antes se\u00f1aladas configurar\u00edan a su vez conductas que podr\u00edan prima facie constituir la comisi\u00f3n de los delitos de abuso de autoridad, incumplimiento de los deberes de funcionario p\u00fablico y prevaricato, se resolvi\u00f3 formular la pertinente denuncia penal.<\/p>\n<p>Como lo hemos manifestado en anteriores oportunidades, es obligaci\u00f3n de las autoridades de este Colegio promover todas las acciones legales tendientes a resguardar la vida institucional del CAAL, y en ese sentido, continuaremos velando por los derechos de los matriculados, cumpliendo con nuestros deberes y los procedimientos establecidos por la Ley, manteniendolos constantemente informados.<\/p>\n<p>Quedan las autoridades de este Colegio, a su disposici\u00f3n para evacuar cualquier consulta o inquietud.<\/p>\n","protected":false},"excerpt":{"rendered":"<p>\u00a0 El d\u00eda viernes 2 de Marzo, se reuni\u00f3 el Consejo Directivo del C.A.A.L. a efectos de analizar la IPP N\u00b0 07-02-003564-18, que como es de p\u00fablico conocimiento, fue la que diera origen a la desproporcionada medida de allanamiento del que fu\u00e9semos v\u00edctimas. El Consejo Directivo del CAAL resolvi\u00f3 por unanimidad, impulsar el pedido de&hellip;<\/p>\n","protected":false},"author":1,"featured_media":76585,"comment_status":"open","ping_status":"open","sticky":false,"template":"","format":"standard","meta":{"footnotes":""},"categories":[6],"tags":[22200,18569,28380],"class_list":["post-76584","post","type-post","status-publish","format-standard","has-post-thumbnail","hentry","category-denuncias","tag-caal","tag-fiscal-mario-prieto","tag-juez-silvio-carzoglio"],"_links":{"self":[{"href":"https:\/\/www.elsindical.com.ar\/notas\/wp-json\/wp\/v2\/posts\/76584","targetHints":{"allow":["GET"]}}],"collection":[{"href":"https:\/\/www.elsindical.com.ar\/notas\/wp-json\/wp\/v2\/posts"}],"about":[{"href":"https:\/\/www.elsindical.com.ar\/notas\/wp-json\/wp\/v2\/types\/post"}],"author":[{"embeddable":true,"href":"https:\/\/www.elsindical.com.ar\/notas\/wp-json\/wp\/v2\/users\/1"}],"replies":[{"embeddable":true,"href":"https:\/\/www.elsindical.com.ar\/notas\/wp-json\/wp\/v2\/comments?post=76584"}],"version-history":[{"count":1,"href":"https:\/\/www.elsindical.com.ar\/notas\/wp-json\/wp\/v2\/posts\/76584\/revisions"}],"predecessor-version":[{"id":76586,"href":"https:\/\/www.elsindical.com.ar\/notas\/wp-json\/wp\/v2\/posts\/76584\/revisions\/76586"}],"wp:featuredmedia":[{"embeddable":true,"href":"https:\/\/www.elsindical.com.ar\/notas\/wp-json\/wp\/v2\/media\/76585"}],"wp:attachment":[{"href":"https:\/\/www.elsindical.com.ar\/notas\/wp-json\/wp\/v2\/media?parent=76584"}],"wp:term":[{"taxonomy":"category","embeddable":true,"href":"https:\/\/www.elsindical.com.ar\/notas\/wp-json\/wp\/v2\/categories?post=76584"},{"taxonomy":"post_tag","embeddable":true,"href":"https:\/\/www.elsindical.com.ar\/notas\/wp-json\/wp\/v2\/tags?post=76584"}],"curies":[{"name":"wp","href":"https:\/\/api.w.org\/{rel}","templated":true}]}}