{"id":76570,"date":"2018-03-06T18:03:46","date_gmt":"2018-03-06T21:03:46","guid":{"rendered":"http:\/\/www.elsindical.com.ar\/notas\/?p=76570"},"modified":"2018-03-06T18:03:46","modified_gmt":"2018-03-06T21:03:46","slug":"la-cooperativa-de-la-dormida-explica-los-verdaderos-motivos-de-los-aumentos-en-la-energia-electrica","status":"publish","type":"post","link":"https:\/\/www.elsindical.com.ar\/notas\/la-cooperativa-de-la-dormida-explica-los-verdaderos-motivos-de-los-aumentos-en-la-energia-electrica\/","title":{"rendered":"La Cooperativa de La Dormida explica los verdaderos motivos de los aumentos en la energ\u00eda el\u00e9ctrica"},"content":{"rendered":"<p><a href=\"http:\/\/www.elsindical.com.ar\/notas\/var\/www\/html\/notas\/wp-content\/uploads\/2018\/03\/cooperativa-el\u00e9ctrica-la-Dormida-de-San-Jos\u00e9.jpg\"><img loading=\"lazy\" decoding=\"async\" class=\"alignnone size-medium wp-image-76571\" src=\"http:\/\/www.elsindical.com.ar\/notas\/var\/www\/html\/notas\/wp-content\/uploads\/2018\/03\/cooperativa-el\u00e9ctrica-la-Dormida-de-San-Jos\u00e9-300x176.jpg\" alt=\"\" width=\"300\" height=\"176\" srcset=\"https:\/\/www.elsindical.com.ar\/notas\/var\/www\/html\/notas\/wp-content\/uploads\/2018\/03\/cooperativa-el\u00e9ctrica-la-Dormida-de-San-Jos\u00e9-300x176.jpg 300w, https:\/\/www.elsindical.com.ar\/notas\/var\/www\/html\/notas\/wp-content\/uploads\/2018\/03\/cooperativa-el\u00e9ctrica-la-Dormida-de-San-Jos\u00e9-768x451.jpg 768w, https:\/\/www.elsindical.com.ar\/notas\/var\/www\/html\/notas\/wp-content\/uploads\/2018\/03\/cooperativa-el\u00e9ctrica-la-Dormida-de-San-Jos\u00e9-500x293.jpg 500w, https:\/\/www.elsindical.com.ar\/notas\/var\/www\/html\/notas\/wp-content\/uploads\/2018\/03\/cooperativa-el\u00e9ctrica-la-Dormida-de-San-Jos\u00e9.jpg 847w\" sizes=\"auto, (max-width: 300px) 100vw, 300px\" \/><\/a>La Cooperativa El\u00e9ctrica Ltda. de San Jos\u00e9 de la Dormida aclar\u00f3 sobre los aumentos de la energ\u00eda el\u00e9ctrica. \u201cEl ERSEP autoriz\u00f3 aplicar variaciones en las tarifas seg\u00fan la Resoluci\u00f3n General N\u00ba 5\/18\u201d, explicaron.<\/p>\n<p>\u201cEsta Resoluci\u00f3n ratifica el mecanismo de traslado de tarifas de cada una de las variaciones sufridas por los costos de compra de la energ\u00eda y potencia en el Mercado El\u00e9ctrico Mayorista\u201d, ampliaron.<\/p>\n<p>Por otra parte se aprobaron los mecanismos para cubrir las variaciones de \u201ccostos de compra de energ\u00eda\u201d de las Distribuidoras Cooperativas. El ERSEP aprob\u00f3 el c\u00e1lculo propuesto por EPEC en las variaciones de los precios de energ\u00eda definidos para febrero de 2018 mediante Resoluci\u00f3n N\u00ba 1091-E\/2017 de la Secretar\u00eda de Energ\u00eda El\u00e9ctrica dependiente del Ministerio de Energ\u00eda y Miner\u00eda de la Naci\u00f3n. Tambi\u00e9n se aprob\u00f3 el cuadro tarifario elevado por la EPEC por Resoluci\u00f3n N\u00ba 80916, en funci\u00f3n de las modificaciones del precio de compra de la energ\u00eda y potencia en el Mercado El\u00e9ctrico Mayorista, en los suministros o consumos a partir del 1 de febrero de 2018. \u00a0Y se aprobaron los ajustes en los precios de la energ\u00eda y\/o potencia aplicables por las Cooperativas Distribuidoras de Energ\u00eda de la Provincia de C\u00f3rdoba. De esta manera se determin\u00f3 que para el Usuario Residencial resulta un incremento por cada Kw\/h de $0,21667 (veinti\u00fan centavos y medio por Kw por hora).<\/p>\n<p>Adem\u00e1s el ERSEP, por Resoluci\u00f3n General N\u00ba 57, a pedido de las Cooperativas Asociadas a la Federaci\u00f3n Argentina de Cooperativas El\u00e9ctricas y Obras y Servicios P\u00fablicos Limitada (FACE) y a la Federaci\u00f3n de Cooperativas El\u00e9ctricas y Obras y Servicios P\u00fablicos Limitada de la Provincia de C\u00f3rdoba (FECESCOR) aprob\u00f3 el ajuste tarifario del 11,48% a aplicar por las Cooperativas El\u00e9ctricas en los servicios prestados a partir de febrero de 2018.<\/p>\n<table class=\"t1_mod\" width=\"100%\" cellspacing=\"0\" cellpadding=\"0\">\n<tbody>\n<tr>\n<td>&nbsp;<\/p>\n<p><img decoding=\"async\" src=\"https:\/\/scontent.ftuc1-2.fna.fbcdn.net\/v\/t1.0-9\/28576030_383871962076483_8120124536873983034_n.jpg?oh=dea11e6fbed00329fc7586331a357171&amp;oe=5B00AB15\" alt=\"La imagen puede contener: cielo y exterior\" \/><\/td>\n<\/tr>\n<\/tbody>\n<\/table>\n<table class=\"t1_mod\" width=\"100%\" cellspacing=\"0\" cellpadding=\"0\">\n<tbody>\n<tr>\n<td><\/td>\n<\/tr>\n<\/tbody>\n<\/table>\n<table class=\"t1_mod\" width=\"100%\" cellspacing=\"0\" cellpadding=\"0\">\n<tbody>\n<tr>\n<td>Cooperativa El\u00e9ctrica Ltda. de San Jos\u00e9 de la Dormida<\/p>\n<p>Personer\u00eda Jur\u00eddica &#8211; Decreto N\u00ba 2545 &#8211; 18\/05\/62<\/p>\n<p>Av. Presidente Per\u00f3n 543\u00a0&#8211; CP. 5244\u00a0&#8211; San Jos\u00e9 de la Dormida &#8211; Provincia de C\u00f3rdoba &#8211; Argentina<\/p>\n<p><span class=\"text_exposed_show\">TEL.\/FAX: 03521 497120<\/span><\/p>\n<p><strong><span class=\"text_exposed_show\">Contacto Prensa:<\/span><\/strong><\/p>\n<p><span class=\"text_exposed_show\">Tel\u00e9fono: 03521 &#8211; 15416505<\/span><\/p>\n<p><span class=\"text_exposed_show\">E-mail:\u00a0<\/span>cooplador@hotmail.com<\/td>\n<\/tr>\n<\/tbody>\n<\/table>\n","protected":false},"excerpt":{"rendered":"<p>La Cooperativa El\u00e9ctrica Ltda. de San Jos\u00e9 de la Dormida aclar\u00f3 sobre los aumentos de la energ\u00eda el\u00e9ctrica. \u201cEl ERSEP autoriz\u00f3 aplicar variaciones en las tarifas seg\u00fan la Resoluci\u00f3n General N\u00ba 5\/18\u201d, explicaron. \u201cEsta Resoluci\u00f3n ratifica el mecanismo de traslado de tarifas de cada una de las variaciones sufridas por los costos de compra de&hellip;<\/p>\n","protected":false},"author":1,"featured_media":76571,"comment_status":"open","ping_status":"open","sticky":false,"template":"","format":"standard","meta":{"footnotes":""},"categories":[28],"tags":[28378,28376,28377,373],"class_list":["post-76570","post","type-post","status-publish","format-standard","has-post-thumbnail","hentry","category-empresariales","tag-cooperativa-electrica-ltda-de-san-jose-de-la-dormida","tag-epec","tag-ersep","tag-tarifas"],"_links":{"self":[{"href":"https:\/\/www.elsindical.com.ar\/notas\/wp-json\/wp\/v2\/posts\/76570","targetHints":{"allow":["GET"]}}],"collection":[{"href":"https:\/\/www.elsindical.com.ar\/notas\/wp-json\/wp\/v2\/posts"}],"about":[{"href":"https:\/\/www.elsindical.com.ar\/notas\/wp-json\/wp\/v2\/types\/post"}],"author":[{"embeddable":true,"href":"https:\/\/www.elsindical.com.ar\/notas\/wp-json\/wp\/v2\/users\/1"}],"replies":[{"embeddable":true,"href":"https:\/\/www.elsindical.com.ar\/notas\/wp-json\/wp\/v2\/comments?post=76570"}],"version-history":[{"count":1,"href":"https:\/\/www.elsindical.com.ar\/notas\/wp-json\/wp\/v2\/posts\/76570\/revisions"}],"predecessor-version":[{"id":76572,"href":"https:\/\/www.elsindical.com.ar\/notas\/wp-json\/wp\/v2\/posts\/76570\/revisions\/76572"}],"wp:featuredmedia":[{"embeddable":true,"href":"https:\/\/www.elsindical.com.ar\/notas\/wp-json\/wp\/v2\/media\/76571"}],"wp:attachment":[{"href":"https:\/\/www.elsindical.com.ar\/notas\/wp-json\/wp\/v2\/media?parent=76570"}],"wp:term":[{"taxonomy":"category","embeddable":true,"href":"https:\/\/www.elsindical.com.ar\/notas\/wp-json\/wp\/v2\/categories?post=76570"},{"taxonomy":"post_tag","embeddable":true,"href":"https:\/\/www.elsindical.com.ar\/notas\/wp-json\/wp\/v2\/tags?post=76570"}],"curies":[{"name":"wp","href":"https:\/\/api.w.org\/{rel}","templated":true}]}}