{"id":7654,"date":"2010-07-02T07:28:47","date_gmt":"2010-07-02T10:28:47","guid":{"rendered":"http:\/\/www.elsindical.com.ar\/notas\/?p=7654"},"modified":"2010-07-02T07:28:47","modified_gmt":"2010-07-02T10:28:47","slug":"familiares-de-florencia-penacchi-acusan-a-crio-insp-cipolla-de-la-federal","status":"publish","type":"post","link":"https:\/\/www.elsindical.com.ar\/notas\/familiares-de-florencia-penacchi-acusan-a-crio-insp-cipolla-de-la-federal\/","title":{"rendered":"Familiares de Florencia Penacchi acusan a Crio.Insp. Cipolla de la federal"},"content":{"rendered":"<p style=\"text-align: justify;\"><span style=\"font-family: verdana; font-size: x-small;\"><strong><a href=\"http:\/\/www.elsindical.com.ar\/notas\/var\/www\/html\/notas\/wp-content\/uploads\/2010\/07\/Florencia-Penacchi.jpg\"><img loading=\"lazy\" decoding=\"async\" class=\"alignleft size-full wp-image-7655\" title=\"Florencia-Penacchi\" src=\"http:\/\/www.elsindical.com.ar\/notas\/var\/www\/html\/notas\/wp-content\/uploads\/2010\/07\/Florencia-Penacchi.jpg\" alt=\"\" width=\"227\" height=\"227\" srcset=\"https:\/\/www.elsindical.com.ar\/notas\/var\/www\/html\/notas\/wp-content\/uploads\/2010\/07\/Florencia-Penacchi.jpg 227w, https:\/\/www.elsindical.com.ar\/notas\/var\/www\/html\/notas\/wp-content\/uploads\/2010\/07\/Florencia-Penacchi-150x150.jpg 150w\" sizes=\"auto, (max-width: 227px) 100vw, 227px\" \/><\/a>Florencia Penacchi viv\u00eda en Palermo y estudiaba en la UBA. Desde hace cinco a\u00f1os se encuentra desaparecida. Acusan de \u00abpart\u00edcipe y co-responsable al comisario inspector Jorge Cipolla\u00bb. <\/strong><\/p>\n<p>Florencia Penacchi invit\u00f3 a los compa\u00f1eros de trabajo a comer unas pizzas a su casa, en Palermo, donde viv\u00eda con su hermano. Los invitados se fueron a las dos de las ma\u00f1ana, pero la noche no termin\u00f3. Poco despu\u00e9s de las cuatro Florencia Penacchi llam\u00f3 a un delivery y pidi\u00f3 un par de latas de cerveza. Cerca de las cinco, un joven entreg\u00f3 el pedido en manos de la chica, quien, en lugar de volver a subir al departamento, sali\u00f3 caminando por G\u00fcemes hacia la calle Oro y ya nadie la volvi\u00f3 a ver. Eso ocurri\u00f3 hace cinco a\u00f1os. Pero no se olvidan de ella sus parientes, amigos y organizaciones anti trata.<\/p>\n<p>Sin Cautivas, una agrupaci\u00f3n en la provincia de Neuqu\u00e9n donde naci\u00f3 Florencia, acusan al comisario inspector Jorge Cipolla (hoy jefe del Departamento de Delitos contra las Personas de la Polic\u00eda Federal) por las irregularidades en la causa de la joven desaparecida.<\/p>\n<p>\u201cQueremos comunicar a la sociedad -expresan en un comunicado Sin Cautivas- el nombre de quien ser\u00eda part\u00edcipe y co-responsable de la desaparici\u00f3n de Florencia por cuanto ha jugado un rol fundamental en la disoluci\u00f3n de pruebas y en la generaci\u00f3n de informaci\u00f3n basura tendiente a dilatar la b\u00fasqueda y a generar una actuaci\u00f3n judicial innecesaria y no conducente. Nancy Mi\u00f1o Velazquez, auxiliar de segunda de la Polic\u00eda Federal en la Divisi\u00f3n de Trata de Personas, que trabajaba desde 2008 como agente encubierta infiltr\u00e1ndose en las redes de explotaci\u00f3n sexual de mujeres, ha denunciado en la Justicia al comisario inspector Jorge Cipolla. Informamos que este se\u00f1or ha estado a cargo de la investigaci\u00f3n de la causa de Florencia\u201d.<\/p>\n<p>Desde la organizaci\u00f3n creen que la denuncia de la mujer polic\u00eda \u00abaclara y responde\u00bb algunas de las dudas en cuanto a la investigaci\u00f3n de la causa por parte de la polic\u00eda. \u00abQuiz\u00e1 esto explique por qu\u00e9, seg\u00fan los dichos del Fiscal, ocurrieron \u2018errores t\u00e9cnicos\u2019. Quiz\u00e1 esta informaci\u00f3n explique por qu\u00e9 el Fiscal le permite a un testigo, presunto entregador de Florencia, incurrir en falso testimonio impunemente\u201d.<\/p>\n<p>La organizaci\u00f3n feminista recuerda que Cipolla fue jefe de la Divisi\u00f3n Antisecuestros de la Polic\u00eda Federal, divisi\u00f3n encargada de encontrar a Penacchi.<\/p>\n<p>\u201c\u00c9l hizo declaraciones tendenciosas y determinantes en los medios de comunicaci\u00f3n (Clar\u00edn, 17 de junio de 2005). Sus declaraciones ten\u00edan como objetivo dar por terminada la preocupaci\u00f3n de la sociedad por la aparici\u00f3n de Florencia, afirmando -sin pruebas que lo demostraran y previo a aportar esta informaci\u00f3n al expediente de la causa- que Florencia hab\u00eda planeado una fuga y que se encontraba viviendo en el interior con un hombre y en perfecto estado de salud\u00bb.<\/p>\n<p>La causa de Florencia Penacchi estuvopor cuatro a\u00f1os a cargo de la Brigada Antisecuestros Extorsivos de la Polic\u00eda Federal a cargo del \u00abhoy denunciado comisario inspector Jorge Cipolla, a\u00fan cuando entonces quedara demostrado que \u00e9ste no era el caso de un secuestro extorsivo\u00bb.<\/p>\n<p>El fiscal Marcelo Retes tambi\u00e9n sostiene \u00abque Florencia se ha ido por voluntad propia y que no tiene por qu\u00e9 investigar su desaparici\u00f3n. Por eso creemos que no es casual que desestime toda informaci\u00f3n que vincula la desaparici\u00f3n de Florencia con las redes de trata y creemos que esa informaci\u00f3n podr\u00eda acercarnos a su paradero\u00bb, concluy\u00f3 Sin Cautivas.<\/span><\/p>\n<p style=\"text-align: justify;\"><span style=\"font-size: xx-small;\"><strong><span>Por Lucas Schaerer<\/span><\/strong><\/span><\/p>\n","protected":false},"excerpt":{"rendered":"<p>Florencia Penacchi viv\u00eda en Palermo y estudiaba en la UBA. Desde hace cinco a\u00f1os se encuentra desaparecida. Acusan de \u00abpart\u00edcipe y co-responsable al comisario inspector Jorge Cipolla\u00bb. Florencia Penacchi invit\u00f3 a los compa\u00f1eros de trabajo a comer unas pizzas a su casa, en Palermo, donde viv\u00eda con su hermano. Los invitados se fueron a las&hellip;<\/p>\n","protected":false},"author":1,"featured_media":0,"comment_status":"open","ping_status":"open","sticky":false,"template":"","format":"standard","meta":{"footnotes":""},"categories":[6],"tags":[3812,175,157,3813,2399,502,315],"class_list":["post-7654","post","type-post","status-publish","format-standard","hentry","category-denuncias","tag-comisario-inspector-jorge-cipolla","tag-denuncia","tag-familiares","tag-fiscal-marcelo-retes","tag-florencia-penacchi","tag-policia-federal-argentina","tag-trata-de-personas"],"_links":{"self":[{"href":"https:\/\/www.elsindical.com.ar\/notas\/wp-json\/wp\/v2\/posts\/7654","targetHints":{"allow":["GET"]}}],"collection":[{"href":"https:\/\/www.elsindical.com.ar\/notas\/wp-json\/wp\/v2\/posts"}],"about":[{"href":"https:\/\/www.elsindical.com.ar\/notas\/wp-json\/wp\/v2\/types\/post"}],"author":[{"embeddable":true,"href":"https:\/\/www.elsindical.com.ar\/notas\/wp-json\/wp\/v2\/users\/1"}],"replies":[{"embeddable":true,"href":"https:\/\/www.elsindical.com.ar\/notas\/wp-json\/wp\/v2\/comments?post=7654"}],"version-history":[{"count":1,"href":"https:\/\/www.elsindical.com.ar\/notas\/wp-json\/wp\/v2\/posts\/7654\/revisions"}],"predecessor-version":[{"id":7656,"href":"https:\/\/www.elsindical.com.ar\/notas\/wp-json\/wp\/v2\/posts\/7654\/revisions\/7656"}],"wp:attachment":[{"href":"https:\/\/www.elsindical.com.ar\/notas\/wp-json\/wp\/v2\/media?parent=7654"}],"wp:term":[{"taxonomy":"category","embeddable":true,"href":"https:\/\/www.elsindical.com.ar\/notas\/wp-json\/wp\/v2\/categories?post=7654"},{"taxonomy":"post_tag","embeddable":true,"href":"https:\/\/www.elsindical.com.ar\/notas\/wp-json\/wp\/v2\/tags?post=7654"}],"curies":[{"name":"wp","href":"https:\/\/api.w.org\/{rel}","templated":true}]}}