{"id":76526,"date":"2018-03-05T11:54:19","date_gmt":"2018-03-05T14:54:19","guid":{"rendered":"http:\/\/www.elsindical.com.ar\/notas\/?p=76526"},"modified":"2018-03-05T11:54:19","modified_gmt":"2018-03-05T14:54:19","slug":"hoy-termina-la-intencion-del-somu","status":"publish","type":"post","link":"https:\/\/www.elsindical.com.ar\/notas\/hoy-termina-la-intencion-del-somu\/","title":{"rendered":"Hoy termina la intenci\u00f3n del SOMU"},"content":{"rendered":"<div>\u00a0 <a href=\"http:\/\/www.elsindical.com.ar\/notas\/var\/www\/html\/notas\/wp-content\/uploads\/2017\/10\/SOMU-elecciones.jpg\"><img loading=\"lazy\" decoding=\"async\" class=\"alignnone size-medium wp-image-73381\" src=\"http:\/\/www.elsindical.com.ar\/notas\/var\/www\/html\/notas\/wp-content\/uploads\/2017\/10\/SOMU-elecciones-300x199.jpg\" alt=\"\" width=\"300\" height=\"199\" srcset=\"https:\/\/www.elsindical.com.ar\/notas\/var\/www\/html\/notas\/wp-content\/uploads\/2017\/10\/SOMU-elecciones-300x199.jpg 300w, https:\/\/www.elsindical.com.ar\/notas\/var\/www\/html\/notas\/wp-content\/uploads\/2017\/10\/SOMU-elecciones-453x300.jpg 453w, https:\/\/www.elsindical.com.ar\/notas\/var\/www\/html\/notas\/wp-content\/uploads\/2017\/10\/SOMU-elecciones.jpg 620w\" sizes=\"auto, (max-width: 300px) 100vw, 300px\" \/><\/a>La intervenci\u00f3n judicial que sufriera el S.O.M.U (Sindicato de Obreros Maritimos Unidos), durante 2 a\u00f1os, <strong>se normalizar\u00e1<\/strong> <strong>hoy cuando se realice el levantamiento definitivo de la intervenci\u00f3n judicial<\/strong>, que se producir\u00e1 en una audiencia en el juzgado Criminal Correccional y Federal n\u00famero 6, secretar\u00eda 11, a cargo del juez Can\u00edcoba Corral, en presencia de los 11 secretarios nacionales.<\/p>\n<p>El gremio de mar\u00edtimos fue intervenido judicialmente por el Juez Canicoba Corral el 18 de febrero del 2016, el cual dej\u00f3 aproximadamente 4500 mar\u00edtimos desocupados y sin cobertura m\u00e9dica, sumada a la perdida de la vida institucional y sindical.<\/p>\n<p>Despu\u00e9s de las elecciones llevadas a cabo el 22 de diciembre del 2017, que dieran como victoriosa a la LISTA 18 VERDE FEDERAL, encabezada por Raul Durdos como secretario General y Daniel Mereles, como secretrario adjunto, se dio comienzo a un gremio de lucha sindical, conducido por trabajadores para los trabajadores.\n<\/p><\/div>\n<div><strong>Comisi\u00f3n Directiva SOMU<\/strong><\/div>\n<div>\n<strong>Contacto para notas<\/strong><br \/>\n1163353454.<br \/>\nClaudia Palavecino.<\/div>\n<div><\/div>\n<div><a href=\"http:\/\/www.elsindical.com.ar\/notas\/var\/www\/html\/notas\/wp-content\/uploads\/2018\/03\/Durdos-Mereles.jpg\"><img loading=\"lazy\" decoding=\"async\" class=\"alignnone size-medium wp-image-76527\" src=\"http:\/\/www.elsindical.com.ar\/notas\/var\/www\/html\/notas\/wp-content\/uploads\/2018\/03\/Durdos-Mereles-200x300.jpg\" alt=\"\" width=\"200\" height=\"300\" srcset=\"https:\/\/www.elsindical.com.ar\/notas\/var\/www\/html\/notas\/wp-content\/uploads\/2018\/03\/Durdos-Mereles-200x300.jpg 200w, https:\/\/www.elsindical.com.ar\/notas\/var\/www\/html\/notas\/wp-content\/uploads\/2018\/03\/Durdos-Mereles.jpg 400w\" sizes=\"auto, (max-width: 200px) 100vw, 200px\" \/><\/a><\/div>\n","protected":false},"excerpt":{"rendered":"<p>\u00a0 La intervenci\u00f3n judicial que sufriera el S.O.M.U (Sindicato de Obreros Maritimos Unidos), durante 2 a\u00f1os, se normalizar\u00e1 hoy cuando se realice el levantamiento definitivo de la intervenci\u00f3n judicial, que se producir\u00e1 en una audiencia en el juzgado Criminal Correccional y Federal n\u00famero 6, secretar\u00eda 11, a cargo del juez Can\u00edcoba Corral, en presencia de&hellip;<\/p>\n","protected":false},"author":1,"featured_media":73381,"comment_status":"open","ping_status":"open","sticky":false,"template":"","format":"standard","meta":{"footnotes":""},"categories":[16],"tags":[28366,158,28365,3219],"class_list":["post-76526","post","type-post","status-publish","format-standard","has-post-thumbnail","hentry","category-gremiales","tag-dani-mereles","tag-intervencion","tag-ruli-durdos","tag-somu"],"_links":{"self":[{"href":"https:\/\/www.elsindical.com.ar\/notas\/wp-json\/wp\/v2\/posts\/76526","targetHints":{"allow":["GET"]}}],"collection":[{"href":"https:\/\/www.elsindical.com.ar\/notas\/wp-json\/wp\/v2\/posts"}],"about":[{"href":"https:\/\/www.elsindical.com.ar\/notas\/wp-json\/wp\/v2\/types\/post"}],"author":[{"embeddable":true,"href":"https:\/\/www.elsindical.com.ar\/notas\/wp-json\/wp\/v2\/users\/1"}],"replies":[{"embeddable":true,"href":"https:\/\/www.elsindical.com.ar\/notas\/wp-json\/wp\/v2\/comments?post=76526"}],"version-history":[{"count":1,"href":"https:\/\/www.elsindical.com.ar\/notas\/wp-json\/wp\/v2\/posts\/76526\/revisions"}],"predecessor-version":[{"id":76528,"href":"https:\/\/www.elsindical.com.ar\/notas\/wp-json\/wp\/v2\/posts\/76526\/revisions\/76528"}],"wp:featuredmedia":[{"embeddable":true,"href":"https:\/\/www.elsindical.com.ar\/notas\/wp-json\/wp\/v2\/media\/73381"}],"wp:attachment":[{"href":"https:\/\/www.elsindical.com.ar\/notas\/wp-json\/wp\/v2\/media?parent=76526"}],"wp:term":[{"taxonomy":"category","embeddable":true,"href":"https:\/\/www.elsindical.com.ar\/notas\/wp-json\/wp\/v2\/categories?post=76526"},{"taxonomy":"post_tag","embeddable":true,"href":"https:\/\/www.elsindical.com.ar\/notas\/wp-json\/wp\/v2\/tags?post=76526"}],"curies":[{"name":"wp","href":"https:\/\/api.w.org\/{rel}","templated":true}]}}