{"id":76523,"date":"2018-03-05T11:14:20","date_gmt":"2018-03-05T14:14:20","guid":{"rendered":"http:\/\/www.elsindical.com.ar\/notas\/?p=76523"},"modified":"2018-03-05T11:14:20","modified_gmt":"2018-03-05T14:14:20","slug":"lanus-asesinan-a-un-joven-en-medio-de-una-pelea","status":"publish","type":"post","link":"https:\/\/www.elsindical.com.ar\/notas\/lanus-asesinan-a-un-joven-en-medio-de-una-pelea\/","title":{"rendered":"Lan\u00fas: Asesinan a un joven en medio de una pelea"},"content":{"rendered":"<p><em>\u00a0 <a href=\"http:\/\/www.elsindical.com.ar\/notas\/var\/www\/html\/notas\/wp-content\/uploads\/2018\/03\/Maximiliano-Sepia.jpg\"><img loading=\"lazy\" decoding=\"async\" class=\"alignnone size-medium wp-image-76524\" src=\"http:\/\/www.elsindical.com.ar\/notas\/var\/www\/html\/notas\/wp-content\/uploads\/2018\/03\/Maximiliano-Sepia-300x208.jpg\" alt=\"\" width=\"300\" height=\"208\" srcset=\"https:\/\/www.elsindical.com.ar\/notas\/var\/www\/html\/notas\/wp-content\/uploads\/2018\/03\/Maximiliano-Sepia-300x208.jpg 300w, https:\/\/www.elsindical.com.ar\/notas\/var\/www\/html\/notas\/wp-content\/uploads\/2018\/03\/Maximiliano-Sepia-433x300.jpg 433w, https:\/\/www.elsindical.com.ar\/notas\/var\/www\/html\/notas\/wp-content\/uploads\/2018\/03\/Maximiliano-Sepia.jpg 640w\" sizes=\"auto, (max-width: 300px) 100vw, 300px\" \/><\/a>Un joven de 22 a\u00f1os fue asesinado de un disparo en el est\u00f3mago, en un confuso homicidio ocurrido el s\u00e1bado por la noche en Villa Barcel\u00f3, Lan\u00fas Este. El agresor escap\u00f3 tras el crimen y permanece pr\u00f3fugo.<\/em><\/p>\n<p>Fuentes oficiales informaron que el hecho ocurri\u00f3 este \u00faltimo s\u00e1bado por la noche frente a una vivienda ubicada en Posadas al 3400, en Villa Barcel\u00f3, en Lan\u00fas Este.<\/p>\n<p>All\u00ed, Maximiliano Sepia, alias Memi, mantuvo una discusi\u00f3n y una breve peleaa golpes de pu\u00f1o con otro joven.<\/p>\n<p>En ese contexto, seg\u00fan un testigo clave del hecho, pas\u00f3 en una moto Tornado roja otro joven quien se detuvo frente a quienes se estaban peleando.<\/p>\n<p>Seg\u00fan las fuentes oficiales, el joven de la moto invit\u00f3 a pelea a Sepia. As\u00ed, comenzaron a golpearse hasta que en un momento, el sujeto que hab\u00eda llegado al lugar extrajo un arma y dispar\u00f3 en dos oportunidades contra su contrincante.<\/p>\n<p>Sepia recibi\u00f3 un balazo en el hombro y otro en el est\u00f3mago. Fue trasladado de urgencia al Hospital Melo de Lan\u00fas pero falleci\u00f3 a poco de ingresar como consecuencia de las heridas de bala.<\/p>\n<p>La causa \u2013 caratulada \u201chomicidio\u201d \u2013 se encuentra en la UFI 3 de Lan\u00fas, a cargo del fiscal Javier Gramajo.<\/p>\n","protected":false},"excerpt":{"rendered":"<p>\u00a0 Un joven de 22 a\u00f1os fue asesinado de un disparo en el est\u00f3mago, en un confuso homicidio ocurrido el s\u00e1bado por la noche en Villa Barcel\u00f3, Lan\u00fas Este. El agresor escap\u00f3 tras el crimen y permanece pr\u00f3fugo. Fuentes oficiales informaron que el hecho ocurri\u00f3 este \u00faltimo s\u00e1bado por la noche frente a una vivienda&hellip;<\/p>\n","protected":false},"author":1,"featured_media":76524,"comment_status":"open","ping_status":"open","sticky":false,"template":"","format":"standard","meta":{"footnotes":""},"categories":[22],"tags":[363,209,28363,28364,18727],"class_list":["post-76523","post","type-post","status-publish","format-standard","has-post-thumbnail","hentry","category-policiales","tag-asesinato","tag-lanus","tag-maximiliano-sepia","tag-memi","tag-villa-barcelo"],"_links":{"self":[{"href":"https:\/\/www.elsindical.com.ar\/notas\/wp-json\/wp\/v2\/posts\/76523","targetHints":{"allow":["GET"]}}],"collection":[{"href":"https:\/\/www.elsindical.com.ar\/notas\/wp-json\/wp\/v2\/posts"}],"about":[{"href":"https:\/\/www.elsindical.com.ar\/notas\/wp-json\/wp\/v2\/types\/post"}],"author":[{"embeddable":true,"href":"https:\/\/www.elsindical.com.ar\/notas\/wp-json\/wp\/v2\/users\/1"}],"replies":[{"embeddable":true,"href":"https:\/\/www.elsindical.com.ar\/notas\/wp-json\/wp\/v2\/comments?post=76523"}],"version-history":[{"count":1,"href":"https:\/\/www.elsindical.com.ar\/notas\/wp-json\/wp\/v2\/posts\/76523\/revisions"}],"predecessor-version":[{"id":76525,"href":"https:\/\/www.elsindical.com.ar\/notas\/wp-json\/wp\/v2\/posts\/76523\/revisions\/76525"}],"wp:featuredmedia":[{"embeddable":true,"href":"https:\/\/www.elsindical.com.ar\/notas\/wp-json\/wp\/v2\/media\/76524"}],"wp:attachment":[{"href":"https:\/\/www.elsindical.com.ar\/notas\/wp-json\/wp\/v2\/media?parent=76523"}],"wp:term":[{"taxonomy":"category","embeddable":true,"href":"https:\/\/www.elsindical.com.ar\/notas\/wp-json\/wp\/v2\/categories?post=76523"},{"taxonomy":"post_tag","embeddable":true,"href":"https:\/\/www.elsindical.com.ar\/notas\/wp-json\/wp\/v2\/tags?post=76523"}],"curies":[{"name":"wp","href":"https:\/\/api.w.org\/{rel}","templated":true}]}}