{"id":76518,"date":"2018-03-05T10:49:07","date_gmt":"2018-03-05T13:49:07","guid":{"rendered":"http:\/\/www.elsindical.com.ar\/notas\/?p=76518"},"modified":"2018-03-05T10:49:07","modified_gmt":"2018-03-05T13:49:07","slug":"avellaneda-inauguraron-reserva-ecologica","status":"publish","type":"post","link":"https:\/\/www.elsindical.com.ar\/notas\/avellaneda-inauguraron-reserva-ecologica\/","title":{"rendered":"Avellaneda: Inauguraron reserva ecol\u00f3gica"},"content":{"rendered":"<p><em>\u00a0 <a href=\"http:\/\/www.elsindical.com.ar\/notas\/var\/www\/html\/notas\/wp-content\/uploads\/2018\/03\/Eco-\u00e1rea-Avellaneda.jpg\"><img loading=\"lazy\" decoding=\"async\" class=\"alignnone size-medium wp-image-76521\" src=\"http:\/\/www.elsindical.com.ar\/notas\/var\/www\/html\/notas\/wp-content\/uploads\/2018\/03\/Eco-\u00e1rea-Avellaneda-300x188.jpg\" alt=\"\" width=\"300\" height=\"188\" srcset=\"https:\/\/www.elsindical.com.ar\/notas\/var\/www\/html\/notas\/wp-content\/uploads\/2018\/03\/Eco-\u00e1rea-Avellaneda-300x188.jpg 300w, https:\/\/www.elsindical.com.ar\/notas\/var\/www\/html\/notas\/wp-content\/uploads\/2018\/03\/Eco-\u00e1rea-Avellaneda-480x300.jpg 480w, https:\/\/www.elsindical.com.ar\/notas\/var\/www\/html\/notas\/wp-content\/uploads\/2018\/03\/Eco-\u00e1rea-Avellaneda.jpg 640w\" sizes=\"auto, (max-width: 300px) 100vw, 300px\" \/><\/a>Se trata de uno de los predios de la costa ribere\u00f1a que re\u00fane la mayor biodiversidad de la provincia de Buenos Aires. Habr\u00e1 visitas guiadas de jueves a domingo.<\/em><\/p>\n<p>M\u00e1s de 180 de especies de aves, 30 de lib\u00e9lulas, 10 de anfibios junto a una flora variada conviven con lagartos, tortugas y v\u00edboras en la reserva natural de Avellaneda que fue inaugurada este fin de semana. Se trata de uno de los predios de la costa ribere\u00f1a que re\u00fane la mayor biodiversidad de la provincia de Buenos Aires.<\/p>\n<p>Las primeras 55 de un total de 140 hect\u00e1reas de la reserva que une las localidades de Sarand\u00ed y Villa Dom\u00ednico podr\u00e1n visitarse a trav\u00e9s de una pasarela construida de unos 1200 metros que atraviesa la vegetaci\u00f3n de un lugar que hasta hace unas d\u00e9cadas integraba una zona de quintas frutihort\u00edcolas y vi\u00f1edos que visitaban los vecinos.<\/p>\n<p>Con el paso del tiempo, varios de los habitantes de las fincas abandonaron el lugar, la vegetaci\u00f3n fue creciendo y el Municipio compr\u00f3 a los vecinos las hect\u00e1reas restantes para llevar a cabo \u201cuna de las obras de recuperaci\u00f3n, saneamiento y desarrollo sustentable m\u00e1s importante en la historia de la ciudad\u201d, indicaron desde la Municipalidad.<\/p>\n<p>Tras la apertura, el intendente Jorge Ferraresi anunci\u00f3 que esta semana se licitar\u00e1 \u201cla segunda etapa, para ampliar las pasarelas y llegar al r\u00edo y a la playa\u201d. Tambi\u00e9n confirm\u00f3 que habr\u00e1 visitas guiadas de jueves a domingo.<\/p>\n<p><a href=\"http:\/\/www.elsindical.com.ar\/notas\/var\/www\/html\/notas\/wp-content\/uploads\/2018\/03\/Eco-\u00e1rea-Avellaneda-2.jpg\"><img loading=\"lazy\" decoding=\"async\" class=\"alignnone size-medium wp-image-76520\" src=\"http:\/\/www.elsindical.com.ar\/notas\/var\/www\/html\/notas\/wp-content\/uploads\/2018\/03\/Eco-\u00e1rea-Avellaneda-2-300x212.jpg\" alt=\"\" width=\"300\" height=\"212\" srcset=\"https:\/\/www.elsindical.com.ar\/notas\/var\/www\/html\/notas\/wp-content\/uploads\/2018\/03\/Eco-\u00e1rea-Avellaneda-2-300x212.jpg 300w, https:\/\/www.elsindical.com.ar\/notas\/var\/www\/html\/notas\/wp-content\/uploads\/2018\/03\/Eco-\u00e1rea-Avellaneda-2-768x542.jpg 768w, https:\/\/www.elsindical.com.ar\/notas\/var\/www\/html\/notas\/wp-content\/uploads\/2018\/03\/Eco-\u00e1rea-Avellaneda-2-425x300.jpg 425w, https:\/\/www.elsindical.com.ar\/notas\/var\/www\/html\/notas\/wp-content\/uploads\/2018\/03\/Eco-\u00e1rea-Avellaneda-2.jpg 960w\" sizes=\"auto, (max-width: 300px) 100vw, 300px\" \/><\/a> <a href=\"http:\/\/www.elsindical.com.ar\/notas\/var\/www\/html\/notas\/wp-content\/uploads\/2018\/03\/Eco-\u00e1rea-Avellaneda-3.jpg\"><img loading=\"lazy\" decoding=\"async\" class=\"alignnone size-medium wp-image-76519\" src=\"http:\/\/www.elsindical.com.ar\/notas\/var\/www\/html\/notas\/wp-content\/uploads\/2018\/03\/Eco-\u00e1rea-Avellaneda-3-300x214.jpg\" alt=\"\" width=\"300\" height=\"214\" srcset=\"https:\/\/www.elsindical.com.ar\/notas\/var\/www\/html\/notas\/wp-content\/uploads\/2018\/03\/Eco-\u00e1rea-Avellaneda-3-300x214.jpg 300w, https:\/\/www.elsindical.com.ar\/notas\/var\/www\/html\/notas\/wp-content\/uploads\/2018\/03\/Eco-\u00e1rea-Avellaneda-3-768x548.jpg 768w, https:\/\/www.elsindical.com.ar\/notas\/var\/www\/html\/notas\/wp-content\/uploads\/2018\/03\/Eco-\u00e1rea-Avellaneda-3-420x300.jpg 420w, https:\/\/www.elsindical.com.ar\/notas\/var\/www\/html\/notas\/wp-content\/uploads\/2018\/03\/Eco-\u00e1rea-Avellaneda-3.jpg 960w\" sizes=\"auto, (max-width: 300px) 100vw, 300px\" \/><\/a><\/p>\n","protected":false},"excerpt":{"rendered":"<p>\u00a0 Se trata de uno de los predios de la costa ribere\u00f1a que re\u00fane la mayor biodiversidad de la provincia de Buenos Aires. Habr\u00e1 visitas guiadas de jueves a domingo. M\u00e1s de 180 de especies de aves, 30 de lib\u00e9lulas, 10 de anfibios junto a una flora variada conviven con lagartos, tortugas y v\u00edboras en&hellip;<\/p>\n","protected":false},"author":1,"featured_media":76521,"comment_status":"open","ping_status":"open","sticky":false,"template":"","format":"standard","meta":{"footnotes":""},"categories":[13],"tags":[461,6275,28362,2330,2372],"class_list":["post-76518","post","type-post","status-publish","format-standard","has-post-thumbnail","hentry","category-politica","tag-avellaneda","tag-intendente-jorge-ferraresi","tag-reserva","tag-sarandi","tag-villa-dominico"],"_links":{"self":[{"href":"https:\/\/www.elsindical.com.ar\/notas\/wp-json\/wp\/v2\/posts\/76518","targetHints":{"allow":["GET"]}}],"collection":[{"href":"https:\/\/www.elsindical.com.ar\/notas\/wp-json\/wp\/v2\/posts"}],"about":[{"href":"https:\/\/www.elsindical.com.ar\/notas\/wp-json\/wp\/v2\/types\/post"}],"author":[{"embeddable":true,"href":"https:\/\/www.elsindical.com.ar\/notas\/wp-json\/wp\/v2\/users\/1"}],"replies":[{"embeddable":true,"href":"https:\/\/www.elsindical.com.ar\/notas\/wp-json\/wp\/v2\/comments?post=76518"}],"version-history":[{"count":1,"href":"https:\/\/www.elsindical.com.ar\/notas\/wp-json\/wp\/v2\/posts\/76518\/revisions"}],"predecessor-version":[{"id":76522,"href":"https:\/\/www.elsindical.com.ar\/notas\/wp-json\/wp\/v2\/posts\/76518\/revisions\/76522"}],"wp:featuredmedia":[{"embeddable":true,"href":"https:\/\/www.elsindical.com.ar\/notas\/wp-json\/wp\/v2\/media\/76521"}],"wp:attachment":[{"href":"https:\/\/www.elsindical.com.ar\/notas\/wp-json\/wp\/v2\/media?parent=76518"}],"wp:term":[{"taxonomy":"category","embeddable":true,"href":"https:\/\/www.elsindical.com.ar\/notas\/wp-json\/wp\/v2\/categories?post=76518"},{"taxonomy":"post_tag","embeddable":true,"href":"https:\/\/www.elsindical.com.ar\/notas\/wp-json\/wp\/v2\/tags?post=76518"}],"curies":[{"name":"wp","href":"https:\/\/api.w.org\/{rel}","templated":true}]}}