{"id":76516,"date":"2018-03-05T10:37:47","date_gmt":"2018-03-05T13:37:47","guid":{"rendered":"http:\/\/www.elsindical.com.ar\/notas\/?p=76516"},"modified":"2018-03-05T10:37:47","modified_gmt":"2018-03-05T13:37:47","slug":"garavano-sobre-la-reforma-del-codigo-penal-nuestro-pais-esta-desequilibrado","status":"publish","type":"post","link":"https:\/\/www.elsindical.com.ar\/notas\/garavano-sobre-la-reforma-del-codigo-penal-nuestro-pais-esta-desequilibrado\/","title":{"rendered":"Garavano, sobre la reforma del C\u00f3digo Penal: \u00abNuestro pa\u00eds est\u00e1 desequilibrado\u00bb"},"content":{"rendered":"<p><em><span class=\"text description col-xs-8 col-lg-9\">\u00a0<a href=\"http:\/\/www.elsindical.com.ar\/notas\/var\/www\/html\/notas\/wp-content\/uploads\/2013\/06\/Dr.-Germ\u00e1n-Garavano.jpg\"><img loading=\"lazy\" decoding=\"async\" class=\"alignnone size-medium wp-image-35251\" src=\"http:\/\/www.elsindical.com.ar\/notas\/var\/www\/html\/notas\/wp-content\/uploads\/2013\/06\/Dr.-Germ\u00e1n-Garavano-300x258.jpg\" alt=\"\" width=\"300\" height=\"258\" srcset=\"https:\/\/www.elsindical.com.ar\/notas\/var\/www\/html\/notas\/wp-content\/uploads\/2013\/06\/Dr.-Germ\u00e1n-Garavano-300x258.jpg 300w, https:\/\/www.elsindical.com.ar\/notas\/var\/www\/html\/notas\/wp-content\/uploads\/2013\/06\/Dr.-Germ\u00e1n-Garavano-348x300.jpg 348w, https:\/\/www.elsindical.com.ar\/notas\/var\/www\/html\/notas\/wp-content\/uploads\/2013\/06\/Dr.-Germ\u00e1n-Garavano.jpg 443w\" sizes=\"auto, (max-width: 300px) 100vw, 300px\" \/><\/a> El ministro de Justicia del Gobierno de Mauricio Macri adelant\u00f3 que con la reforma del C\u00f3digo Penal se plantear\u00e1n penas m\u00e1s duras para los casos de corrupci\u00f3n.<\/span><\/em><\/p>\n<p>Germ\u00e1n Garavano, Ministro de Justicia de la Naci\u00f3n, habl\u00f3 sobre algunos de los principales lineamientos trazados para proceder a la reforma del C\u00f3digo Procesal Penal Federal y asegur\u00f3 que habr\u00e1 penas m\u00e1s severas para aquellos funcionarios que cometan hechos de corrupci\u00f3n durante su gesti\u00f3n.<\/p>\n<p>\u00abLo que se busca con este c\u00f3digo que est\u00e1 trabajando una comisi\u00f3n de expertos hace un a\u00f1o es mucho m\u00e1s equilibrio, algo homog\u00e9neo, un sistema que nos permita a los argentinos vivir en una sociedad m\u00e1s pac\u00edfica y justa\u00bb, dijo Garavano en di\u00e1logo con una emisora radial.<\/p>\n<p>El ministerio de Justicia del Gobierno de Mauricio Macri asegur\u00f3 as\u00ed mismo que \u00abnuestro pa\u00eds est\u00e1 desequilibrado\u00bb en materia de procesos penales y remarc\u00f3 que, a modo de ejemplo, la reforma plantear\u00e1 \u00abpenas m\u00e1s altas para los delitos de corrupci\u00f3n\u00bb.<\/p>\n","protected":false},"excerpt":{"rendered":"<p>\u00a0 El ministro de Justicia del Gobierno de Mauricio Macri adelant\u00f3 que con la reforma del C\u00f3digo Penal se plantear\u00e1n penas m\u00e1s duras para los casos de corrupci\u00f3n. Germ\u00e1n Garavano, Ministro de Justicia de la Naci\u00f3n, habl\u00f3 sobre algunos de los principales lineamientos trazados para proceder a la reforma del C\u00f3digo Procesal Penal Federal y&hellip;<\/p>\n","protected":false},"author":1,"featured_media":35251,"comment_status":"open","ping_status":"open","sticky":false,"template":"","format":"standard","meta":{"footnotes":""},"categories":[13],"tags":[4787,1451,892,23484,3624,11126],"class_list":["post-76516","post","type-post","status-publish","format-standard","has-post-thumbnail","hentry","category-politica","tag-codigo-penal","tag-corrupcion","tag-delitos","tag-german-garavano","tag-penas","tag-reforma"],"_links":{"self":[{"href":"https:\/\/www.elsindical.com.ar\/notas\/wp-json\/wp\/v2\/posts\/76516","targetHints":{"allow":["GET"]}}],"collection":[{"href":"https:\/\/www.elsindical.com.ar\/notas\/wp-json\/wp\/v2\/posts"}],"about":[{"href":"https:\/\/www.elsindical.com.ar\/notas\/wp-json\/wp\/v2\/types\/post"}],"author":[{"embeddable":true,"href":"https:\/\/www.elsindical.com.ar\/notas\/wp-json\/wp\/v2\/users\/1"}],"replies":[{"embeddable":true,"href":"https:\/\/www.elsindical.com.ar\/notas\/wp-json\/wp\/v2\/comments?post=76516"}],"version-history":[{"count":1,"href":"https:\/\/www.elsindical.com.ar\/notas\/wp-json\/wp\/v2\/posts\/76516\/revisions"}],"predecessor-version":[{"id":76517,"href":"https:\/\/www.elsindical.com.ar\/notas\/wp-json\/wp\/v2\/posts\/76516\/revisions\/76517"}],"wp:featuredmedia":[{"embeddable":true,"href":"https:\/\/www.elsindical.com.ar\/notas\/wp-json\/wp\/v2\/media\/35251"}],"wp:attachment":[{"href":"https:\/\/www.elsindical.com.ar\/notas\/wp-json\/wp\/v2\/media?parent=76516"}],"wp:term":[{"taxonomy":"category","embeddable":true,"href":"https:\/\/www.elsindical.com.ar\/notas\/wp-json\/wp\/v2\/categories?post=76516"},{"taxonomy":"post_tag","embeddable":true,"href":"https:\/\/www.elsindical.com.ar\/notas\/wp-json\/wp\/v2\/tags?post=76516"}],"curies":[{"name":"wp","href":"https:\/\/api.w.org\/{rel}","templated":true}]}}