{"id":76499,"date":"2018-03-03T20:31:48","date_gmt":"2018-03-03T23:31:48","guid":{"rendered":"http:\/\/www.elsindical.com.ar\/notas\/?p=76499"},"modified":"2018-03-03T20:31:48","modified_gmt":"2018-03-03T23:31:48","slug":"titular-de-madres-victimas-de-trata-sera-reconocida-en-italia","status":"publish","type":"post","link":"https:\/\/www.elsindical.com.ar\/notas\/titular-de-madres-victimas-de-trata-sera-reconocida-en-italia\/","title":{"rendered":"Titular de \u201cMadres v\u00edctimas de Trata\u201d ser\u00e1 reconocida en Italia"},"content":{"rendered":"<p><em>\u00a0 <a href=\"http:\/\/www.elsindical.com.ar\/notas\/var\/www\/html\/notas\/wp-content\/uploads\/2018\/03\/Margarita-Meira.jpg\"><img loading=\"lazy\" decoding=\"async\" class=\"alignnone size-medium wp-image-76500\" src=\"http:\/\/www.elsindical.com.ar\/notas\/var\/www\/html\/notas\/wp-content\/uploads\/2018\/03\/Margarita-Meira-300x188.jpg\" alt=\"\" width=\"300\" height=\"188\" srcset=\"https:\/\/www.elsindical.com.ar\/notas\/var\/www\/html\/notas\/wp-content\/uploads\/2018\/03\/Margarita-Meira-300x188.jpg 300w, https:\/\/www.elsindical.com.ar\/notas\/var\/www\/html\/notas\/wp-content\/uploads\/2018\/03\/Margarita-Meira-480x300.jpg 480w, https:\/\/www.elsindical.com.ar\/notas\/var\/www\/html\/notas\/wp-content\/uploads\/2018\/03\/Margarita-Meira.jpg 640w\" sizes=\"auto, (max-width: 300px) 100vw, 300px\" \/><\/a>Margarita Meira fue postulada al premio del Consejo Regional del Valle de Aosta, junto a otras dos referentes internacionales que luchan por la protecci\u00f3n de los Derechos Humanos de las mujeres. \u201cNo puede ser que por una lucha tan dura como es la trata nos den un premio afuera y ac\u00e1 ni nos saludan\u201d, apunt\u00f3.<\/em><\/p>\n<p>Una lucha de 27 a\u00f1os. En la misma se suman el dolor por la p\u00e9rdida de su hija y la pelea por salvar a tantas otras mujeres que hoy son v\u00edctimas de la trata de personas en Argentina. Por todo eso es que Margarita Meira, presidenta de la organizaci\u00f3n Madres V\u00edctimas de Trata, ser\u00e1 reconocida en Italia. El premio \u201cLa Donna dell&#8217;Anno\u201d (La Mujer del A\u00f1o) ser\u00e1 entregado por el Consejo Regional del Valle de Aosta dentro de su programa \u201cUniendo Ra\u00edces\u201d y Meira es una de las candidatas. \u201cEs un orgullo, pero un orgullo con dolor\u201d, afirm\u00f3.<\/p>\n<p>Si bien se anunciar\u00e1 a la ganadora del primer premio el 14 de marzo, las tres candidatas ser\u00e1n reconocidas y percibir\u00e1n un monto en euros -20 mil para el primer lugar- para apoyar a sus organizaciones, que est\u00e1n abocadas a garantizar los Derechos Humanos fundamentales de las mujeres.<\/p>\n<p>Adem\u00e1s, se puede votar online entre ellas para la distinci\u00f3n por popularidad. \u201cNunca dimension\u00e9 todo lo que hizo el grupo. Es un orgullo viajar a Italia a recibir este premio en nombre de todas las madres de v\u00edctimas de trata. Soy modista y me quiero hacer ropa para ir, pero no puedo coser porque me tiembla la mano\u201d, cont\u00f3 Meira.<\/p>\n<p>Si bien est\u00e1 citada para participar de las actividades previas a la entrega desde el 11 de marzo, asegur\u00f3 que se quedar\u00e1 en Argentina hasta \u00faltimo momento para participar de la marcha por el 8M, en el marco del D\u00eda Internacional de la Mujer.<\/p>\n<p>El contacto comenz\u00f3 cuando un periodista italiano del diario Rep\u00fablica de Roma se encontr\u00f3 con las Madres en la Plaza de Mayo. A partir de ah\u00ed, se dio difusi\u00f3n a su lucha en distintos medios europeos, que brindan su apoyo a la organizaci\u00f3n.<\/p>\n<p>Su historia. Susana Becket, la hija de Meira, ten\u00eda 17 a\u00f1os cuando desapareci\u00f3 en 1991. Estaba de novia con Luis Olivera, 25 a\u00f1os mayor. El hombre result\u00f3 ser un proxeneta y su propio verdugo. \u201cNo sab\u00eda lo que le pas\u00f3, d\u00f3nde pod\u00eda estar. Pens\u00e9 que iba a volver, pero no sab\u00eda que el tipo estaba en la trata. La encontr\u00e9 un a\u00f1o despu\u00e9s, muerta. Le abrieron el gas mientras dorm\u00eda\u201d, se\u00f1al\u00f3.<\/p>\n<p>La mujer nunca pudo ver preso al asesino de Susana. Cuatro a\u00f1os m\u00e1s tarde, cuando volvi\u00f3 al ruedo a buscar Justicia, se enter\u00f3 de que Olivera pag\u00f3 una coima de 40 mil d\u00f3lares para hacer pasar la muerte de la adolescente como un accidente y hoy \u201csigue suelto, entregando pibas\u201d. Sin embargo, ese fue s\u00f3lo el comienzo.<\/p>\n<p>Fue ah\u00ed cuando la mente de Meira hizo un click y se propuso \u201crescatar pibas de los prost\u00edbulos\u201d, comenzando la lucha contra un flagelo que se lleva a cientos de mujeres cada a\u00f1o.<\/p>\n<p>En 2004 fue cuando arm\u00f3 la organizaci\u00f3n Madres V\u00edctimas de Trata. Otras mujeres, que hab\u00edan visto su pelea en la televisi\u00f3n, se le unieron, y desde entonces lograron rescatar a m\u00e1s de una decena de chicas de prost\u00edbulos de todo el pa\u00eds.<\/p>\n<p>\u201cTuvimos la gran suerte de que la prensa internacional nos diera bolilla, porque la nacional no nos deja hablar\u201d, cuestion\u00f3 Meira. Es que una de sus principales denuncias es \u201cla falta de ayuda por parte del Estado por los v\u00ednculos de los pol\u00edticos con la trata y el proxenetismo\u201d.<\/p>\n<p>\u201cLos pol\u00edticos me mataron a mi hija. Ra\u00fal Martins, que era el jefe de la SIDE, me prometi\u00f3 que me iba a ayudar mientras mi hija estaba secuestrada en Cocodrilo, su propio boliche\u201d, denunci\u00f3.<\/p>\n<p>Por esto, celebr\u00f3 el reconocimiento en Europa. \u201cNo puede ser que por una lucha tan dura como la trata nos den un premio afuera y ac\u00e1 ni nos saluden. Yo ya enterr\u00e9 a mi hija, pero las madres est\u00e1n buscando a sus hijas y sabemos que est\u00e1n en los prost\u00edbulos. Son centros clandestinos de violaciones y torturas seguidas de muerte. Cada chica que desaparece est\u00e1 en un prost\u00edbulo, no se fue con el novio. Y, si as\u00ed fuera, ser\u00eda una fiesta, porque vuelve, pero de lo otro casi nadie vuelve\u201d, sentenci\u00f3.<\/p>\n","protected":false},"excerpt":{"rendered":"<p>\u00a0 Margarita Meira fue postulada al premio del Consejo Regional del Valle de Aosta, junto a otras dos referentes internacionales que luchan por la protecci\u00f3n de los Derechos Humanos de las mujeres. \u201cNo puede ser que por una lucha tan dura como es la trata nos den un premio afuera y ac\u00e1 ni nos saludan\u201d,&hellip;<\/p>\n","protected":false},"author":1,"featured_media":0,"comment_status":"open","ping_status":"open","sticky":false,"template":"","format":"standard","meta":{"footnotes":""},"categories":[24],"tags":[1005,28357,28359,28356,6633,59,2287,28358],"class_list":["post-76499","post","type-post","status-publish","format-standard","hentry","category-sociales","tag-italia","tag-la-donna-dell-anno","tag-luis-olivera","tag-madres-victimas-de-trata","tag-margarita-meira","tag-mujeres","tag-reconocimiento","tag-susana-becket"],"_links":{"self":[{"href":"https:\/\/www.elsindical.com.ar\/notas\/wp-json\/wp\/v2\/posts\/76499","targetHints":{"allow":["GET"]}}],"collection":[{"href":"https:\/\/www.elsindical.com.ar\/notas\/wp-json\/wp\/v2\/posts"}],"about":[{"href":"https:\/\/www.elsindical.com.ar\/notas\/wp-json\/wp\/v2\/types\/post"}],"author":[{"embeddable":true,"href":"https:\/\/www.elsindical.com.ar\/notas\/wp-json\/wp\/v2\/users\/1"}],"replies":[{"embeddable":true,"href":"https:\/\/www.elsindical.com.ar\/notas\/wp-json\/wp\/v2\/comments?post=76499"}],"version-history":[{"count":1,"href":"https:\/\/www.elsindical.com.ar\/notas\/wp-json\/wp\/v2\/posts\/76499\/revisions"}],"predecessor-version":[{"id":76501,"href":"https:\/\/www.elsindical.com.ar\/notas\/wp-json\/wp\/v2\/posts\/76499\/revisions\/76501"}],"wp:attachment":[{"href":"https:\/\/www.elsindical.com.ar\/notas\/wp-json\/wp\/v2\/media?parent=76499"}],"wp:term":[{"taxonomy":"category","embeddable":true,"href":"https:\/\/www.elsindical.com.ar\/notas\/wp-json\/wp\/v2\/categories?post=76499"},{"taxonomy":"post_tag","embeddable":true,"href":"https:\/\/www.elsindical.com.ar\/notas\/wp-json\/wp\/v2\/tags?post=76499"}],"curies":[{"name":"wp","href":"https:\/\/api.w.org\/{rel}","templated":true}]}}