{"id":76491,"date":"2018-03-03T20:08:43","date_gmt":"2018-03-03T23:08:43","guid":{"rendered":"http:\/\/www.elsindical.com.ar\/notas\/?p=76491"},"modified":"2018-03-03T20:08:43","modified_gmt":"2018-03-03T23:08:43","slug":"universidades-de-todo-el-pais-se-capacitaron-en-becas-progresar","status":"publish","type":"post","link":"https:\/\/www.elsindical.com.ar\/notas\/universidades-de-todo-el-pais-se-capacitaron-en-becas-progresar\/","title":{"rendered":"Universidades de todo el pa\u00eds se capacitaron en Becas Progresar"},"content":{"rendered":"<div><span class=\"font-line-height-xl\"><a href=\"http:\/\/www.elsindical.com.ar\/notas\/var\/www\/html\/notas\/wp-content\/uploads\/2018\/03\/comunicado-de-prensa-Ministerio-de-Educaci\u00f3n.png\"><img loading=\"lazy\" decoding=\"async\" class=\"alignnone size-medium wp-image-76492\" src=\"http:\/\/www.elsindical.com.ar\/notas\/var\/www\/html\/notas\/wp-content\/uploads\/2018\/03\/comunicado-de-prensa-Ministerio-de-Educaci\u00f3n-300x62.png\" alt=\"\" width=\"300\" height=\"62\" srcset=\"https:\/\/www.elsindical.com.ar\/notas\/var\/www\/html\/notas\/wp-content\/uploads\/2018\/03\/comunicado-de-prensa-Ministerio-de-Educaci\u00f3n-300x62.png 300w, https:\/\/www.elsindical.com.ar\/notas\/var\/www\/html\/notas\/wp-content\/uploads\/2018\/03\/comunicado-de-prensa-Ministerio-de-Educaci\u00f3n-500x104.png 500w, https:\/\/www.elsindical.com.ar\/notas\/var\/www\/html\/notas\/wp-content\/uploads\/2018\/03\/comunicado-de-prensa-Ministerio-de-Educaci\u00f3n.png 650w\" sizes=\"auto, (max-width: 300px) 100vw, 300px\" \/><\/a>\u00a0 Los referentes de becas y secretarios de Bienestar de las Universidades Nacionales del norte al sur de nuestro pa\u00eds, realizaron talleres de capacitaci\u00f3n en Becas Progresar en el Ministerio de Educaci\u00f3n de la Naci\u00f3n, con el fin de lograr dar a todos los postulantes la mejor calidad en la informaci\u00f3n que necesitan para inscribirse y participar del Programa de Becas. De esta forma pasan a ser los referentes en cada universidad para evacuar dudas y facilitar la inscripci\u00f3n de los potenciales becarios.<\/span><\/div>\n<div><\/div>\n<div><span class=\"font-line-height-xl\">Se hizo hincapi\u00e9 en toda la informaci\u00f3n ofrecida desde la p\u00e1gina web del Ministerio de Educaci\u00f3n de la Naci\u00f3n en donde se explican en detalle las normativas vigentes y obligaciones que los alumnos deben leer y aceptar al momento de crear un usuario y postularse a la carrera deseada. Esto permite que los estudiantes puedan entender en detalle los requisitos, beneficios, montos y premios que tendr\u00e1n adjudicados en el caso de salir beneficiados con la beca.<\/span><\/div>\n<div><\/div>\n<div><span class=\"font-line-height-xl\">En la capacitaci\u00f3n con participaci\u00f3n activa de los referentes universitarios se expusieron los diferentes escenarios con los que se puede encontrar un postulante, tanto en el momento del proceso de inscripci\u00f3n como para aquellos estudiantes que ya son avanzados dentro de su carrera. As\u00ed mismo hubo un espacio de consultas de parte de los referentes universitarios y secretarios sobre casos excepcionales. Esto permiti\u00f3 que se expongan en com\u00fan diferentes contextos a los que ahora ellos podr\u00e1n dar respuesta desde cada Universidad.<\/span><\/div>\n<div><\/div>\n<div><span class=\"font-line-height-xl\">En los talleres se comparti\u00f3 toda la informaci\u00f3n pertinente al sistema que permite vincular al Ministerio de Educaci\u00f3n \u00a0con la informaci\u00f3n de cada alumno a trav\u00e9s de las universidades mediante la carga de datos inform\u00e1ticos. Este sistema permite ver los datos de cada alumno, as\u00ed como cargar la certificaci\u00f3n acad\u00e9mica, proveer al postulante el usuario para que se pueda registrar en la plataforma, entre otros beneficios que otorga el sistema que podr\u00e1n facilitar el trabajo a nivel nacional. <\/span><\/div>\n<div><\/div>\n<div><span class=\"font-line-height-xl\">Adem\u00e1s del beneficio de \u201cpoder estar en contacto cercano con cada universidad, y de ese modo cada universidad con cada \u00a0estudiante que se postule a las becas, gener\u00f3 un encuentro de total franqueza e intercambio de informaci\u00f3n respecto a las realidades que se dan en el marco de cada universidad, esto fortalece el trabajo en conjunto y posibilita mejorar cada d\u00eda una mayor inclusi\u00f3n educativa en nuestro pa\u00eds\u201d, coment\u00f3 Carla Robiani Directora Nacional de Becas.<\/span><\/div>\n<div><\/div>\n","protected":false},"excerpt":{"rendered":"<p>\u00a0 Los referentes de becas y secretarios de Bienestar de las Universidades Nacionales del norte al sur de nuestro pa\u00eds, realizaron talleres de capacitaci\u00f3n en Becas Progresar en el Ministerio de Educaci\u00f3n de la Naci\u00f3n, con el fin de lograr dar a todos los postulantes la mejor calidad en la informaci\u00f3n que necesitan para inscribirse&hellip;<\/p>\n","protected":false},"author":1,"featured_media":76492,"comment_status":"open","ping_status":"open","sticky":false,"template":"","format":"standard","meta":{"footnotes":""},"categories":[5],"tags":[23404,7659,10267,28353],"class_list":["post-76491","post","type-post","status-publish","format-standard","has-post-thumbnail","hentry","category-cultura","tag-becas","tag-capacitacion-2","tag-ministerio-de-educacion-de-la-nacion","tag-universidades-nacionales"],"_links":{"self":[{"href":"https:\/\/www.elsindical.com.ar\/notas\/wp-json\/wp\/v2\/posts\/76491","targetHints":{"allow":["GET"]}}],"collection":[{"href":"https:\/\/www.elsindical.com.ar\/notas\/wp-json\/wp\/v2\/posts"}],"about":[{"href":"https:\/\/www.elsindical.com.ar\/notas\/wp-json\/wp\/v2\/types\/post"}],"author":[{"embeddable":true,"href":"https:\/\/www.elsindical.com.ar\/notas\/wp-json\/wp\/v2\/users\/1"}],"replies":[{"embeddable":true,"href":"https:\/\/www.elsindical.com.ar\/notas\/wp-json\/wp\/v2\/comments?post=76491"}],"version-history":[{"count":1,"href":"https:\/\/www.elsindical.com.ar\/notas\/wp-json\/wp\/v2\/posts\/76491\/revisions"}],"predecessor-version":[{"id":76493,"href":"https:\/\/www.elsindical.com.ar\/notas\/wp-json\/wp\/v2\/posts\/76491\/revisions\/76493"}],"wp:featuredmedia":[{"embeddable":true,"href":"https:\/\/www.elsindical.com.ar\/notas\/wp-json\/wp\/v2\/media\/76492"}],"wp:attachment":[{"href":"https:\/\/www.elsindical.com.ar\/notas\/wp-json\/wp\/v2\/media?parent=76491"}],"wp:term":[{"taxonomy":"category","embeddable":true,"href":"https:\/\/www.elsindical.com.ar\/notas\/wp-json\/wp\/v2\/categories?post=76491"},{"taxonomy":"post_tag","embeddable":true,"href":"https:\/\/www.elsindical.com.ar\/notas\/wp-json\/wp\/v2\/tags?post=76491"}],"curies":[{"name":"wp","href":"https:\/\/api.w.org\/{rel}","templated":true}]}}