{"id":76473,"date":"2018-03-02T10:19:11","date_gmt":"2018-03-02T13:19:11","guid":{"rendered":"http:\/\/www.elsindical.com.ar\/notas\/?p=76473"},"modified":"2018-03-02T10:19:11","modified_gmt":"2018-03-02T13:19:11","slug":"floresta-detienen-a-policia-por-amenazar-a-empleado-de-albergue-transitorio","status":"publish","type":"post","link":"https:\/\/www.elsindical.com.ar\/notas\/floresta-detienen-a-policia-por-amenazar-a-empleado-de-albergue-transitorio\/","title":{"rendered":"Floresta: Detienen a polic\u00eda por amenazar a empleado de Albergue Tr\u00e1nsitorio"},"content":{"rendered":"<p><em><span class=\"text description col-xs-8 col-lg-9\"><a href=\"http:\/\/www.elsindical.com.ar\/notas\/var\/www\/html\/notas\/wp-content\/uploads\/2018\/03\/Mansi\u00f3n-Dor\u00e9e.jpg\"><img loading=\"lazy\" decoding=\"async\" class=\"alignnone size-medium wp-image-76474\" src=\"http:\/\/www.elsindical.com.ar\/notas\/var\/www\/html\/notas\/wp-content\/uploads\/2018\/03\/Mansi\u00f3n-Dor\u00e9e-300x168.jpg\" alt=\"\" width=\"300\" height=\"168\" srcset=\"https:\/\/www.elsindical.com.ar\/notas\/var\/www\/html\/notas\/wp-content\/uploads\/2018\/03\/Mansi\u00f3n-Dor\u00e9e-300x168.jpg 300w, https:\/\/www.elsindical.com.ar\/notas\/var\/www\/html\/notas\/wp-content\/uploads\/2018\/03\/Mansi\u00f3n-Dor\u00e9e-768x431.jpg 768w, https:\/\/www.elsindical.com.ar\/notas\/var\/www\/html\/notas\/wp-content\/uploads\/2018\/03\/Mansi\u00f3n-Dor\u00e9e-1024x575.jpg 1024w, https:\/\/www.elsindical.com.ar\/notas\/var\/www\/html\/notas\/wp-content\/uploads\/2018\/03\/Mansi\u00f3n-Dor\u00e9e-500x281.jpg 500w, https:\/\/www.elsindical.com.ar\/notas\/var\/www\/html\/notas\/wp-content\/uploads\/2018\/03\/Mansi\u00f3n-Dor\u00e9e.jpg 1140w\" sizes=\"auto, (max-width: 300px) 100vw, 300px\" \/><\/a>\u00a0 El oficial se exalt\u00f3 ante la negativa de darle una habitaci\u00f3n para \u00e9l solo en un albergue transitorio. Tuvieron que pedir refuerzos para controlarlo.<\/span><\/em><\/p>\n<p>Un oficial de la<strong> Polic\u00eda de la Ciudad<\/strong> fue <strong>detenido<\/strong> y qued\u00f3 imputado en una causa por <strong>atentado y resistencia a la autoridad<\/strong> luego de protagonizar un esc\u00e1ndalo en un <strong>hotel alojamiento<\/strong> del barrio porte\u00f1o de <strong>Floresta<\/strong>, donde se negaron a darle una habitaci\u00f3n para \u00e9l s\u00f3lo, ya que la mujer que lo acompa\u00f1aba decidi\u00f3 irse al verlo exaltado.<\/p>\n<p>Fuentes policiales informaron que tras su arresto, la Justicia dispuso que el oficial sea sometido a un narcotest, ante la presunci\u00f3n de que estaba bajo los efectos de la <strong>droga<\/strong>.<\/p>\n<p>Voceros vinculados a la investigaci\u00f3n dijeron que el polic\u00eda se encuentra afectado a actuaciones administrativas iniciadas en 2017 en la Oficina de Control Desempe\u00f1o Profesional, por lo que al momento del hecho estaba desarmado.<\/p>\n<p>El hecho sucedi\u00f3 anoche cerca de las 21:00 en el hotel alojamiento Mansi\u00f3n Dor\u00e9e, en Ram\u00f3n Falc\u00f3n 3170.<\/p>\n<p>De acuerdo a lo informado por los voceros, al lugar lleg\u00f3 el oficial 1ro. de la comisar\u00eda 40 Daniel Gardella, a bordo de un auto y con una mujer que, seg\u00fan el due\u00f1o del hotel, ejerce la prostituci\u00f3n en la zona.<\/p>\n<p>Las fuentes relataron que Gardella se encontraba exaltado y que en el ingreso al hotel alojamiento golpe\u00f3 con vehemencia el blindex de seguridad del lugar, por lo que la mujer que lo acompa\u00f1aba decidi\u00f3 irse.<\/p>\n<p>No obstante, de modo agresivo, el polic\u00eda comenz\u00f3 a exigirle al empleado de Mansi\u00f3n Dor\u00e9e que le diera una habitaci\u00f3n, a lo que \u00e9ste se neg\u00f3 porque el oficial no ten\u00eda acompa\u00f1ante.<\/p>\n<p>En ese momento, de acuerdo al relato de testigos, Gardella se acerc\u00f3 al auto con el que hab\u00eda ingresado al lugar, tom\u00f3 un correaje policial y comenz\u00f3 a golpear el blindex y varios objetos que hab\u00eda en el lugar.<\/p>\n<p>El empleado del hotel sali\u00f3 y pidi\u00f3 colaboraci\u00f3n a un polic\u00eda que estaba cerca, quien solicit\u00f3 apoyo ya que Gardella pod\u00eda estar armado.<\/p>\n<p>Al llegar los refuerzos al lugar, el polic\u00eda hab\u00eda logrado ingresar a una de las habitaciones y cuando sus pares intentaron reducirlo comenz\u00f3 a agredirlos, por lo que finalmente fue inmovilizado y detenido.<\/p>\n<p>Por orden del juez de Instrucci\u00f3n porte\u00f1o Santiago Quian Zaval\u00eda, el polic\u00eda fue detenido acusado de desacato y atentado y resistencia a la autoridad, por lo que ser\u00e1 indagado durante esta jornada tras ser sometido al narcotest.<\/p>\n","protected":false},"excerpt":{"rendered":"<p>\u00a0 El oficial se exalt\u00f3 ante la negativa de darle una habitaci\u00f3n para \u00e9l solo en un albergue transitorio. Tuvieron que pedir refuerzos para controlarlo. Un oficial de la Polic\u00eda de la Ciudad fue detenido y qued\u00f3 imputado en una causa por atentado y resistencia a la autoridad luego de protagonizar un esc\u00e1ndalo en un&hellip;<\/p>\n","protected":false},"author":1,"featured_media":76474,"comment_status":"open","ping_status":"open","sticky":false,"template":"","format":"standard","meta":{"footnotes":""},"categories":[22],"tags":[28347,28346,24537,4681],"class_list":["post-76473","post","type-post","status-publish","format-standard","has-post-thumbnail","hentry","category-policiales","tag-daniel-gardella","tag-mansion-doree","tag-policia-de-la-ciudad","tag-prostituta"],"_links":{"self":[{"href":"https:\/\/www.elsindical.com.ar\/notas\/wp-json\/wp\/v2\/posts\/76473","targetHints":{"allow":["GET"]}}],"collection":[{"href":"https:\/\/www.elsindical.com.ar\/notas\/wp-json\/wp\/v2\/posts"}],"about":[{"href":"https:\/\/www.elsindical.com.ar\/notas\/wp-json\/wp\/v2\/types\/post"}],"author":[{"embeddable":true,"href":"https:\/\/www.elsindical.com.ar\/notas\/wp-json\/wp\/v2\/users\/1"}],"replies":[{"embeddable":true,"href":"https:\/\/www.elsindical.com.ar\/notas\/wp-json\/wp\/v2\/comments?post=76473"}],"version-history":[{"count":1,"href":"https:\/\/www.elsindical.com.ar\/notas\/wp-json\/wp\/v2\/posts\/76473\/revisions"}],"predecessor-version":[{"id":76475,"href":"https:\/\/www.elsindical.com.ar\/notas\/wp-json\/wp\/v2\/posts\/76473\/revisions\/76475"}],"wp:featuredmedia":[{"embeddable":true,"href":"https:\/\/www.elsindical.com.ar\/notas\/wp-json\/wp\/v2\/media\/76474"}],"wp:attachment":[{"href":"https:\/\/www.elsindical.com.ar\/notas\/wp-json\/wp\/v2\/media?parent=76473"}],"wp:term":[{"taxonomy":"category","embeddable":true,"href":"https:\/\/www.elsindical.com.ar\/notas\/wp-json\/wp\/v2\/categories?post=76473"},{"taxonomy":"post_tag","embeddable":true,"href":"https:\/\/www.elsindical.com.ar\/notas\/wp-json\/wp\/v2\/tags?post=76473"}],"curies":[{"name":"wp","href":"https:\/\/api.w.org\/{rel}","templated":true}]}}