{"id":76464,"date":"2018-03-01T19:37:05","date_gmt":"2018-03-01T22:37:05","guid":{"rendered":"http:\/\/www.elsindical.com.ar\/notas\/?p=76464"},"modified":"2018-03-01T19:37:05","modified_gmt":"2018-03-01T22:37:05","slug":"avellaneda-buscan-a-una-vecina-de-wilde-perdida","status":"publish","type":"post","link":"https:\/\/www.elsindical.com.ar\/notas\/avellaneda-buscan-a-una-vecina-de-wilde-perdida\/","title":{"rendered":"Avellaneda: Buscan a una vecina de Wilde perdida"},"content":{"rendered":"<p><img loading=\"lazy\" decoding=\"async\" class=\"alignnone size-medium wp-image-18881\" src=\"http:\/\/distritalavellaneda.com.ar\/wp-content\/uploads\/2018\/03\/WhatsApp-Image-2018-03-01-at-18.5-249x300.jpg\" alt=\"\" width=\"249\" height=\"300\" \/><\/p>\n<p>COMISAR\u00cdA AVELLANEDA 5TA,<br \/>\n01 DE MARZO DE 2018, 17.00 HS. &#8211;<br \/>\nAVERIGUACI\u00d3N DE PARADERO<br \/>\nINTERVENCI\u00d3N DE LA UFIJ Nro. 03 de DESCENTRALIZADA AVELLANEDA.-<br \/>\nFecha y Hora indicada, SE HACE PRESENTE A ESTA SECCIONAL Jorge Mart\u00edn Bidegaray Yebne, argentino, de 45 a\u00f1os quien da cuanta que en el d\u00eda de la fecha intenta mantener comunicaci\u00f3n con telef\u00f3nica con su progenitora RAQUEL ELENA YEBNE, argentina, de 73 a\u00f1os, viuda, jubilada, domiciliada en la calle Pasaje Sarachaga al 5900 de este medio, siendo atendido por una voz masculina quien le refiere ser taxista de Las flores y Mitre de este medio, que en el d\u00eda de ayer 28\/02\/18 promediando las 21:00hs la causante toma el taxi de menci\u00f3n y desciende en la Plaza Alsina, al regresar el taxista consta que la causante se hab\u00eda olvidado el celular y lo tuvo en su poder, hasta que se comunicaran para recuperarlo.<\/p>\n<p>Que al momento de retirase se encontraba vistiendo un su\u00e9ter de color beige, un pantal\u00f3n que no recuerda color y cartera de la cual no recuerda color, la misma resultar\u00eda ser de contextura f\u00edsica robusta, tez blanca, ojos de negros, cabellos entrecanos ondulados cortos.<\/p>\n<p>Situaci\u00f3n esta referida mediante declaraciones testimoniales tomadas, tras ubicar el taxista a quien se lo identifica como LUIS EDUARDO, argentino, de 58 a\u00f1os, casado, instruido, taxista, ddo. este medio, el cual fue ubicado tras abocarse personal del gabinete de este elemento.<\/p>\n<p>Que asimismo se mantuvo en primera instancia comunicaci\u00f3n con la Dra. C\u00e1ceres Solange, quien dispuso en primera instancia remisi\u00f3n de lo actuado a la seccional Avellaneda 1ra, para luego disponer que se continuaran en esta las medidas de rigor pertinentes y protocolo.-<\/p>\n<p>Fdo. Subcrio Monteneri Hugo.-<\/p>\n<p><a href=\"http:\/\/distritalavellaneda.com.ar\/wp-content\/uploads\/2018\/03\/WhatsApp-Image-2018-03-01-at-18.52.jpg\"><img loading=\"lazy\" decoding=\"async\" class=\"alignnone size-medium wp-image-18882\" src=\"http:\/\/distritalavellaneda.com.ar\/wp-content\/uploads\/2018\/03\/WhatsApp-Image-2018-03-01-at-18.52-225x300.jpg\" alt=\"\" width=\"225\" height=\"300\" \/><\/a><\/p>\n<p><strong>Fuente: <a href=\"https:\/\/departamentalavellanedalanuslomas.blogspot.com.ar\/\">Jefatura Departamental Avellaneda-Lan\u00fas-Lomas<\/a><\/strong><\/p>\n","protected":false},"excerpt":{"rendered":"<p>COMISAR\u00cdA AVELLANEDA 5TA, 01 DE MARZO DE 2018, 17.00 HS. &#8211; AVERIGUACI\u00d3N DE PARADERO INTERVENCI\u00d3N DE LA UFIJ Nro. 03 de DESCENTRALIZADA AVELLANEDA.- Fecha y Hora indicada, SE HACE PRESENTE A ESTA SECCIONAL Jorge Mart\u00edn Bidegaray Yebne, argentino, de 45 a\u00f1os quien da cuanta que en el d\u00eda de la fecha intenta mantener comunicaci\u00f3n con&hellip;<\/p>\n","protected":false},"author":1,"featured_media":0,"comment_status":"open","ping_status":"open","sticky":false,"template":"","format":"standard","meta":{"footnotes":""},"categories":[26],"tags":[1508,461,1812,882],"class_list":["post-76464","post","type-post","status-publish","format-standard","hentry","category-solidaridad","tag-anciana","tag-avellaneda","tag-paradero","tag-wilde"],"_links":{"self":[{"href":"https:\/\/www.elsindical.com.ar\/notas\/wp-json\/wp\/v2\/posts\/76464","targetHints":{"allow":["GET"]}}],"collection":[{"href":"https:\/\/www.elsindical.com.ar\/notas\/wp-json\/wp\/v2\/posts"}],"about":[{"href":"https:\/\/www.elsindical.com.ar\/notas\/wp-json\/wp\/v2\/types\/post"}],"author":[{"embeddable":true,"href":"https:\/\/www.elsindical.com.ar\/notas\/wp-json\/wp\/v2\/users\/1"}],"replies":[{"embeddable":true,"href":"https:\/\/www.elsindical.com.ar\/notas\/wp-json\/wp\/v2\/comments?post=76464"}],"version-history":[{"count":1,"href":"https:\/\/www.elsindical.com.ar\/notas\/wp-json\/wp\/v2\/posts\/76464\/revisions"}],"predecessor-version":[{"id":76465,"href":"https:\/\/www.elsindical.com.ar\/notas\/wp-json\/wp\/v2\/posts\/76464\/revisions\/76465"}],"wp:attachment":[{"href":"https:\/\/www.elsindical.com.ar\/notas\/wp-json\/wp\/v2\/media?parent=76464"}],"wp:term":[{"taxonomy":"category","embeddable":true,"href":"https:\/\/www.elsindical.com.ar\/notas\/wp-json\/wp\/v2\/categories?post=76464"},{"taxonomy":"post_tag","embeddable":true,"href":"https:\/\/www.elsindical.com.ar\/notas\/wp-json\/wp\/v2\/tags?post=76464"}],"curies":[{"name":"wp","href":"https:\/\/api.w.org\/{rel}","templated":true}]}}